{"id":8502,"date":"2021-08-07T10:13:58","date_gmt":"2021-08-07T08:13:58","guid":{"rendered":"https:\/\/www.czechcyclingfederation.com\/?p=8502"},"modified":"2021-08-07T14:41:56","modified_gmt":"2021-08-07T12:41:56","slug":"tomas-babek-v-olympijskem-keirinu-nepostoupil-do-ctvrtfinale","status":"publish","type":"post","link":"https:\/\/www.czechcyclingfederation.com\/en\/tomas-babek-v-olympijskem-keirinu-nepostoupil-do-ctvrtfinale\/","title":{"rendered":"Tom\u00e1\u0161 B\u00e1bek v olympijsk\u00e9m keirinu nepostoupil do \u010dtvrtfin\u00e1le"},"content":{"rendered":"\n<p>Tom\u00e1\u0161 B\u00e1bek se do\u010dkal a po st\u0159ede\u010dn\u00edch sprintech p\u0159i\u0161la na \u0159adu jeho obl\u00edben\u00e1 discipl\u00edna, kterou je keirin. Konkr\u00e9tn\u011b \u00favodn\u00ed kolo, pak i opravn\u00e9 j\u00edzdy. V ned\u011bli, kdy je na programu posledn\u00ed den olympi\u00e1dy, se v jedou keirinu \u010dtvrtfin\u00e1le, semifin\u00e1le a boje o medaile.<\/p>\n\n\n\n<p><strong>Tom\u00e1\u0161 <\/strong>nastoupil do posledn\u00edho \u00favodn\u00edho kola s&nbsp;po\u0159adov\u00fdm \u010d\u00edslem 5. Podle pap\u00edrov\u00fdch p\u0159edpoklad\u016f byl jeho nejv\u011bt\u0161\u00edm soupe\u0159em na \u00favod Yuta Wakimoto, \u00fa\u0159aduj\u00edc\u00ed vicemistr pr\u00e1v\u011b v&nbsp;keirinu. Tom\u00e1\u0161 svou rozj\u00ed\u017e\u010fku dokon\u010dil na nepostupov\u00e9m 4. m\u00edst\u011b a bylo jasn\u00e9, \u017ee se o postup do \u010dtvrtfin\u00e1le bude muset poprat v n\u00e1sledn\u00fdch oprav\u00e1ch. <\/p>\n\n\n\n<p>Z n\u00e1sledn\u00fdch oprav postupovali tak\u00e9 nejlep\u0161\u00ed dva a bohu\u017eel ani v t\u00e9to j\u00edzd\u011b Tom\u00e1\u0161 nevybojoval jedno z postupov\u00fdch m\u00edst, a tak olympijsk\u00e9 hry pro Tom\u00e1\u0161e kon\u010d\u00ed u\u017e dnes&#8230;Po sv\u00e9m z\u00e1polen\u00ed k tomu dodal: &#8220;Nemysl\u00edm, \u017ee tam bylo n\u011bco extr\u00e9mn\u011b \u0161patn\u011b. Co ale vn\u00edm\u00e1m jako dost nef\u00e9r, je to, \u017ee jsem jel posledn\u00ed rozj\u00ed\u017e\u010fku a hned m\u011b nasadili do prvn\u00ed opravy. Tak\u017ee jsem m\u011bl patn\u00e1ct minut a nestihl zregenerovat, jak bych pot\u0159eboval, proto\u017ee nohy v prvn\u00ed j\u00edzd\u011b byly super.&#8221;<\/p>\n\n\n\n<p>Nutno dodat, \u017ee opravnou j\u00edzdu poznamenal kontakt s Kwesim Brownem. Ten Tom\u00e1\u0161e vynesl z ide\u00e1ln\u00ed stopy, naopak Brown pokra\u010doval, radoval se z v\u00fdhry, a z\u00edtra bude pokra\u010dovat v boji. &#8220;Nem\u016f\u017eu to skr\u00fdvat, je to zklam\u00e1n\u00ed. Na druhou stranu v\u00edm, \u017ee jsem ud\u011blal maximum, dal jsem do toho v\u0161echno. Takov\u00fd je prost\u011b keirin, je nevyzpytateln\u00fd.&#8221;<br><\/p>\n\n\n\n<p>Zlato v Tokiu obhajuje Jason Kenny z\u00a0Velk\u00e9 Brit\u00e1nie, kter\u00fd u\u017e jednu medaili z\u00a0t\u011bchto olympijsk\u00fdch her m\u00e1. Cenn\u00fd kov je to ale st\u0159\u00edbrn\u00fd, a r\u00e1d by i kov nejcenn\u011bj\u0161\u00ed. Ale keirin pod p\u011bti kruhy m\u00e1 \u0161ir\u0161\u00ed okruh favorit\u016f. Mezi n\u011b \u0159ad\u00ed t\u0159eba dal\u0161\u00ed medailista z\u00a0uplynul\u00fdch her, Nizozemec B\u00fcchli, ten ov\u0161em kon\u010d\u00ed u\u017e po oprav\u00e1ch, ale nesm\u00edme opomenout ani dom\u00e1c\u00ed z\u00e1vodn\u00edky.<\/p>\n\n\n\n<p><em>V\u00fdsledky j\u00edzd s <\/em><strong><em>Tom\u00e1\u0161em B\u00e1bkem<\/em><\/strong><em>:<\/em><\/p>\n\n\n\n<p><strong>1. kolo (5. j\u00edzda)<\/strong>:<br><br>1. Yuta Wakimoto (JAP) <strong>Q<\/strong><br>2. Callum Saunders (NZL) <strong>Q<\/strong><br>3. Kevin Santiago Chavarro Quintero (COL)<br>4. Tom\u00e1\u0161 B\u00e1bek (CZE)<br>5. Nick Wammes (CAN)<br>6. Jair Tjon En Fa (SUR)<\/p>\n\n\n\n<p><strong>Opravy (1. j\u00edzda):<\/strong><br><br>1. Kwesi Browne (TTO) <strong>Q<\/strong><br>2. Muhammad Shah Firdaus Sahrom (MAL) <strong>Q<\/strong><br>3. Sebastien Vigier (FRA)<br>4. Tom\u00e1\u0161 B\u00e1bek (CZE)<br>5. Chao Xu (CHN)<\/p>\n","protected":false},"excerpt":{"rendered":"<p>Tom\u00e1\u0161 B\u00e1bek se do\u010dkal a po st\u0159ede\u010dn\u00edch sprintech p\u0159i\u0161la na \u0159adu jeho obl\u00edben\u00e1 discipl\u00edna, kterou je keirin. Konkr\u00e9tn\u011b \u00favodn\u00ed kolo, pak i opravn\u00e9 j\u00edzdy. V ned\u011bli, kdy je na programu posledn\u00ed den olympi\u00e1dy, se v jedou keirinu \u010dtvrtfin\u00e1le, semifin\u00e1le a boje o medaile. Tom\u00e1\u0161 nastoupil do posledn\u00edho \u00favodn\u00edho kola s&nbsp;po\u0159adov\u00fdm \u010d\u00edslem 5. Podle pap\u00edrov\u00fdch p\u0159edpoklad\u016f [&hellip;]<\/p>\n","protected":false},"author":1,"featured_media":8507,"comment_status":"closed","ping_status":"open","sticky":false,"template":"","format":"standard","meta":{"footnotes":""},"categories":[105,54,2,103],"tags":[9],"class_list":["post-8502","post","type-post","status-publish","format-standard","has-post-thumbnail","hentry","category-draha-reprezentace","category-draha","category-novinky","category-reprezentace","tag-draha"],"_links":{"self":[{"href":"https:\/\/www.czechcyclingfederation.com\/en\/wp-json\/wp\/v2\/posts\/8502","targetHints":{"allow":["GET"]}}],"collection":[{"href":"https:\/\/www.czechcyclingfederation.com\/en\/wp-json\/wp\/v2\/posts"}],"about":[{"href":"https:\/\/www.czechcyclingfederation.com\/en\/wp-json\/wp\/v2\/types\/post"}],"author":[{"embeddable":true,"href":"https:\/\/www.czechcyclingfederation.com\/en\/wp-json\/wp\/v2\/users\/1"}],"replies":[{"embeddable":true,"href":"https:\/\/www.czechcyclingfederation.com\/en\/wp-json\/wp\/v2\/comments?post=8502"}],"version-history":[{"count":31,"href":"https:\/\/www.czechcyclingfederation.com\/en\/wp-json\/wp\/v2\/posts\/8502\/revisions"}],"predecessor-version":[{"id":8544,"href":"https:\/\/www.czechcyclingfederation.com\/en\/wp-json\/wp\/v2\/posts\/8502\/revisions\/8544"}],"wp:featuredmedia":[{"embeddable":true,"href":"https:\/\/www.czechcyclingfederation.com\/en\/wp-json\/wp\/v2\/media\/8507"}],"wp:attachment":[{"href":"https:\/\/www.czechcyclingfederation.com\/en\/wp-json\/wp\/v2\/media?parent=8502"}],"wp:term":[{"taxonomy":"category","embeddable":true,"href":"https:\/\/www.czechcyclingfederation.com\/en\/wp-json\/wp\/v2\/categories?post=8502"},{"taxonomy":"post_tag","embeddable":true,"href":"https:\/\/www.czechcyclingfederation.com\/en\/wp-json\/wp\/v2\/tags?post=8502"}],"curies":[{"name":"wp","href":"https:\/\/api.w.org\/{rel}","templated":true}]}}