{"id":8431,"date":"2021-08-03T08:43:40","date_gmt":"2021-08-03T06:43:40","guid":{"rendered":"https:\/\/www.czechcyclingfederation.com\/?p=8431"},"modified":"2021-08-03T09:01:11","modified_gmt":"2021-08-03T07:01:11","slug":"tomas-babek-jde-do-boje-budou-se-tu-jezdit-bomby","status":"publish","type":"post","link":"https:\/\/www.czechcyclingfederation.com\/en\/tomas-babek-jde-do-boje-budou-se-tu-jezdit-bomby\/","title":{"rendered":"Tom\u00e1\u0161 B\u00e1bek jde do boje: Budou se tu jezdit bomby"},"content":{"rendered":"\n<p>U\u017e ve st\u0159edu zas\u00e1hne na olympi\u00e1d\u011b do boj\u016f dr\u00e1ha\u0159 Tom\u00e1\u0161 B\u00e1bek. Nejprve ho \u010dek\u00e1 sprint a o v\u00edkendu p\u0159ijde jeho par\u00e1dn\u00ed discipl\u00edna keirin, kde pat\u0159\u00ed do okruhu&nbsp;adept\u016f na n\u011bkterou z&nbsp;medail\u00ed. \u201eP\u0159\u00edprava nebyla kv\u016fli Covidu bez komplikac\u00ed, ale budu se rv\u00e1t,\u201c slibuje dr\u00e1ha\u0159 Dukly Brno.<\/p>\n\n\n\n<p>V&nbsp;Japonsku dva roky \u017eil a tr\u00e9noval, tak\u017ee prost\u0159ed\u00ed v&nbsp;zemi vych\u00e1zej\u00edc\u00edho slunce i velodrom v&nbsp;Izu dob\u0159e zn\u00e1. \u201eKousek odtud jsem bydlel, ale bohu\u017eel, v\u0161echna ta m\u00edsta vid\u00edm jen z&nbsp;autobusu. Nikam nem\u016f\u017eeme. A v&nbsp;na\u0161\u00ed vesni\u010dce se c\u00edt\u00edme sp\u00ed\u0161 jako na sv\u011b\u0165\u00e1ku, proto\u017ee jsme tu jen dr\u00e1hov\u00ed cyklist\u00e9 a v\u0161ichni se zn\u00e1me,\u201c \u0159\u00edk\u00e1 B\u00e1bek.<\/p>\n\n\n\n<p>\u201eVelodrom zn\u00e1m docela dob\u0159e, ale t\u0159i roky jsem tu nejezdil. Vym\u011bnili na n\u011bm d\u0159evo a musel jsem si na to v&nbsp;tr\u00e9ninku zvykat. Povrch dob\u0159e dr\u017e\u00ed a je velice rychl\u00fd. To je v\u00fdhoda, budou se tady jezdit bomby. Mn\u011b to jezd\u00ed dob\u0159e, ale i ostatn\u00edm. Bude to velk\u00e1 bitva,\u201c odhaduje.<\/p>\n\n\n\n<p>P\u0159\u00edpravu v\u0161em dr\u00e1ha\u0159\u016fm hodn\u011b naru\u0161il Covid. \u201eProto s&nbsp;n\u00ed moc spokojen nejsem, ale byly to v\u011bci, kter\u00e9 jsme nemohli ovlivnit. V r\u00e1mci mo\u017enost\u00ed jsme makali na sto procent. P\u0159es v\u0161echny \u0161lamastyky, kam \u0159ad\u00edm i odsunut\u00ed olympi\u00e1dy, jsme p\u0159\u00edpravu vyu\u017eili na maximum,\u201c \u0159\u00edk\u00e1 34let\u00fd zku\u0161en\u00fd borec, kter\u00fd je mistrem Evropy v&nbsp;keirinu z&nbsp;roku 2016.<\/p>\n\n\n\n<p>Dlouho nem\u011bl ani nov\u00fd materi\u00e1l. \u201eZa kolo jsem zaplatil t\u0159i \u010dtvrt\u011b roku p\u0159edem, pak jsem je musel p\u0159emlouvat, aby mi to poslali. Nakonec jsme ho dostali. Na\u0161tvalo m\u011b to, ale \u010dlov\u011bk nechce \u017e\u00edt jednoduch\u00fd \u017eivot. Bez p\u0159ek\u00e1\u017eek, to by nebyla z\u00e1bava,\u201c m\u00e1vne rukou.<\/p>\n\n\n\n<p>Ru\u0161ily se z\u00e1vody, naposled z\u00e1vodil p\u0159ed dev\u00edti m\u011bs\u00edci. \u201eT\u00edm je to t\u011b\u017ek\u00e9. Aspo\u0148 jsme si t\u011bsn\u011b p\u0159ed olympi\u00e1dou ud\u011blali s&nbsp;klukama dvoudenn\u00ed z\u00e1vody v&nbsp;Bulharsku, kde jsem si fakt s\u00e1hl na dno,\u201c prozradil B\u00e1bek.<\/p>\n\n\n\n<p>N\u011bjak\u00e9 z\u00e1vody sice v&nbsp;Evrop\u011b prob\u011bhly, i kdy\u017e neofici\u00e1ln\u00ed, ale \u010cesko tam chyb\u011blo. \u201eBohu\u017eel n\u00e1s nepozvali. Uspo\u0159\u00e1dali to N\u011bmci, pozvali si tam Holan\u010fany, Francouze, Brity. Pak to je\u0161t\u011b ud\u011blali Holan\u010fani a taky si tam pozvali jen z\u00e1pa\u010f\u00e1ky. My o tom v\u011bd\u011bli, ale co jsme s t\u00edm mohli d\u011blat, dostat jsme se tam nemohli. Tak jsme aspo\u0148 z d\u00e1lky p\u0159es na\u0161e kontakty zjistili, jak\u00e9 se tam jezdily \u010dasy. My tr\u00e9novali v Brn\u011b na velodromu, no,\u201c m\u00e1vne rukou \u010desk\u00e1 medailov\u00e1 nad\u011bje.<\/p>\n\n\n\n<p>Proto\u017ee chyb\u011bla v\u011bt\u0161\u00ed konfrontace se soupe\u0159i, z\u00e1vody budou hodn\u011b otev\u0159en\u00e9. \u201eNikdo v&nbsp;podstat\u011b nev\u00ed, co m\u00e1 \u010dekat. Ka\u017ed\u00fd bude ve vynikaj\u00edc\u00ed form\u011b. Okukujeme se, ale z&nbsp;\u010dasu na tr\u00e9ninku se toho moc nevypozoruje,\u201c tvrd\u00ed B\u00e1bek.<\/p>\n\n\n\n<p>Proto nechce d\u011blat konkr\u00e9tn\u00ed progn\u00f3zy. \u201eSprint nen\u00ed \u00fapln\u011b moje siln\u00e1 discipl\u00edna, ale hodn\u011b jsem se zlep\u0161il. Pokud se v\u0161e zada\u0159\u00ed a zopakuju \u010dasy z tr\u00e9ninku, tak by to mohlo b\u00fdt zaj\u00edmav\u00e9 v r\u00e1mci m\u00fdch osobn\u00edch rekord\u016f, a pak by se to dalo pou\u017e\u00edt do keirinu,\u201c vzhl\u00ed\u017e\u00ed u\u017e k&nbsp;discipl\u00edn\u011b, kde bude m\u00edt daleko vy\u0161\u0161\u00ed ambice.<\/p>\n\n\n\n<p>\u201eDaj\u00ed se \u010dekat velk\u00e9 souboje, velk\u00e1 p\u0159etahovan\u00e1. Na bedn\u011b m\u016f\u017ee st\u00e1t v&nbsp;keirinu kdokoliv z&nbsp;t\u011bch, co tu jsou. Japonci maj\u00ed dva velk\u00e9 favority. Jsou tu kluci, kte\u0159\u00ed vyhr\u00e1li sv\u011b\u0165\u00e1k, mistrovstv\u00ed sv\u011bta, mistrovstv\u00ed Evropy. Sta\u010d\u00ed \u0161patn\u00fd timing \u00fatoku a v\u0161echno p\u0159ijde vnive\u010d,\u201c odhaduje B\u00e1bek.<\/p>\n\n\n\n<p>T\u011b\u0161\u00ed se na atmosf\u00e9ru, proto\u017ee v prefektu\u0159e \u0160izuoka, kde se Izu nach\u00e1z\u00ed, nen\u00ed nouzov\u00fd stav. A tak japon\u0161t\u00ed fanou\u0161ci mohou do hledi\u0161t\u011b. \u201eJsem za to moc r\u00e1d. Vzhledem k&nbsp;tomu, \u017ee jsem tu dva roky z\u00e1vodil, tak t\u0159eba usly\u0161\u00edm svoje jm\u00e9no, i kdy\u017e se sem v\u011bt\u0161ina m\u00fdch japonsk\u00fdch kamar\u00e1d\u016f nedostala\u2026\u201c<\/p>\n\n\n\n<p>Foto: Iva Roh\u00e1\u010dkov\u00e1, \u010cOV<\/p>\n\n\n\n<figure class=\"wp-block-image size-large\"><img decoding=\"async\" src=\"https:\/\/www.czechcyclingfederation.com\/wp-content\/uploads\/2021\/08\/Toma\u0301s\u030c-Ba\u0301bek-dra\u0301hova\u0301-cyklistika-odlet-do-Tokio2020-22-894x1024.jpg\" alt=\"\" class=\"wp-image-8433\"\/><\/figure>\n\n\n\n<figure class=\"wp-block-image size-large\"><img decoding=\"async\" src=\"https:\/\/www.czechcyclingfederation.com\/wp-content\/uploads\/2021\/08\/Toma\u0301s\u030c-Ba\u0301bek-dra\u0301hova\u0301-cyklistika-odlet-do-Tokio2020-14-1-1024x622.jpg\" alt=\"\" class=\"wp-image-8438\"\/><\/figure>\n\n\n\n<figure class=\"wp-block-image size-large\"><img decoding=\"async\" src=\"https:\/\/www.czechcyclingfederation.com\/wp-content\/uploads\/2021\/08\/Evropske\u0301-hry-Minsk-2019_high-1024x683.jpg\" alt=\"\" class=\"wp-image-8439\"\/><\/figure>\n","protected":false},"excerpt":{"rendered":"<p>U\u017e ve st\u0159edu zas\u00e1hne na olympi\u00e1d\u011b do boj\u016f dr\u00e1ha\u0159 Tom\u00e1\u0161 B\u00e1bek. Nejprve ho \u010dek\u00e1 sprint a o v\u00edkendu p\u0159ijde jeho par\u00e1dn\u00ed discipl\u00edna keirin, kde pat\u0159\u00ed do okruhu&nbsp;adept\u016f na n\u011bkterou z&nbsp;medail\u00ed. \u201eP\u0159\u00edprava nebyla kv\u016fli Covidu bez komplikac\u00ed, ale budu se rv\u00e1t,\u201c slibuje dr\u00e1ha\u0159 Dukly Brno. V&nbsp;Japonsku dva roky \u017eil a tr\u00e9noval, tak\u017ee prost\u0159ed\u00ed v&nbsp;zemi vych\u00e1zej\u00edc\u00edho slunce [&hellip;]<\/p>\n","protected":false},"author":15,"featured_media":0,"comment_status":"closed","ping_status":"open","sticky":false,"template":"","format":"standard","meta":{"footnotes":""},"categories":[54,105,2,103],"tags":[9],"class_list":["post-8431","post","type-post","status-publish","format-standard","hentry","category-draha","category-draha-reprezentace","category-novinky","category-reprezentace","tag-draha"],"_links":{"self":[{"href":"https:\/\/www.czechcyclingfederation.com\/en\/wp-json\/wp\/v2\/posts\/8431","targetHints":{"allow":["GET"]}}],"collection":[{"href":"https:\/\/www.czechcyclingfederation.com\/en\/wp-json\/wp\/v2\/posts"}],"about":[{"href":"https:\/\/www.czechcyclingfederation.com\/en\/wp-json\/wp\/v2\/types\/post"}],"author":[{"embeddable":true,"href":"https:\/\/www.czechcyclingfederation.com\/en\/wp-json\/wp\/v2\/users\/15"}],"replies":[{"embeddable":true,"href":"https:\/\/www.czechcyclingfederation.com\/en\/wp-json\/wp\/v2\/comments?post=8431"}],"version-history":[{"count":0,"href":"https:\/\/www.czechcyclingfederation.com\/en\/wp-json\/wp\/v2\/posts\/8431\/revisions"}],"wp:attachment":[{"href":"https:\/\/www.czechcyclingfederation.com\/en\/wp-json\/wp\/v2\/media?parent=8431"}],"wp:term":[{"taxonomy":"category","embeddable":true,"href":"https:\/\/www.czechcyclingfederation.com\/en\/wp-json\/wp\/v2\/categories?post=8431"},{"taxonomy":"post_tag","embeddable":true,"href":"https:\/\/www.czechcyclingfederation.com\/en\/wp-json\/wp\/v2\/tags?post=8431"}],"curies":[{"name":"wp","href":"https:\/\/api.w.org\/{rel}","templated":true}]}}