{"id":8408,"date":"2021-08-01T14:03:51","date_gmt":"2021-08-01T12:03:51","guid":{"rendered":"https:\/\/www.czechcyclingfederation.com\/?p=8408"},"modified":"2021-08-01T14:03:53","modified_gmt":"2021-08-01T12:03:53","slug":"mladi-cesi-kralovali-zavodu-regionem-orlicka","status":"publish","type":"post","link":"https:\/\/www.czechcyclingfederation.com\/en\/mladi-cesi-kralovali-zavodu-regionem-orlicka\/","title":{"rendered":"Mlad\u00ed \u010ce\u0161i kralovali z\u00e1vodu Regionem Orlicka"},"content":{"rendered":"\n<p>Skv\u011bl\u00e9 vystoupen\u00ed p\u0159edvedli mlad\u00ed \u010de\u0161t\u00ed jezdci v\u00a0tradi\u010dn\u00edm juniorsk\u00e9m z\u00e1vodu Regioem Orlicka.V kvalitn\u00ed zahrani\u010dn\u00ed konkurenci dominovali. V\u00edt\u011bzstv\u00ed vybojoval Maty\u00e1\u0161 Kopeck\u00fd startuj\u00edc\u00ed v\u00a0barv\u00e1ch t\u00fdmu Acrog-Tormans BC. O \u010dty\u0159i vte\u0159iny za n\u00edm skon\u010dil Pavel Nov\u00e1k (TUFO Pardus Prost\u011bjov).<\/p>\n\n\n\n<p>Do des\u00edtky nejlep\u0161\u00edch ve ve\u0161li je\u0161t\u011b \u010dtvrt\u00fd Milan Kadlec (MIX Dukla Praha), p\u00e1t\u00fd \u0160t\u011bp\u00e1n Teleck\u00fd (TJ Favorit Brno), sedm\u00fd Adam Seeman (MIX Team Stadion Louny) a dev\u00e1t\u00fd Daniel Sporysch(Roman Kreuziger Cycling Academy). Kopeck\u00fd nav\u00edc vyhr\u00e1l i bodovac\u00ed sout\u011b\u017e, ve vrcha\u0159sk\u00e9 sout\u011b\u017ei byl nejlep\u0161\u00ed Kadlec.<\/p>\n\n\n\n<p>Dom\u00e1c\u00ed jezdci vybojovali i dal\u0161\u00ed d\u00edl\u010d\u00ed \u00fasp\u011bchy, Nov\u00e1k vyhr\u00e1l druhou etapu, \u010dasovku na 9,2 km, Seeman t\u0159et\u00ed a Daniel Mr\u00e1z (Mapei Merida Ka\u0148kovsk\u00fd) z\u00e1v\u011bre\u010dnou \u010dtvrtou.<\/p>\n\n\n\n<p>V\u00fdsledky:<\/p>\n\n\n\n<p>1. etapa (76,8 km):<\/p>\n\n\n\n<p>1. Genzmer (N\u011bm.) 1:52:57, 2. Sporysch (Roman Kreuziger Cycling Academy), 3. Fiala (\u010cEZ Cylo team T\u00e1bor), 4. M. Kopeck\u00fd (Acrog-Tormans BC) +4, 5. Kadlec (Dukla Praha), 6. de Moyer (Belg.) v\u0161ichni +4.<\/p>\n\n\n\n<p>2. etapa &#8211; (\u010dasovka 9,2 km):<\/p>\n\n\n\n<p>1. Nov\u00e1k (TUFO Pardus Prost\u011bjov) 11:50, 2. H\u00f6randtner (Rak.) +0,77, 3. Halbmayer (Rak.) +3, 4. Teleck\u00fd (Favorit Brno) +5, 5. Purstcheller (Rak.) +6, 6. M. Kopeck\u00fd +7.<\/p>\n\n\n\n<p>3. etapa (71 km):<\/p>\n\n\n\n<p>1. Seeman (MIX Team Stadion Louny) 1:48:42, 2. M. Kopeck\u00fd, 3. Sporysch, 4. Dockx (Belg.), 5. Kadlec, 6. Sivok (SR) v\u0161ichni +3.<\/p>\n\n\n\n<p>4. etapa (85,1 km):<\/p>\n\n\n\n<p>1. Mr\u00e1z (Mapei Merida Ka\u0148kovsk\u00fd) 2:02:32, 2. Dockx (Belg.), 3. Vrb\u00edk (SR), 4. M. Kopeck\u00fd, \u20266. Sporysch, 7. Seeman v\u0161ichni stejn\u00fd \u010das.<\/p>\n\n\n\n<p>Kone\u010dn\u00e9 po\u0159ad\u00ed:<\/p>\n\n\n\n<p>1. M. Kopeck\u00fd 5:56:04, 2. Nov\u00e1k (TUFO Pardus Prost\u011bjov) +4, 3. Genzmer (N\u011bm.) +6, 4. Kadlec (MIX Dukla Praha) +9, 5. Teleck\u00fd +10, 6. Dockx +11, 7. Seeman +20, &#8230;9. Sporysch +27, 11. Str\u00e1nsk\u00fd (Brilon Racing Team MB) +32, 12. Mr\u00e1z +38, 15. B\u00e1rta (MIX Team Stadion Louny) +1:00.<\/p>\n\n\n\n<p>FOTO Jan Brychta<\/p>\n\n\n\n<figure class=\"wp-block-image size-large\"><img loading=\"lazy\" decoding=\"async\" width=\"1024\" height=\"681\" src=\"https:\/\/www.czechcyclingfederation.com\/wp-content\/uploads\/2021\/08\/BrychtaJan_Regionem_Orlicka_20210801_085920_DSC_6687-1024x681.jpg\" alt=\"\" class=\"wp-image-8410\" srcset=\"https:\/\/www.czechcyclingfederation.com\/wp-content\/uploads\/2021\/08\/BrychtaJan_Regionem_Orlicka_20210801_085920_DSC_6687-1024x681.jpg 1024w, https:\/\/www.czechcyclingfederation.com\/wp-content\/uploads\/2021\/08\/BrychtaJan_Regionem_Orlicka_20210801_085920_DSC_6687-300x200.jpg 300w, https:\/\/www.czechcyclingfederation.com\/wp-content\/uploads\/2021\/08\/BrychtaJan_Regionem_Orlicka_20210801_085920_DSC_6687-768x511.jpg 768w, https:\/\/www.czechcyclingfederation.com\/wp-content\/uploads\/2021\/08\/BrychtaJan_Regionem_Orlicka_20210801_085920_DSC_6687-1536x1022.jpg 1536w, https:\/\/www.czechcyclingfederation.com\/wp-content\/uploads\/2021\/08\/BrychtaJan_Regionem_Orlicka_20210801_085920_DSC_6687-1320x878.jpg 1320w, https:\/\/www.czechcyclingfederation.com\/wp-content\/uploads\/2021\/08\/BrychtaJan_Regionem_Orlicka_20210801_085920_DSC_6687.jpg 2000w\" sizes=\"auto, (max-width: 1024px) 100vw, 1024px\" \/><\/figure>\n\n\n\n<figure class=\"wp-block-image size-large\"><img loading=\"lazy\" decoding=\"async\" width=\"1024\" height=\"681\" src=\"https:\/\/www.czechcyclingfederation.com\/wp-content\/uploads\/2021\/08\/BrychtaJan_Regionem_Orlicka_20210801_100434_DSC_6787-1024x681.jpg\" alt=\"\" class=\"wp-image-8411\" srcset=\"https:\/\/www.czechcyclingfederation.com\/wp-content\/uploads\/2021\/08\/BrychtaJan_Regionem_Orlicka_20210801_100434_DSC_6787-1024x681.jpg 1024w, https:\/\/www.czechcyclingfederation.com\/wp-content\/uploads\/2021\/08\/BrychtaJan_Regionem_Orlicka_20210801_100434_DSC_6787-300x200.jpg 300w, https:\/\/www.czechcyclingfederation.com\/wp-content\/uploads\/2021\/08\/BrychtaJan_Regionem_Orlicka_20210801_100434_DSC_6787-768x511.jpg 768w, https:\/\/www.czechcyclingfederation.com\/wp-content\/uploads\/2021\/08\/BrychtaJan_Regionem_Orlicka_20210801_100434_DSC_6787-1536x1022.jpg 1536w, https:\/\/www.czechcyclingfederation.com\/wp-content\/uploads\/2021\/08\/BrychtaJan_Regionem_Orlicka_20210801_100434_DSC_6787-1320x878.jpg 1320w, https:\/\/www.czechcyclingfederation.com\/wp-content\/uploads\/2021\/08\/BrychtaJan_Regionem_Orlicka_20210801_100434_DSC_6787.jpg 2000w\" sizes=\"auto, (max-width: 1024px) 100vw, 1024px\" \/><\/figure>\n\n\n\n<figure class=\"wp-block-image size-large\"><img loading=\"lazy\" decoding=\"async\" width=\"1024\" height=\"684\" src=\"https:\/\/www.czechcyclingfederation.com\/wp-content\/uploads\/2021\/08\/BrychtaJan_Regionem_Orlicka_20210801_102441_DSC_1945-1024x684.jpg\" alt=\"\" class=\"wp-image-8412\" srcset=\"https:\/\/www.czechcyclingfederation.com\/wp-content\/uploads\/2021\/08\/BrychtaJan_Regionem_Orlicka_20210801_102441_DSC_1945-1024x684.jpg 1024w, https:\/\/www.czechcyclingfederation.com\/wp-content\/uploads\/2021\/08\/BrychtaJan_Regionem_Orlicka_20210801_102441_DSC_1945-300x200.jpg 300w, https:\/\/www.czechcyclingfederation.com\/wp-content\/uploads\/2021\/08\/BrychtaJan_Regionem_Orlicka_20210801_102441_DSC_1945-768x513.jpg 768w, https:\/\/www.czechcyclingfederation.com\/wp-content\/uploads\/2021\/08\/BrychtaJan_Regionem_Orlicka_20210801_102441_DSC_1945-1536x1025.jpg 1536w, https:\/\/www.czechcyclingfederation.com\/wp-content\/uploads\/2021\/08\/BrychtaJan_Regionem_Orlicka_20210801_102441_DSC_1945-1320x881.jpg 1320w, https:\/\/www.czechcyclingfederation.com\/wp-content\/uploads\/2021\/08\/BrychtaJan_Regionem_Orlicka_20210801_102441_DSC_1945.jpg 2000w\" sizes=\"auto, (max-width: 1024px) 100vw, 1024px\" \/><\/figure>\n\n\n\n<figure class=\"wp-block-image size-large\"><img loading=\"lazy\" decoding=\"async\" width=\"1024\" height=\"681\" src=\"https:\/\/www.czechcyclingfederation.com\/wp-content\/uploads\/2021\/08\/BrychtaJan_Regionem_Orlicka_20210801_110202_DSC_6976-1024x681.jpg\" alt=\"\" class=\"wp-image-8413\" srcset=\"https:\/\/www.czechcyclingfederation.com\/wp-content\/uploads\/2021\/08\/BrychtaJan_Regionem_Orlicka_20210801_110202_DSC_6976-1024x681.jpg 1024w, https:\/\/www.czechcyclingfederation.com\/wp-content\/uploads\/2021\/08\/BrychtaJan_Regionem_Orlicka_20210801_110202_DSC_6976-300x200.jpg 300w, https:\/\/www.czechcyclingfederation.com\/wp-content\/uploads\/2021\/08\/BrychtaJan_Regionem_Orlicka_20210801_110202_DSC_6976-768x511.jpg 768w, https:\/\/www.czechcyclingfederation.com\/wp-content\/uploads\/2021\/08\/BrychtaJan_Regionem_Orlicka_20210801_110202_DSC_6976-1536x1022.jpg 1536w, https:\/\/www.czechcyclingfederation.com\/wp-content\/uploads\/2021\/08\/BrychtaJan_Regionem_Orlicka_20210801_110202_DSC_6976-1320x878.jpg 1320w, https:\/\/www.czechcyclingfederation.com\/wp-content\/uploads\/2021\/08\/BrychtaJan_Regionem_Orlicka_20210801_110202_DSC_6976.jpg 2000w\" sizes=\"auto, (max-width: 1024px) 100vw, 1024px\" \/><\/figure>\n","protected":false},"excerpt":{"rendered":"<p>Skv\u011bl\u00e9 vystoupen\u00ed p\u0159edvedli mlad\u00ed \u010de\u0161t\u00ed jezdci v\u00a0tradi\u010dn\u00edm juniorsk\u00e9m z\u00e1vodu Regioem Orlicka.V kvalitn\u00ed zahrani\u010dn\u00ed konkurenci dominovali. V\u00edt\u011bzstv\u00ed vybojoval Maty\u00e1\u0161 Kopeck\u00fd startuj\u00edc\u00ed v\u00a0barv\u00e1ch t\u00fdmu Acrog-Tormans BC. O \u010dty\u0159i vte\u0159iny za n\u00edm skon\u010dil Pavel Nov\u00e1k (TUFO Pardus Prost\u011bjov). Do des\u00edtky nejlep\u0161\u00edch ve ve\u0161li je\u0161t\u011b \u010dtvrt\u00fd Milan Kadlec (MIX Dukla Praha), p\u00e1t\u00fd \u0160t\u011bp\u00e1n Teleck\u00fd (TJ Favorit Brno), sedm\u00fd Adam [&hellip;]<\/p>\n","protected":false},"author":8,"featured_media":8409,"comment_status":"closed","ping_status":"open","sticky":false,"template":"","format":"standard","meta":{"footnotes":""},"categories":[2,18],"tags":[11],"class_list":["post-8408","post","type-post","status-publish","format-standard","has-post-thumbnail","hentry","category-novinky","category-silnice","tag-silnice"],"_links":{"self":[{"href":"https:\/\/www.czechcyclingfederation.com\/en\/wp-json\/wp\/v2\/posts\/8408","targetHints":{"allow":["GET"]}}],"collection":[{"href":"https:\/\/www.czechcyclingfederation.com\/en\/wp-json\/wp\/v2\/posts"}],"about":[{"href":"https:\/\/www.czechcyclingfederation.com\/en\/wp-json\/wp\/v2\/types\/post"}],"author":[{"embeddable":true,"href":"https:\/\/www.czechcyclingfederation.com\/en\/wp-json\/wp\/v2\/users\/8"}],"replies":[{"embeddable":true,"href":"https:\/\/www.czechcyclingfederation.com\/en\/wp-json\/wp\/v2\/comments?post=8408"}],"version-history":[{"count":1,"href":"https:\/\/www.czechcyclingfederation.com\/en\/wp-json\/wp\/v2\/posts\/8408\/revisions"}],"predecessor-version":[{"id":8414,"href":"https:\/\/www.czechcyclingfederation.com\/en\/wp-json\/wp\/v2\/posts\/8408\/revisions\/8414"}],"wp:featuredmedia":[{"embeddable":true,"href":"https:\/\/www.czechcyclingfederation.com\/en\/wp-json\/wp\/v2\/media\/8409"}],"wp:attachment":[{"href":"https:\/\/www.czechcyclingfederation.com\/en\/wp-json\/wp\/v2\/media?parent=8408"}],"wp:term":[{"taxonomy":"category","embeddable":true,"href":"https:\/\/www.czechcyclingfederation.com\/en\/wp-json\/wp\/v2\/categories?post=8408"},{"taxonomy":"post_tag","embeddable":true,"href":"https:\/\/www.czechcyclingfederation.com\/en\/wp-json\/wp\/v2\/tags?post=8408"}],"curies":[{"name":"wp","href":"https:\/\/api.w.org\/{rel}","templated":true}]}}