{"id":8387,"date":"2021-07-28T14:42:51","date_gmt":"2021-07-28T12:42:51","guid":{"rendered":"https:\/\/www.czechcyclingfederation.com\/?p=8387"},"modified":"2021-07-28T14:42:53","modified_gmt":"2021-07-28T12:42:53","slug":"etapovy-zavod-sazka-tour-startuje-jiz-za-tyden","status":"publish","type":"post","link":"https:\/\/www.czechcyclingfederation.com\/en\/etapovy-zavod-sazka-tour-startuje-jiz-za-tyden\/","title":{"rendered":"Etapov\u00fd z\u00e1vod  SAZKA Tour startuje ji\u017e za t\u00fdden"},"content":{"rendered":"\n<p>T\u0159in\u00e1ct\u00fd ro\u010dn\u00edk etapov\u00e9ho z\u00e1vodu prvn\u00ed kategorie UCI letos poprv\u00e9 startuje pod n\u00e1zvem SAZKA Tour a pojede se od 5. do 8. srpna 2021. Organiz\u00e1to\u0159i letos op\u011bt slibuj\u00ed v\u00fdjime\u010dn\u00fd sportovn\u00ed z\u00e1\u017eitek, ale i velice zaj\u00edmav\u00fd doprovodn\u00fd program napojen\u00fd na nov\u00e9ho titul\u00e1rn\u00edho partnera \u2013 spole\u010dnost Sazka.<\/p>\n\n\n\n<p>Leto\u0161n\u00ed trasa SAZKA Tour bude 671,5 km dlouh\u00e1 s p\u0159ev\u00fd\u0161en\u00edm 9925 metr\u016f rozd\u011blen\u00fdch do \u010dty\u0159 etap a je situov\u00e1na do region\u016f Olomouck\u00e9ho, Moravskoslezsk\u00e9ho, Pardubick\u00e9ho a Zl\u00ednsk\u00e9ho kraje. Prvn\u00ed etapa dlouh\u00e1 150,8 km startuje ve \u010dtvrtek v Prost\u011bjov\u011b a kon\u010d\u00ed v Uni\u010dov\u011b. V p\u00e1tek se jede 203,4 km z Olomouce a\u017e na Pustevny. Sobotn\u00ed t\u0159et\u00ed etapa z Moravsk\u00e9 T\u0159ebov\u00e9 na Dlouh\u00e9 str\u00e1n\u011b m\u011b\u0159\u00ed 143,2 km a z\u00e1v\u011bre\u010dn\u00e1 etapa za\u010d\u00ednaj\u00edc\u00ed v \u0160umperku fini\u0161uje v ned\u011bli nave\u010der ve \u0160ternberku je dlouh\u00e1 174,1 km. Sv\u00fdm profilem pat\u0159\u00ed k t\u011bm hodn\u011b n\u00e1ro\u010dn\u00fdm z\u00e1vod\u016fm, v nich\u017e maj\u00ed \u0161anci usp\u011bt jen ti opravdu nejl\u00e9pe p\u0159ipraven\u00ed jezdci.<\/p>\n\n\n\n<p>\u201eJsem pot\u011b\u0161en a velikou radost mi d\u011bl\u00e1, \u017ee nov\u00fdm v\u00fdznamn\u00fdm partnerem z\u00e1vodu se st\u00e1v\u00e1 spole\u010dnost SAZKA a v\u011b\u0159\u00edme, \u017ee spole\u010dn\u00fdmi silami podnikneme \u00fatok k vy\u0161\u0161\u00edm c\u00edl\u016fm. T\u00edm m\u00e1m na mysli posun na\u0161eho podniku a\u017e do kategorie World Tour,&#8221; prozradil sm\u011bl\u00e9 pl\u00e1ny zakladatel z\u00e1vodu Jaroslav Va\u0161\u00ed\u010dek.<\/p>\n\n\n\n<p>Stejn\u011b jako v lo\u0148sk\u00e9m roce bude op\u011bt \u0159editelem z\u00e1vodu Leopold K\u00f6nig, velk\u00e1 osobnost \u010desk\u00e9 a sv\u011btov\u00e9 cyklistiky, b\u00fdval\u00fd z\u00e1vodn\u00edk k jeho\u017e nejv\u011bt\u0161\u00edm \u00fasp\u011bch\u016fm pat\u0159\u00ed sedm\u00e9 m\u00edsto v celkov\u00e9m po\u0159ad\u00ed Tour de France v roce 2013 a \u0161est\u00e9 m\u00edsto na Giro d\u00b4Italia. \u201eVstupujeme do nov\u00e9 \u00e9ry a nov\u00fdch \u017eivotn\u00edch zku\u0161enost\u00ed. Velmi se na tuto pr\u00e1ci t\u011b\u0161\u00edme a uv\u011bdomuji si, \u017ee m\u00e1me unik\u00e1tn\u00ed p\u0159\u00edle\u017eitost ze SAZKA Tour ud\u011blat jednu z nejpresti\u017en\u011bj\u0161\u00edch cyklistick\u00fdch akc\u00ed na sv\u011bt\u011b,&#8221; p\u0159idal Leopold K\u00f6nig, kter\u00fd s\u00e1m Czech Tour vyhr\u00e1l dvakr\u00e1t, kdy\u017e nejlep\u0161\u00ed byl v letech 2010 a 2013.<\/p>\n\n\n\n<p>Na m\u00edsto p\u0159edsedy organiza\u010dn\u00edho v\u00fdboru byl jmenov\u00e1n Robert Kol\u00e1\u0159, \u010dlen dozor\u010d\u00ed rady Sazky, a zakladatel z\u00e1vodu Jaroslav Va\u0161\u00ed\u010dek se p\u0159esouv\u00e1 na m\u00edsto technick\u00e9ho a bezpe\u010dnostn\u00edho \u0159editele. \u201eSazka se u\u017e 65 let profiluje jako hlavn\u00ed partner \u010desk\u00e9ho sportu. Jsme r\u00e1di, \u017ee m\u016f\u017eeme ke gener\u00e1ln\u00edmu partnerstv\u00ed \u010cesk\u00e9ho olympijsk\u00e9ho t\u00fdmu p\u0159ipojit i sponzoring nejv\u011bt\u0161\u00edho cyklistick\u00e9ho z\u00e1vodu na \u010desk\u00fdch silnic\u00edch. Pevn\u011b v\u011b\u0159\u00edm, \u017ee spole\u010dn\u011b s organiz\u00e1tory posuneme tento renomovan\u00fd z\u00e1vod zase o krok d\u00e1l,\u201c dodal k partnerstv\u00ed Robert Kol\u00e1\u0159, \u010dlen dozor\u010d\u00ed rady Sazky.<\/p>\n\n\n\n<p>Bonusem \u010dek\u00e1 obyvatele Olomouck\u00e9ho kraje hned p\u0159i vyhla\u0161ov\u00e1n\u00ed v\u00fdsledk\u016f prvn\u00ed etapy v Uni\u010dov\u011b p\u0159\u00edjemn\u00e9 p\u0159ekvapen\u00ed. \u201eJsem r\u00e1d, \u017ee m\u016f\u017eeme d\u011btem z D\u011btsk\u00e9ho domova \u0160ance v Olomouci p\u0159edat sedm BMX j\u00edzdn\u00edch kol spole\u010dn\u011b s helmami. Toto gesto se n\u00e1m letos ji\u017e osv\u011bd\u010dilo na Z\u00e1vodu m\u00edru U23 v Jesen\u00edku, a proto jsme se rozhodli jej zopakovat a podpo\u0159it dal\u0161\u00ed d\u011btsk\u00fd domov. Podpory d\u011bt\u00ed ve sportu a pohybu nikdy nen\u00ed dost,\u201c \u0159\u00edk\u00e1 V\u00e1clav Friedmann, \u0159editel komunikace Sazky.<\/p>\n\n\n\n<p>Na SAZKA Tour bude startovat sedmn\u00e1ct sedmi\u010dlenn\u00fdch t\u00fdm\u016f. Celkem bude tedy bude ve startovn\u00ed listin\u011b kolem 120 jezdc\u016f, p\u0159edn\u00edch sv\u011btov\u00fdch a \u010desk\u00fdch profesion\u00e1ln\u00edch cyklistick\u00fdch dru\u017estev z World t\u00fdm\u016f, Pro Continent\u00e1ln\u00edch t\u00fdm\u016f. Z WorldTour t\u00fdm\u016f se p\u0159edstav\u00ed Intermarch\u00e9 &#8211; Wanty &#8211; Gobert Mat\u00e9riaux a Team BikeExchange. \u010cesk\u00e9 barvy budou h\u00e1jit jezdci st\u00e1je Elkov Kasper, Daniel Turek v t\u00fdmu Team Felbemayr \u2013 Simplon Wels a Jan Hirt (Intermarch\u00e9 \u2013 Wanty \u2013 Gobert Mat\u00e9riaux).<\/p>\n\n\n\n<p>FOTO Jan Brychta<\/p>\n\n\n\n<figure class=\"wp-block-image size-large\"><img loading=\"lazy\" decoding=\"async\" width=\"1000\" height=\"750\" src=\"https:\/\/www.czechcyclingfederation.com\/wp-content\/uploads\/2021\/07\/20210728_102214.jpg\" alt=\"\" class=\"wp-image-8389\" srcset=\"https:\/\/www.czechcyclingfederation.com\/wp-content\/uploads\/2021\/07\/20210728_102214.jpg 1000w, https:\/\/www.czechcyclingfederation.com\/wp-content\/uploads\/2021\/07\/20210728_102214-267x200.jpg 267w, https:\/\/www.czechcyclingfederation.com\/wp-content\/uploads\/2021\/07\/20210728_102214-768x576.jpg 768w\" sizes=\"auto, (max-width: 1000px) 100vw, 1000px\" \/><\/figure>\n\n\n\n<figure class=\"wp-block-image size-large\"><img loading=\"lazy\" decoding=\"async\" width=\"1000\" height=\"668\" src=\"https:\/\/www.czechcyclingfederation.com\/wp-content\/uploads\/2021\/07\/BrychtaJan_CCT_20190818_123156_DSC_3709.jpg\" alt=\"\" class=\"wp-image-8390\" srcset=\"https:\/\/www.czechcyclingfederation.com\/wp-content\/uploads\/2021\/07\/BrychtaJan_CCT_20190818_123156_DSC_3709.jpg 1000w, https:\/\/www.czechcyclingfederation.com\/wp-content\/uploads\/2021\/07\/BrychtaJan_CCT_20190818_123156_DSC_3709-300x200.jpg 300w, https:\/\/www.czechcyclingfederation.com\/wp-content\/uploads\/2021\/07\/BrychtaJan_CCT_20190818_123156_DSC_3709-768x513.jpg 768w\" sizes=\"auto, (max-width: 1000px) 100vw, 1000px\" \/><\/figure>\n","protected":false},"excerpt":{"rendered":"<p>T\u0159in\u00e1ct\u00fd ro\u010dn\u00edk etapov\u00e9ho z\u00e1vodu prvn\u00ed kategorie UCI letos poprv\u00e9 startuje pod n\u00e1zvem SAZKA Tour a pojede se od 5. do 8. srpna 2021. Organiz\u00e1to\u0159i letos op\u011bt slibuj\u00ed v\u00fdjime\u010dn\u00fd sportovn\u00ed z\u00e1\u017eitek, ale i velice zaj\u00edmav\u00fd doprovodn\u00fd program napojen\u00fd na nov\u00e9ho titul\u00e1rn\u00edho partnera \u2013 spole\u010dnost Sazka. Leto\u0161n\u00ed trasa SAZKA Tour bude 671,5 km dlouh\u00e1 s p\u0159ev\u00fd\u0161en\u00edm 9925 [&hellip;]<\/p>\n","protected":false},"author":8,"featured_media":8388,"comment_status":"closed","ping_status":"open","sticky":false,"template":"","format":"standard","meta":{"footnotes":""},"categories":[2,18],"tags":[11],"class_list":["post-8387","post","type-post","status-publish","format-standard","has-post-thumbnail","hentry","category-novinky","category-silnice","tag-silnice"],"_links":{"self":[{"href":"https:\/\/www.czechcyclingfederation.com\/en\/wp-json\/wp\/v2\/posts\/8387","targetHints":{"allow":["GET"]}}],"collection":[{"href":"https:\/\/www.czechcyclingfederation.com\/en\/wp-json\/wp\/v2\/posts"}],"about":[{"href":"https:\/\/www.czechcyclingfederation.com\/en\/wp-json\/wp\/v2\/types\/post"}],"author":[{"embeddable":true,"href":"https:\/\/www.czechcyclingfederation.com\/en\/wp-json\/wp\/v2\/users\/8"}],"replies":[{"embeddable":true,"href":"https:\/\/www.czechcyclingfederation.com\/en\/wp-json\/wp\/v2\/comments?post=8387"}],"version-history":[{"count":1,"href":"https:\/\/www.czechcyclingfederation.com\/en\/wp-json\/wp\/v2\/posts\/8387\/revisions"}],"predecessor-version":[{"id":8391,"href":"https:\/\/www.czechcyclingfederation.com\/en\/wp-json\/wp\/v2\/posts\/8387\/revisions\/8391"}],"wp:featuredmedia":[{"embeddable":true,"href":"https:\/\/www.czechcyclingfederation.com\/en\/wp-json\/wp\/v2\/media\/8388"}],"wp:attachment":[{"href":"https:\/\/www.czechcyclingfederation.com\/en\/wp-json\/wp\/v2\/media?parent=8387"}],"wp:term":[{"taxonomy":"category","embeddable":true,"href":"https:\/\/www.czechcyclingfederation.com\/en\/wp-json\/wp\/v2\/categories?post=8387"},{"taxonomy":"post_tag","embeddable":true,"href":"https:\/\/www.czechcyclingfederation.com\/en\/wp-json\/wp\/v2\/tags?post=8387"}],"curies":[{"name":"wp","href":"https:\/\/api.w.org\/{rel}","templated":true}]}}