{"id":8382,"date":"2021-07-28T13:58:13","date_gmt":"2021-07-28T11:58:13","guid":{"rendered":"https:\/\/www.czechcyclingfederation.com\/?p=8382"},"modified":"2021-07-29T18:21:21","modified_gmt":"2021-07-29T16:21:21","slug":"v-casovce-zlaty-roglic-kukrle-skoncil-sestadvacaty","status":"publish","type":"post","link":"https:\/\/www.czechcyclingfederation.com\/en\/v-casovce-zlaty-roglic-kukrle-skoncil-sestadvacaty\/","title":{"rendered":"V \u010dasovce zlat\u00fd Rogli\u010d, Kukrle skon\u010dil \u0161estadvac\u00e1t\u00fd"},"content":{"rendered":"\n<p>Olympijskou \u010dasovku v Tokiu ovl\u00e1dl slovinsk\u00fd cyklista Primo\u017e Rogli\u010d, st\u0159\u00edbro vybojoval Nizozemec Tom Dumoulin a bronz si dom\u016f odveze Australan Rohan Dennis. Jedin\u00fd \u010desk\u00fd z\u00e1stupce na startu Michael Kukrle obsadil 26. m\u00edsto. V z\u00e1vod\u011b \u017een dominovala nizozemsk\u00e1 cyklistka Annemiek van Vleutenov\u00e1.<\/p>\n\n\n\n<p>Jednat\u0159icetilet\u00fd Rogli\u010d nav\u00e1zal na bronz Tadeje Poga\u010dara ze sobotn\u00edho silni\u010dn\u00edho z\u00e1vodu, v n\u011bm\u017e se v\u00edt\u011bz posledn\u00edch dvou ro\u010dn\u00edk\u016f Tour de France postaral o prvn\u00ed slovinskou medaili z cyklistiky. Dvojn\u00e1sobn\u00fd v\u00edt\u011bz Vuelty z let 2019 a 2020 Rogli\u010d zajel skv\u011ble a p\u0159ed Dumoulinem zv\u00edt\u011bzil s v\u00edce ne\u017e minutov\u00fdm n\u00e1skokem. Kukrle ztratil na v\u00edt\u011bze p\u0159es p\u011bt a p\u016fl minuty.<\/p>\n\n\n\n<p>Pr\u016fb\u011b\u017en\u00e9mu po\u0159ad\u00ed dlouho vl\u00e1dli v \u00favodu startuj\u00edc\u00ed Kolumbijec Rigoberto Ur\u00e1n a mlad\u00e1 belgick\u00e1 hv\u011bzda Remco Evenepoel. Pak ale p\u0159i\u0161li na \u0159adu favorit\u00e9 a medailov\u00e9 po\u0159ad\u00ed se m\u011bnilo.<\/p>\n\n\n\n<p>Skv\u011ble prol\u00e9tl 44,2 kilometru dlouhou tra\u0165 obh\u00e1jce st\u0159\u00edbra z Ria de Janeiro Dumoulin, ale zlat\u00fd byl a\u017e \u010das jeho t\u00fdmov\u00e9ho kolegy ze st\u00e1je Jumbo-Visma Rogli\u010de. A\u017e za nimi skon\u010dili velc\u00ed favorit\u00e9 &#8211; \u00fa\u0159aduj\u00edc\u00ed sv\u011btov\u00fd \u0161ampion Ital Filippo Ganna a Belgi\u010dan Wout van Aert, jen\u017e loni na MS dos\u00e1hl na st\u0159\u00edbrn\u00fd double.<\/p>\n\n\n\n<p>Mezi \u017eenami \u010cesk\u00e1 republika svou z\u00e1stupkyni na startu nem\u011bla a zlato po t\u0159ech p\u0159edchoz\u00edch triumfech Ameri\u010danky Kristin Armstrongov\u00e1 vybojovala osmat\u0159icetilet\u00e1 van Vleutenov\u00e1, st\u0159\u00edbrn\u00e1 ze silni\u010dn\u00edho kl\u00e1n\u00ed. Zku\u0161en\u00e1 cyklistka potvrdila \u010dasovk\u00e1\u0159sk\u00e9 kvality, kter\u00e9 j\u00ed vynesly mimo jin\u00e9 u\u017e t\u0159i medaile z mistrovstv\u00ed sv\u011bta, z toho zlat\u00e9 z let 2017 a 2018.V\u00fdsledky:<\/p>\n\n\n\n<p>\u010casovka:<\/p>\n\n\n\n<p>Mu\u017ei (44,2 km):<\/p>\n\n\n\n<p>1. Rogli\u010d (Slovin.) 55:04, 2. Dumoulin (Niz.) +1:01, 3. Dennis (Austr.), 4. K\u00fcng (\u0160v\u00fdc.) oba +1:04, 5. Ganna (It.) +1:06, 6. van Aert (Belg.) +1:41, &#8230;26. Kukrle (\u010cR) +5:37.<\/p>\n\n\n\n<p>\u017deny (22,1 km):<\/p>\n\n\n\n<p>1. van Vleutenov\u00e1 (Niz.) 30:13, 2. Reusserov\u00e1 (\u0160v\u00fdc.) +56, 3. van der Breggenov\u00e1 (Niz.) +1:02, 4. Brownov\u00e1 (Austr.) +1:09, 5. Nebenov\u00e1 (USA) +1:13, 6. Brennauerov\u00e1 (N\u011bm.) +1:57.<\/p>\n\n\n\n<p>FOTO Michal Frant\u00edk<\/p>\n\n\n\n<figure class=\"wp-block-image size-large\"><img loading=\"lazy\" decoding=\"async\" width=\"750\" height=\"1000\" src=\"https:\/\/www.czechcyclingfederation.com\/wp-content\/uploads\/2021\/07\/Image-1.jpeg\" alt=\"\" class=\"wp-image-8384\" srcset=\"https:\/\/www.czechcyclingfederation.com\/wp-content\/uploads\/2021\/07\/Image-1.jpeg 750w, https:\/\/www.czechcyclingfederation.com\/wp-content\/uploads\/2021\/07\/Image-1-150x200.jpeg 150w\" sizes=\"auto, (max-width: 750px) 100vw, 750px\" \/><\/figure>\n\n\n\n<figure class=\"wp-block-image size-large\"><img loading=\"lazy\" decoding=\"async\" width=\"1024\" height=\"768\" src=\"https:\/\/www.czechcyclingfederation.com\/wp-content\/uploads\/2021\/07\/Kukrle-IMG_8434-1024x768.jpg\" alt=\"\" class=\"wp-image-8385\" srcset=\"https:\/\/www.czechcyclingfederation.com\/wp-content\/uploads\/2021\/07\/Kukrle-IMG_8434-1024x768.jpg 1024w, https:\/\/www.czechcyclingfederation.com\/wp-content\/uploads\/2021\/07\/Kukrle-IMG_8434-267x200.jpg 267w, https:\/\/www.czechcyclingfederation.com\/wp-content\/uploads\/2021\/07\/Kukrle-IMG_8434-768x576.jpg 768w, https:\/\/www.czechcyclingfederation.com\/wp-content\/uploads\/2021\/07\/Kukrle-IMG_8434-1536x1152.jpg 1536w, https:\/\/www.czechcyclingfederation.com\/wp-content\/uploads\/2021\/07\/Kukrle-IMG_8434-1320x990.jpg 1320w, https:\/\/www.czechcyclingfederation.com\/wp-content\/uploads\/2021\/07\/Kukrle-IMG_8434.jpg 2048w\" sizes=\"auto, (max-width: 1024px) 100vw, 1024px\" \/><\/figure>\n","protected":false},"excerpt":{"rendered":"<p>Olympijskou \u010dasovku v Tokiu ovl\u00e1dl slovinsk\u00fd cyklista Primo\u017e Rogli\u010d, st\u0159\u00edbro vybojoval Nizozemec Tom Dumoulin a bronz si dom\u016f odveze Australan Rohan Dennis. Jedin\u00fd \u010desk\u00fd z\u00e1stupce na startu Michael Kukrle obsadil 26. m\u00edsto. V z\u00e1vod\u011b \u017een dominovala nizozemsk\u00e1 cyklistka Annemiek van Vleutenov\u00e1. Jednat\u0159icetilet\u00fd Rogli\u010d nav\u00e1zal na bronz Tadeje Poga\u010dara ze sobotn\u00edho silni\u010dn\u00edho z\u00e1vodu, v n\u011bm\u017e se [&hellip;]<\/p>\n","protected":false},"author":8,"featured_media":8383,"comment_status":"closed","ping_status":"open","sticky":false,"template":"","format":"standard","meta":{"footnotes":""},"categories":[2,18],"tags":[11],"class_list":["post-8382","post","type-post","status-publish","format-standard","has-post-thumbnail","hentry","category-novinky","category-silnice","tag-silnice"],"_links":{"self":[{"href":"https:\/\/www.czechcyclingfederation.com\/en\/wp-json\/wp\/v2\/posts\/8382","targetHints":{"allow":["GET"]}}],"collection":[{"href":"https:\/\/www.czechcyclingfederation.com\/en\/wp-json\/wp\/v2\/posts"}],"about":[{"href":"https:\/\/www.czechcyclingfederation.com\/en\/wp-json\/wp\/v2\/types\/post"}],"author":[{"embeddable":true,"href":"https:\/\/www.czechcyclingfederation.com\/en\/wp-json\/wp\/v2\/users\/8"}],"replies":[{"embeddable":true,"href":"https:\/\/www.czechcyclingfederation.com\/en\/wp-json\/wp\/v2\/comments?post=8382"}],"version-history":[{"count":2,"href":"https:\/\/www.czechcyclingfederation.com\/en\/wp-json\/wp\/v2\/posts\/8382\/revisions"}],"predecessor-version":[{"id":8393,"href":"https:\/\/www.czechcyclingfederation.com\/en\/wp-json\/wp\/v2\/posts\/8382\/revisions\/8393"}],"wp:featuredmedia":[{"embeddable":true,"href":"https:\/\/www.czechcyclingfederation.com\/en\/wp-json\/wp\/v2\/media\/8383"}],"wp:attachment":[{"href":"https:\/\/www.czechcyclingfederation.com\/en\/wp-json\/wp\/v2\/media?parent=8382"}],"wp:term":[{"taxonomy":"category","embeddable":true,"href":"https:\/\/www.czechcyclingfederation.com\/en\/wp-json\/wp\/v2\/categories?post=8382"},{"taxonomy":"post_tag","embeddable":true,"href":"https:\/\/www.czechcyclingfederation.com\/en\/wp-json\/wp\/v2\/tags?post=8382"}],"curies":[{"name":"wp","href":"https:\/\/api.w.org\/{rel}","templated":true}]}}