{"id":8315,"date":"2021-07-25T18:57:35","date_gmt":"2021-07-25T16:57:35","guid":{"rendered":"https:\/\/www.czechcyclingfederation.com\/?p=8315"},"modified":"2021-07-25T18:57:37","modified_gmt":"2021-07-25T16:57:37","slug":"machacova-zustala-na-mcr-neporazena","status":"publish","type":"post","link":"https:\/\/www.czechcyclingfederation.com\/en\/machacova-zustala-na-mcr-neporazena\/","title":{"rendered":"Macha\u010dov\u00e1 z\u016fstala na M\u010cR nepora\u017eena"},"content":{"rendered":"\n<p>T\u0159et\u00ed discipl\u00edna, t\u0159et\u00ed mistrovsk\u00fd titul. Takov\u00e1 je vizitka Jarmily Macha\u010dov\u00e9 z\u00a0Dukly Praha z\u00a0dom\u00e1c\u00edho \u0161ampion\u00e1tu na dr\u00e1ze ml\u00e1de\u017ee a \u017een v\u00a0Brn\u011b. Po scratchi a st\u00edhac\u00edm z\u00e1vodu p\u0159idala do sv\u00e9 sb\u00edrky t\u0159et\u00ed zlato z\u00a0bodovac\u00edho z\u00e1vodu. V\u00a0n\u011bm nasb\u00edrala 93 bod\u016f, zat\u00edmco druh\u00e1 v\u00a0po\u0159ad\u00ed, jej\u00ed odd\u00edlov\u00e1 kolegyn\u011b z\u00a0Dukly Praha Krist\u00fdna Burlov\u00e1, pouze pades\u00e1t.<\/p>\n\n\n\n<p>Bodovac\u00ed z\u00e1vod junior\u016f vyzn\u011bl nejl\u00e9pe pro Maty\u00e1\u0161e Kobl\u00ed\u017eka z TUFO Pardus Prost\u011bjov, kter\u00fd vyhr\u00e1l se ziskem 53 bod\u016f p\u0159ed Milanem Kadlec (Dukla Praha) se 42 body.<\/p>\n\n\n\n<p>Ve zlat\u00fdch hodech pokra\u010dovala Gabriela B\u00e1rtov\u00e1 (TUFO Pardus Prost\u011bjov), vyhr\u00e1la bodovac\u00ed z\u00e1vod a nav\u00edc byla i \u010dlenkou v\u00edt\u011bzn\u00e9ho dru\u017estva se st\u00edhac\u00edm z\u00e1vod\u011b. Mezi juniory byli nejrychlej\u0161\u00ed Radovan \u0160tec, Maty\u00e1\u0161 Kobl\u00ed\u017eek, Pavel Nov\u00e1k a Radek Vl\u010dek z TUFO Pardus Prost\u011bjov.<\/p>\n\n\n\n<p>V\u00fdsledky:<\/p>\n\n\n\n<p>Bodovac\u00ed z\u00e1vod:<\/p>\n\n\n\n<p>Junio\u0159i:<\/p>\n\n\n\n<p>1. M. Kobl\u00ed\u017eek (TUFO Pardus Prost\u011bjov) 53, 2. Kadlec (Dukla Praha) 42, 3. \u0160tec TUFO Pardus Prost\u011bjov) 39.<\/p>\n\n\n\n<p>Kadeti:<\/p>\n\n\n\n<p>1 \u0160ilhav\u00fd (KOVO Praha) 20, 2. Rich. Kobr (Roman Kreuziger Cycling Academy) 19, 3. V. Kobl\u00ed\u017eek (TUFO Pardus Prost\u011bjov) 19.<\/p>\n\n\n\n<p>Star\u0161\u00ed \u017e\u00e1ci:<\/p>\n\n\n\n<p>1. Richter (TJ Favorit Brno) 21, 2. Kruli\u0161 (TJ Stadion Louny) 18, 3. Nov\u00e1k (TUFO Pardus Prost\u011bjov) 12.<\/p>\n\n\n\n<p>\u017deny:<\/p>\n\n\n\n<p>1. Macha\u010dov\u00e1 93, 2. Burlov\u00e1 50, 3. S. D\u017eerengov\u00e1 (v\u0161echny Dukla Praha) 0.<\/p>\n\n\n\n<p>Juniorky:<\/p>\n\n\n\n<p>1. B\u00e1rtov\u00e1 (TUFO Pardus Prost\u011bjov) 34, 2. Hejhalov\u00e1 (Dukla Praha) 14, 3. N\u011bmcov\u00e1 (Sportcomplex B\u0159eclav) 14.<\/p>\n\n\n\n<p>Kadetky:<\/p>\n\n\n\n<p>1. M\u00fcllerov\u00e1 (TUFO Pardus Prost\u011bjov) 25, 2. Jadrn\u00e1 (Sportcomplex B\u0159eclav) 21, 3. Markov\u00e1 (Dukla Praha) 18.<\/p>\n\n\n\n<p>\u017d\u00e1kyn\u011b:<\/p>\n\n\n\n<p>1.Strakat\u00e1 (Dukla Praha) 21, 2. Hezonov\u00e1 (TJ Stadion Louny) 17, 3. Hermanov\u00e1 (Sportcomplex B\u0159eclav) 11.<\/p>\n\n\n\n<p>St\u00edhac\u00ed z\u00e1vod dru\u017estev:<\/p>\n\n\n\n<p>Juniorky:<\/p>\n\n\n\n<p>1. B\u00e1rtov\u00e1, N\u011bmcov\u00e1, Runtov\u00e1, Parmov\u00e1, Hejhalov\u00e1 (TUFO Pardus Prost\u011bjov\/Sportcomplec B\u0159eclav\/TJ Stadion Louny\/SportRaces Cycling Team\/Dukla Praha) 5:17,839.<\/p>\n\n\n\n<p>Kadetky:<\/p>\n\n\n\n<p>1. Richterov\u00e1, Grulichov\u00e1, M\u00fcllerov\u00e1, Pernicov\u00e1 (TUFO Pardus Prost\u011bjov(Bike Pro Racing) 3:57,187.&nbsp;&nbsp;&nbsp;&nbsp;&nbsp;&nbsp;<\/p>\n\n\n\n<p>Star\u0161\u00ed \u017e\u00e1ci:<\/p>\n\n\n\n<p>1. Tesa\u0159\u00edk, Jaro\u0161, Pit\u00e1k, Nov\u00e1k (Mepei Merida Ka\u0148kovsk\u00fd\/TUFO Pardus Prost\u011bjov) 3:54,741.<\/p>\n\n\n\n<p>Kadeti:<\/p>\n\n\n\n<p>1. Kohout, Rich. Kobr, Rob. Kobr, Vl\u010dek (Roman Kreuziger Cycling Academy) 3:30,666.<\/p>\n\n\n\n<p>Junio\u0159i:<\/p>\n\n\n\n<p>Fin\u00e1le: \u0160tec, M. Kobl\u00ed\u017eek, Nov\u00e1k, R. Vl\u010dek, (TUFO Pardus Prost\u011bjov) 4:32,318 &#8211; \u010cepek, Vyso\u010dan, \u0160irok\u00fd, Teleck\u00fd (TJ Favorit Brno) 4:38,697, 3. Kadlec, \u010cerv\u00ed\u010dek, V\u00e1vra, Sejkot (Dukla Praha) 4:35,641.<\/p>\n\n\n\n<p>FOTO Martin Cetkovsk\u00fd<\/p>\n\n\n\n<figure class=\"wp-block-image size-large\"><img loading=\"lazy\" decoding=\"async\" width=\"652\" height=\"827\" src=\"http:\/\/www.czechcyclingfederation.com\/wp-content\/uploads\/2021\/07\/IMG-20210725-WA0030.jpg\" alt=\"\" class=\"wp-image-8316\" srcset=\"https:\/\/www.czechcyclingfederation.com\/wp-content\/uploads\/2021\/07\/IMG-20210725-WA0030.jpg 652w, https:\/\/www.czechcyclingfederation.com\/wp-content\/uploads\/2021\/07\/IMG-20210725-WA0030-158x200.jpg 158w\" sizes=\"auto, (max-width: 652px) 100vw, 652px\" \/><\/figure>\n\n\n\n<figure class=\"wp-block-image size-large\"><img loading=\"lazy\" decoding=\"async\" width=\"643\" height=\"926\" src=\"https:\/\/www.czechcyclingfederation.com\/wp-content\/uploads\/2021\/07\/IMG-20210725-WA0029.jpg\" alt=\"\" class=\"wp-image-8318\" srcset=\"https:\/\/www.czechcyclingfederation.com\/wp-content\/uploads\/2021\/07\/IMG-20210725-WA0029.jpg 643w, https:\/\/www.czechcyclingfederation.com\/wp-content\/uploads\/2021\/07\/IMG-20210725-WA0029-139x200.jpg 139w\" sizes=\"auto, (max-width: 643px) 100vw, 643px\" \/><\/figure>\n\n\n\n<figure class=\"wp-block-image size-large\"><img loading=\"lazy\" decoding=\"async\" width=\"672\" height=\"861\" src=\"https:\/\/www.czechcyclingfederation.com\/wp-content\/uploads\/2021\/07\/IMG-20210725-WA0028.jpg\" alt=\"\" class=\"wp-image-8319\" srcset=\"https:\/\/www.czechcyclingfederation.com\/wp-content\/uploads\/2021\/07\/IMG-20210725-WA0028.jpg 672w, https:\/\/www.czechcyclingfederation.com\/wp-content\/uploads\/2021\/07\/IMG-20210725-WA0028-156x200.jpg 156w\" sizes=\"auto, (max-width: 672px) 100vw, 672px\" \/><\/figure>\n","protected":false},"excerpt":{"rendered":"<p>T\u0159et\u00ed discipl\u00edna, t\u0159et\u00ed mistrovsk\u00fd titul. Takov\u00e1 je vizitka Jarmily Macha\u010dov\u00e9 z\u00a0Dukly Praha z\u00a0dom\u00e1c\u00edho \u0161ampion\u00e1tu na dr\u00e1ze ml\u00e1de\u017ee a \u017een v\u00a0Brn\u011b. Po scratchi a st\u00edhac\u00edm z\u00e1vodu p\u0159idala do sv\u00e9 sb\u00edrky t\u0159et\u00ed zlato z\u00a0bodovac\u00edho z\u00e1vodu. V\u00a0n\u011bm nasb\u00edrala 93 bod\u016f, zat\u00edmco druh\u00e1 v\u00a0po\u0159ad\u00ed, jej\u00ed odd\u00edlov\u00e1 kolegyn\u011b z\u00a0Dukly Praha Krist\u00fdna Burlov\u00e1, pouze pades\u00e1t. Bodovac\u00ed z\u00e1vod junior\u016f vyzn\u011bl nejl\u00e9pe pro [&hellip;]<\/p>\n","protected":false},"author":8,"featured_media":8317,"comment_status":"closed","ping_status":"open","sticky":false,"template":"","format":"standard","meta":{"footnotes":""},"categories":[54,2],"tags":[9],"class_list":["post-8315","post","type-post","status-publish","format-standard","has-post-thumbnail","hentry","category-draha","category-novinky","tag-draha"],"_links":{"self":[{"href":"https:\/\/www.czechcyclingfederation.com\/en\/wp-json\/wp\/v2\/posts\/8315","targetHints":{"allow":["GET"]}}],"collection":[{"href":"https:\/\/www.czechcyclingfederation.com\/en\/wp-json\/wp\/v2\/posts"}],"about":[{"href":"https:\/\/www.czechcyclingfederation.com\/en\/wp-json\/wp\/v2\/types\/post"}],"author":[{"embeddable":true,"href":"https:\/\/www.czechcyclingfederation.com\/en\/wp-json\/wp\/v2\/users\/8"}],"replies":[{"embeddable":true,"href":"https:\/\/www.czechcyclingfederation.com\/en\/wp-json\/wp\/v2\/comments?post=8315"}],"version-history":[{"count":1,"href":"https:\/\/www.czechcyclingfederation.com\/en\/wp-json\/wp\/v2\/posts\/8315\/revisions"}],"predecessor-version":[{"id":8320,"href":"https:\/\/www.czechcyclingfederation.com\/en\/wp-json\/wp\/v2\/posts\/8315\/revisions\/8320"}],"wp:featuredmedia":[{"embeddable":true,"href":"https:\/\/www.czechcyclingfederation.com\/en\/wp-json\/wp\/v2\/media\/8317"}],"wp:attachment":[{"href":"https:\/\/www.czechcyclingfederation.com\/en\/wp-json\/wp\/v2\/media?parent=8315"}],"wp:term":[{"taxonomy":"category","embeddable":true,"href":"https:\/\/www.czechcyclingfederation.com\/en\/wp-json\/wp\/v2\/categories?post=8315"},{"taxonomy":"post_tag","embeddable":true,"href":"https:\/\/www.czechcyclingfederation.com\/en\/wp-json\/wp\/v2\/tags?post=8315"}],"curies":[{"name":"wp","href":"https:\/\/api.w.org\/{rel}","templated":true}]}}