{"id":8306,"date":"2021-07-25T12:37:40","date_gmt":"2021-07-25T10:37:40","guid":{"rendered":"https:\/\/www.czechcyclingfederation.com\/?p=8306"},"modified":"2021-07-25T12:55:36","modified_gmt":"2021-07-25T10:55:36","slug":"prekvapive-zlata-kiesenhoferova-neumannova-triatricata","status":"publish","type":"post","link":"https:\/\/www.czechcyclingfederation.com\/en\/prekvapive-zlata-kiesenhoferova-neumannova-triatricata\/","title":{"rendered":"P\u0159ekvapiv\u011b zlat\u00e1 Kiesenhoferov\u00e1, Neumannov\u00e1 t\u0159iat\u0159ic\u00e1t\u00e1"},"content":{"rendered":"\n<p>\u017d\u00e1dn\u00e1 z hv\u011bzd sv\u011btov\u00e9ho pelotonu, \u017e\u00e1dn\u00e1 z favoritek, ale senza\u010dn\u011b Raku\u0161anka Anna Kiesenhoferov\u00e1 vybojovala zlato v silni\u010dn\u00edm z\u00e1vodu s hromadn\u00fdm startem na olympijsk\u00fdch hr\u00e1ch v Tokiu. Jedin\u00e1 \u010ce\u0161ka na startu Tereza Neumannov\u00e1 skon\u010dila t\u0159iat\u0159ic\u00e1t\u00e1, na v\u00edt\u011bzku ztratila p\u0159es sedm minut.<\/p>\n\n\n\n<p>T\u0159icetilet\u00e1 Kiesenhoferov\u00e1 str\u00e1vila cel\u00fd z\u00e1vod o d\u00e9lce 137 kilometr\u016f v \u00faniku a pro zlato si dojela s n\u00e1skokem minuty a \u010dtvrt. V z\u00e1v\u011bru z\u00e1vodu se ji pokou\u0161ela st\u00edhat i Annemiek van Vleutenov\u00e1 z Nizozem\u00ed, ale marn\u011b. Raku\u0161anka si udr\u017eela n\u00e1skok a c\u00edl kl\u00e1n\u00ed pro\u0165ala p\u0159ekvapiv\u011b na prvn\u00edm m\u00edst\u011b. Druh\u00e1 skon\u010dila van Vleutenov\u00e1, bronz si zajistila Italka Elisa Longov\u00e1 Borghiniov\u00e1.<\/p>\n\n\n\n<p>Obh\u00e1jkyn\u011b zlata z Ria de Janeiro Nizozemka Anna van der Breggenov\u00e1, kter\u00e1 pat\u0159ila k hlavn\u00edm favoritk\u00e1m i tentokr\u00e1t, skon\u010dila a\u017e patn\u00e1ct\u00e1.<\/p>\n\n\n\n<p>\u00danik t\u011bsn\u011b po startu se tentokr\u00e1t uk\u00e1zal jako rozhoduj\u00edc\u00ed moment z\u00e1vodu. Skupina byla zpo\u010d\u00e1tku p\u011bti\u010dlenn\u00e1 a jej\u00ed n\u00e1skok p\u0159ed pelotonem narostl a\u017e na deset minut. A\u017e do posledn\u00edch kilometr\u016f v n\u011bm spolu s Kiesenhoferovou udr\u017eely p\u0159ed hlavn\u00edm polem Izraelka Omer \u0160apiraov\u00e1 s polsk\u00e1 cyklistka Anna Plichtov\u00e1, ale i t\u011bm v z\u00e1v\u011bru do\u0161ly s\u00edly.<\/p>\n\n\n\n<p>V\u00fdsledky:<\/p>\n\n\n\n<p>1.Kiesenhoferov\u00e1 (Rak.) 3:52:45, 2. van Vleutenov\u00e1 (Niz.) +1:15, 3. Longov\u00e1 Borghiniov\u00e1 (It.) +1:29, 4. Kopeck\u00e1 (Belg.) +1:39, 5. Vosov\u00e1 (Niz.), 6. Brennauerov\u00e1 (N\u011bm.) ob\u011b +1:46, &#8230;33. Neumanov\u00e1 (\u010cR) +7:02.<\/p>\n\n\n\n<p>FOTO Michal Frant\u00edk<\/p>\n\n\n\n<figure class=\"wp-block-image size-large\"><img loading=\"lazy\" decoding=\"async\" width=\"1024\" height=\"768\" src=\"https:\/\/www.czechcyclingfederation.com\/wp-content\/uploads\/2021\/07\/IMG-20210725-WA0025-1024x768.jpg\" alt=\"\" class=\"wp-image-8309\" srcset=\"https:\/\/www.czechcyclingfederation.com\/wp-content\/uploads\/2021\/07\/IMG-20210725-WA0025-1024x768.jpg 1024w, https:\/\/www.czechcyclingfederation.com\/wp-content\/uploads\/2021\/07\/IMG-20210725-WA0025-267x200.jpg 267w, https:\/\/www.czechcyclingfederation.com\/wp-content\/uploads\/2021\/07\/IMG-20210725-WA0025-768x576.jpg 768w, https:\/\/www.czechcyclingfederation.com\/wp-content\/uploads\/2021\/07\/IMG-20210725-WA0025-1536x1152.jpg 1536w, https:\/\/www.czechcyclingfederation.com\/wp-content\/uploads\/2021\/07\/IMG-20210725-WA0025-1320x990.jpg 1320w, https:\/\/www.czechcyclingfederation.com\/wp-content\/uploads\/2021\/07\/IMG-20210725-WA0025.jpg 1600w\" sizes=\"auto, (max-width: 1024px) 100vw, 1024px\" \/><\/figure>\n\n\n\n<figure class=\"wp-block-image size-large\"><img loading=\"lazy\" decoding=\"async\" width=\"1024\" height=\"768\" src=\"https:\/\/www.czechcyclingfederation.com\/wp-content\/uploads\/2021\/07\/IMG-20210725-WA0002-1024x768.jpg\" alt=\"\" class=\"wp-image-8310\" srcset=\"https:\/\/www.czechcyclingfederation.com\/wp-content\/uploads\/2021\/07\/IMG-20210725-WA0002-1024x768.jpg 1024w, https:\/\/www.czechcyclingfederation.com\/wp-content\/uploads\/2021\/07\/IMG-20210725-WA0002-267x200.jpg 267w, https:\/\/www.czechcyclingfederation.com\/wp-content\/uploads\/2021\/07\/IMG-20210725-WA0002-768x576.jpg 768w, https:\/\/www.czechcyclingfederation.com\/wp-content\/uploads\/2021\/07\/IMG-20210725-WA0002-1536x1152.jpg 1536w, https:\/\/www.czechcyclingfederation.com\/wp-content\/uploads\/2021\/07\/IMG-20210725-WA0002-1320x990.jpg 1320w, https:\/\/www.czechcyclingfederation.com\/wp-content\/uploads\/2021\/07\/IMG-20210725-WA0002.jpg 1600w\" sizes=\"auto, (max-width: 1024px) 100vw, 1024px\" \/><\/figure>\n\n\n\n<figure class=\"wp-block-image size-large\"><img loading=\"lazy\" decoding=\"async\" width=\"1024\" height=\"768\" src=\"https:\/\/www.czechcyclingfederation.com\/wp-content\/uploads\/2021\/07\/IMG-20210725-WA0022-1024x768.jpg\" alt=\"\" class=\"wp-image-8311\" srcset=\"https:\/\/www.czechcyclingfederation.com\/wp-content\/uploads\/2021\/07\/IMG-20210725-WA0022-1024x768.jpg 1024w, https:\/\/www.czechcyclingfederation.com\/wp-content\/uploads\/2021\/07\/IMG-20210725-WA0022-267x200.jpg 267w, https:\/\/www.czechcyclingfederation.com\/wp-content\/uploads\/2021\/07\/IMG-20210725-WA0022-768x576.jpg 768w, https:\/\/www.czechcyclingfederation.com\/wp-content\/uploads\/2021\/07\/IMG-20210725-WA0022-1536x1152.jpg 1536w, https:\/\/www.czechcyclingfederation.com\/wp-content\/uploads\/2021\/07\/IMG-20210725-WA0022-1320x990.jpg 1320w, https:\/\/www.czechcyclingfederation.com\/wp-content\/uploads\/2021\/07\/IMG-20210725-WA0022.jpg 1600w\" sizes=\"auto, (max-width: 1024px) 100vw, 1024px\" \/><\/figure>\n\n\n\n<figure class=\"wp-block-image size-large\"><img loading=\"lazy\" decoding=\"async\" width=\"1024\" height=\"768\" src=\"https:\/\/www.czechcyclingfederation.com\/wp-content\/uploads\/2021\/07\/IMG-20210725-WA0004-1024x768.jpg\" alt=\"\" class=\"wp-image-8313\" srcset=\"https:\/\/www.czechcyclingfederation.com\/wp-content\/uploads\/2021\/07\/IMG-20210725-WA0004-1024x768.jpg 1024w, https:\/\/www.czechcyclingfederation.com\/wp-content\/uploads\/2021\/07\/IMG-20210725-WA0004-267x200.jpg 267w, https:\/\/www.czechcyclingfederation.com\/wp-content\/uploads\/2021\/07\/IMG-20210725-WA0004-768x576.jpg 768w, https:\/\/www.czechcyclingfederation.com\/wp-content\/uploads\/2021\/07\/IMG-20210725-WA0004-1536x1152.jpg 1536w, https:\/\/www.czechcyclingfederation.com\/wp-content\/uploads\/2021\/07\/IMG-20210725-WA0004-1320x990.jpg 1320w, https:\/\/www.czechcyclingfederation.com\/wp-content\/uploads\/2021\/07\/IMG-20210725-WA0004.jpg 1600w\" sizes=\"auto, (max-width: 1024px) 100vw, 1024px\" \/><\/figure>\n","protected":false},"excerpt":{"rendered":"<p>\u017d\u00e1dn\u00e1 z hv\u011bzd sv\u011btov\u00e9ho pelotonu, \u017e\u00e1dn\u00e1 z favoritek, ale senza\u010dn\u011b Raku\u0161anka Anna Kiesenhoferov\u00e1 vybojovala zlato v silni\u010dn\u00edm z\u00e1vodu s hromadn\u00fdm startem na olympijsk\u00fdch hr\u00e1ch v Tokiu. Jedin\u00e1 \u010ce\u0161ka na startu Tereza Neumannov\u00e1 skon\u010dila t\u0159iat\u0159ic\u00e1t\u00e1, na v\u00edt\u011bzku ztratila p\u0159es sedm minut. T\u0159icetilet\u00e1 Kiesenhoferov\u00e1 str\u00e1vila cel\u00fd z\u00e1vod o d\u00e9lce 137 kilometr\u016f v \u00faniku a pro zlato si [&hellip;]<\/p>\n","protected":false},"author":8,"featured_media":8307,"comment_status":"closed","ping_status":"open","sticky":false,"template":"","format":"standard","meta":{"footnotes":""},"categories":[2,18],"tags":[11],"class_list":["post-8306","post","type-post","status-publish","format-standard","has-post-thumbnail","hentry","category-novinky","category-silnice","tag-silnice"],"_links":{"self":[{"href":"https:\/\/www.czechcyclingfederation.com\/en\/wp-json\/wp\/v2\/posts\/8306","targetHints":{"allow":["GET"]}}],"collection":[{"href":"https:\/\/www.czechcyclingfederation.com\/en\/wp-json\/wp\/v2\/posts"}],"about":[{"href":"https:\/\/www.czechcyclingfederation.com\/en\/wp-json\/wp\/v2\/types\/post"}],"author":[{"embeddable":true,"href":"https:\/\/www.czechcyclingfederation.com\/en\/wp-json\/wp\/v2\/users\/8"}],"replies":[{"embeddable":true,"href":"https:\/\/www.czechcyclingfederation.com\/en\/wp-json\/wp\/v2\/comments?post=8306"}],"version-history":[{"count":2,"href":"https:\/\/www.czechcyclingfederation.com\/en\/wp-json\/wp\/v2\/posts\/8306\/revisions"}],"predecessor-version":[{"id":8314,"href":"https:\/\/www.czechcyclingfederation.com\/en\/wp-json\/wp\/v2\/posts\/8306\/revisions\/8314"}],"wp:featuredmedia":[{"embeddable":true,"href":"https:\/\/www.czechcyclingfederation.com\/en\/wp-json\/wp\/v2\/media\/8307"}],"wp:attachment":[{"href":"https:\/\/www.czechcyclingfederation.com\/en\/wp-json\/wp\/v2\/media?parent=8306"}],"wp:term":[{"taxonomy":"category","embeddable":true,"href":"https:\/\/www.czechcyclingfederation.com\/en\/wp-json\/wp\/v2\/categories?post=8306"},{"taxonomy":"post_tag","embeddable":true,"href":"https:\/\/www.czechcyclingfederation.com\/en\/wp-json\/wp\/v2\/tags?post=8306"}],"curies":[{"name":"wp","href":"https:\/\/api.w.org\/{rel}","templated":true}]}}