{"id":83,"date":"2020-04-28T03:27:43","date_gmt":"2020-04-28T01:27:43","guid":{"rendered":"https:\/\/www.czechcyclingfederation.com\/?p=83"},"modified":"2020-07-16T13:41:33","modified_gmt":"2020-07-16T11:41:33","slug":"trenuj-s-repre-mtb-3-dil-jana-czeczinkarova","status":"publish","type":"post","link":"https:\/\/www.czechcyclingfederation.com\/en\/trenuj-s-repre-mtb-3-dil-jana-czeczinkarova\/","title":{"rendered":"Tr\u00e9nuj s repre MTB &#8211; 3. d\u00edl Jana Czeczinkarov\u00e1"},"content":{"rendered":"\n<p>Dne\u0161n\u00edm hostem projektu \u201eTr\u00e9nuj s repre MTB!\u201c je nejmlad\u0161\u00ed \u010dlenka elitn\u00ed formace Reprezentace MTB, Jana Czeczinkarov\u00e1 \u2013 \u201e\u010ci\u010dina\u201c.<\/p>\n\n\n\n<p>Jana je \u010dlenkou reprezentace u\u017e od sv\u00fdch 15 let, kdy jako talentovan\u00e1 kadetka dostala pozv\u00e1nku \u00fa\u010dastnit se tr\u00e9ninkov\u00e9ho campu Reprezentace MTB v Nov\u00e9m M\u011bst\u011b na Morav\u011b. Jej\u00ed specializac\u00ed jsou horsk\u00e1 kola, nicm\u00e9n\u011b svou prvn\u00ed \u201evelkou\u201c medaili z Mistrovstv\u00ed Evropy vybojovala v cyklokrosu a v t\u00e9to discipl\u00edn\u011b tak\u00e9 slavila p\u00f3diov\u00e9 um\u00edst\u011bn\u00ed ve Sv\u011btov\u00e9m poh\u00e1ru. V roce 2019 poprv\u00e9 v \u017eivot\u011b absolvovala vrcholn\u00fd marat\u00f3nsk\u00fd podnik, Mistrovstv\u00ed sv\u011bta a tento t\u011b\u017ek\u00fd z\u00e1vod v Jan\u011b zanechal hlubokou, pozitivn\u00ed vzpom\u00ednku. V lo\u0148sk\u00e9 roce naposledy z\u00e1vodila v kategorii U23 a od roku 2020 je \u010dlenka elitn\u00ed kategorie \u017een, ve sv\u011btov\u00e9m \u017eeb\u0159\u00ed\u010dku UCI aktu\u00e1ln\u011b figuruje na 73. pozici.<\/p>\n\n\n\n<p><strong>Dal\u0161\u00ed informace naleznete n\u00ed\u017ee v p\u0159\u00edsp\u011bvku na Facebooku.<\/strong><\/p>\n\n\n\n<iframe loading=\"lazy\" src=\"https:\/\/www.facebook.com\/plugins\/video.php?href=https%3A%2F%2Fwww.facebook.com%2FreprezentaceMTB%2Fvideos%2F147146906642259%2F&#038;show_text=0&#038;width=264\" width=\"264\" height=\"476\" style=\"border:none;overflow:hidden\" scrolling=\"no\" frameborder=\"0\" allowTransparency=\"true\" allowFullScreen=\"true\"><\/iframe>\n","protected":false},"excerpt":{"rendered":"<p>Dne\u0161n\u00edm hostem projektu \u201eTr\u00e9nuj s repre MTB!\u201c je nejmlad\u0161\u00ed \u010dlenka elitn\u00ed formace Reprezentace MTB, Jana Czeczinkarov\u00e1 \u2013 \u201e\u010ci\u010dina\u201c. Jana je \u010dlenkou reprezentace u\u017e od sv\u00fdch 15 let, kdy jako talentovan\u00e1 kadetka dostala pozv\u00e1nku \u00fa\u010dastnit se tr\u00e9ninkov\u00e9ho campu Reprezentace MTB v Nov\u00e9m M\u011bst\u011b na Morav\u011b. Jej\u00ed specializac\u00ed jsou horsk\u00e1 kola, nicm\u00e9n\u011b svou prvn\u00ed \u201evelkou\u201c medaili z [&hellip;]<\/p>\n","protected":false},"author":1,"featured_media":84,"comment_status":"closed","ping_status":"open","sticky":false,"template":"","format":"standard","meta":{"footnotes":""},"categories":[6,2],"tags":[11],"class_list":["post-83","post","type-post","status-publish","format-standard","has-post-thumbnail","hentry","category-mtb","category-novinky","tag-silnice"],"_links":{"self":[{"href":"https:\/\/www.czechcyclingfederation.com\/en\/wp-json\/wp\/v2\/posts\/83","targetHints":{"allow":["GET"]}}],"collection":[{"href":"https:\/\/www.czechcyclingfederation.com\/en\/wp-json\/wp\/v2\/posts"}],"about":[{"href":"https:\/\/www.czechcyclingfederation.com\/en\/wp-json\/wp\/v2\/types\/post"}],"author":[{"embeddable":true,"href":"https:\/\/www.czechcyclingfederation.com\/en\/wp-json\/wp\/v2\/users\/1"}],"replies":[{"embeddable":true,"href":"https:\/\/www.czechcyclingfederation.com\/en\/wp-json\/wp\/v2\/comments?post=83"}],"version-history":[{"count":3,"href":"https:\/\/www.czechcyclingfederation.com\/en\/wp-json\/wp\/v2\/posts\/83\/revisions"}],"predecessor-version":[{"id":363,"href":"https:\/\/www.czechcyclingfederation.com\/en\/wp-json\/wp\/v2\/posts\/83\/revisions\/363"}],"wp:featuredmedia":[{"embeddable":true,"href":"https:\/\/www.czechcyclingfederation.com\/en\/wp-json\/wp\/v2\/media\/84"}],"wp:attachment":[{"href":"https:\/\/www.czechcyclingfederation.com\/en\/wp-json\/wp\/v2\/media?parent=83"}],"wp:term":[{"taxonomy":"category","embeddable":true,"href":"https:\/\/www.czechcyclingfederation.com\/en\/wp-json\/wp\/v2\/categories?post=83"},{"taxonomy":"post_tag","embeddable":true,"href":"https:\/\/www.czechcyclingfederation.com\/en\/wp-json\/wp\/v2\/tags?post=83"}],"curies":[{"name":"wp","href":"https:\/\/api.w.org\/{rel}","templated":true}]}}