{"id":8295,"date":"2021-07-24T17:52:16","date_gmt":"2021-07-24T15:52:16","guid":{"rendered":"https:\/\/www.czechcyclingfederation.com\/?p=8295"},"modified":"2021-07-24T18:25:29","modified_gmt":"2021-07-24T16:25:29","slug":"skoda-cup-v-zabori-vyhral-slovak-stocek","status":"publish","type":"post","link":"https:\/\/www.czechcyclingfederation.com\/en\/skoda-cup-v-zabori-vyhral-slovak-stocek\/","title":{"rendered":"\u0160KODA Cup v Z\u00e1bo\u0159\u00ed vyhr\u00e1l Slov\u00e1k \u0160to\u010dek"},"content":{"rendered":"\n<p>P\u00e1t\u00fd z\u00e1vod sedmid\u00edln\u00e9ho seri\u00e1lu \u0160KODA Cup \u010cesk\u00e9ho poh\u00e1ru v Z\u00e1bo\u0159\u00ed u Blatn\u00e9 vyhr\u00e1l slovensk\u00fd mlad\u00edk Mat\u00fa\u0161 \u0160to\u010dek (Topforex &#8211; Att Investments Pro Cycling Team) a pro svoji st\u00e1j z\u00edskal prvn\u00ed leto\u0161n\u00ed v\u00edt\u011bzstv\u00ed ve \u0160KODA Cupu. Trikot nejlep\u0161\u00edho z\u00e1vodn\u00edka seri\u00e1lu si udr\u017eel, p\u0159esto\u017ee dnes nestartoval, Daniel Turek (Felbermayr Simplon Wels).<\/p>\n\n\n\n<p>Z\u00e1vod na 12 okruh\u016f ze Z\u00e1bo\u0159\u00ed p\u0159es \u010cekanice, La\u017eany, Doubravice, Naho\u0161\u00edn, Bratronice a zp\u011bt do Z\u00e1bo\u0159\u00ed, z nich\u017e ka\u017ed\u00fd m\u011b\u0159il 13,3 km, byl div\u00e1cky zaj\u00edmav\u00fd. Od za\u010d\u00e1tku se pokou\u0161eli jezdci z\u00e1vodit aktivn\u011b. Odj\u00ed\u017ed\u011bly dvojice, trojice \u010di p\u011btice jezdc\u016f, ale se v\u0161e op\u011bt sj\u00ed\u017ed\u011blo.<\/p>\n\n\n\n<p>P\u0159i absenci v\u011bt\u0161iny jezdc\u016f nejlep\u0161\u00ed \u010desk\u00e9 st\u00e1je Elkov Kasper, v jejich\u017e dresu se na startu objevila pouze dvojice Mat\u011bj Zah\u00e1lka a Alois Ka\u0148kovsk\u00fd, vyc\u00edtili \u0161anci jezdci dal\u0161\u00edch t\u00fdm\u016f. Aktivn\u00ed byli hlavn\u011b z\u00e1vodn\u00edci st\u00e1je Topforex &#8211; Att Investments Pro Cycling Team, kter\u00fdch bylo ve startovn\u00ed listin\u011b \u010dtrn\u00e1ct. <\/p>\n\n\n\n<p>Ten rozhoduj\u00edc\u00ed \u00fanik vyprovokoval v jedin\u00e9m v\u011bt\u0161\u00edm kopci na okruhu v p\u0159edposledn\u00edm kole Zah\u00e1lka a na \u010dele se n\u00e1sledn\u011b vytvo\u0159ila jeden\u00e1cti\u010dlenn\u00e1 skupina. A i v n\u00ed m\u011bl Topforex nejpo\u010detn\u011bj\u0161\u00ed zastoupen\u00ed, mezi dvojic\u00ed jezdc\u016f v barv\u00e1ch tohoto t\u00fdmu ale chyb\u011bl vedouc\u00ed jezdec kategorie U23 Karel Camrda, ostatn\u00ed t\u00fdmy m\u011bly ve skupin\u011b po jednom z\u00e1stupci a Camrda t\u00edm promarnil mo\u017enost dostat se do \u010dela i celkov\u00e9 klasifikace seri\u00e1lu, proto\u017ee dosud vedouc\u00ed Turek a druh\u00fd Michael Kukrle (Elkov Kasper) na startu chyb\u011bli. <\/p>\n\n\n\n<p>Z vedouc\u00ed skupiny n\u011bkte\u0159\u00ed jezdci trochu zaostali a ostatn\u00ed se soust\u0159edili na z\u00e1v\u011bre\u010dn\u00fd spurt v n\u011bm\u017e \u0161est jezdc\u016f projelo p\u00e1skou s minim\u00e1ln\u00edmi odstupy. Prvn\u00ed projel c\u00edlovou p\u00e1skou po 159,6 kilometrech slovensk\u00fd jezdec Mat\u00fa\u0161 \u0160to\u010dek (SR\/Topforex &#8211; Att Investments Pro Cycling Team) p\u0159ed Zah\u00e1lkou a Michalem Schuranem z AC Sparta Praha. <\/p>\n\n\n\n<p>V\u00fdsledky: <\/p>\n\n\n\n<p>1. \u0160to\u010dek (SR\/Topforex &#8211; Att Investments Pro Cycling Team) 3:45:18, 2. Zah\u00e1lka (Elkov Kasper), 3. Schuran (AC Sparta Praha), 4. Kaloj\u00edros (Cycling Academy Tren\u010d\u00edn), 5. Tyrpekl (Topforex &#8211; Att Investments Pro Cycling Team), 6. Reissig (N\u011bm.) v\u0161ichni stejn\u00fd \u010das. <\/p>\n\n\n\n<p>Pr\u016fb\u011b\u017en\u00e9 po\u0159ad\u00ed: <\/p>\n\n\n\n<p>1. Turek (Felbermayr Simplon Wels) 135, 2. Kukrle (Elkov Kasper) 115, 3. Camrda (Topforex &#8211; Att Investments Pro Cycling Team) 100, 4. A. \u0164oupal\u00edk (Elkov Kasper) 88, 5. Zah\u00e1lka 83, 6. Otruba (Elkov Kasper) 73. <\/p>\n\n\n\n<p>FOTO Jan Brychta<\/p>\n\n\n\n<figure class=\"wp-block-image size-large\"><img loading=\"lazy\" decoding=\"async\" width=\"1024\" height=\"682\" src=\"https:\/\/www.czechcyclingfederation.com\/wp-content\/uploads\/2021\/07\/Stocek-DSC_5514-1024x682.jpg\" alt=\"\" class=\"wp-image-8297\" srcset=\"https:\/\/www.czechcyclingfederation.com\/wp-content\/uploads\/2021\/07\/Stocek-DSC_5514-1024x682.jpg 1024w, https:\/\/www.czechcyclingfederation.com\/wp-content\/uploads\/2021\/07\/Stocek-DSC_5514-300x200.jpg 300w, https:\/\/www.czechcyclingfederation.com\/wp-content\/uploads\/2021\/07\/Stocek-DSC_5514-768x511.jpg 768w, https:\/\/www.czechcyclingfederation.com\/wp-content\/uploads\/2021\/07\/Stocek-DSC_5514-1536x1022.jpg 1536w, https:\/\/www.czechcyclingfederation.com\/wp-content\/uploads\/2021\/07\/Stocek-DSC_5514-2048x1363.jpg 2048w, https:\/\/www.czechcyclingfederation.com\/wp-content\/uploads\/2021\/07\/Stocek-DSC_5514-1320x879.jpg 1320w\" sizes=\"auto, (max-width: 1024px) 100vw, 1024px\" \/><\/figure>\n\n\n\n<figure class=\"wp-block-image size-large\"><img loading=\"lazy\" decoding=\"async\" width=\"1024\" height=\"683\" src=\"https:\/\/www.czechcyclingfederation.com\/wp-content\/uploads\/2021\/07\/DSC_5338-1024x683.jpg\" alt=\"\" class=\"wp-image-8298\" srcset=\"https:\/\/www.czechcyclingfederation.com\/wp-content\/uploads\/2021\/07\/DSC_5338-1024x683.jpg 1024w, https:\/\/www.czechcyclingfederation.com\/wp-content\/uploads\/2021\/07\/DSC_5338-300x200.jpg 300w, https:\/\/www.czechcyclingfederation.com\/wp-content\/uploads\/2021\/07\/DSC_5338-768x512.jpg 768w, https:\/\/www.czechcyclingfederation.com\/wp-content\/uploads\/2021\/07\/DSC_5338-1536x1024.jpg 1536w, https:\/\/www.czechcyclingfederation.com\/wp-content\/uploads\/2021\/07\/DSC_5338-1320x880.jpg 1320w, https:\/\/www.czechcyclingfederation.com\/wp-content\/uploads\/2021\/07\/DSC_5338.jpg 1920w\" sizes=\"auto, (max-width: 1024px) 100vw, 1024px\" \/><\/figure>\n\n\n\n<figure class=\"wp-block-image size-large\"><img loading=\"lazy\" decoding=\"async\" width=\"1024\" height=\"682\" src=\"https:\/\/www.czechcyclingfederation.com\/wp-content\/uploads\/2021\/07\/DSC_5435-1024x682.jpg\" alt=\"\" class=\"wp-image-8299\" srcset=\"https:\/\/www.czechcyclingfederation.com\/wp-content\/uploads\/2021\/07\/DSC_5435-1024x682.jpg 1024w, https:\/\/www.czechcyclingfederation.com\/wp-content\/uploads\/2021\/07\/DSC_5435-300x200.jpg 300w, https:\/\/www.czechcyclingfederation.com\/wp-content\/uploads\/2021\/07\/DSC_5435-768x511.jpg 768w, https:\/\/www.czechcyclingfederation.com\/wp-content\/uploads\/2021\/07\/DSC_5435-1536x1022.jpg 1536w, https:\/\/www.czechcyclingfederation.com\/wp-content\/uploads\/2021\/07\/DSC_5435-2048x1363.jpg 2048w, https:\/\/www.czechcyclingfederation.com\/wp-content\/uploads\/2021\/07\/DSC_5435-1320x879.jpg 1320w\" sizes=\"auto, (max-width: 1024px) 100vw, 1024px\" \/><\/figure>\n\n\n\n<figure class=\"wp-block-image size-large\"><img loading=\"lazy\" decoding=\"async\" width=\"1024\" height=\"682\" src=\"https:\/\/www.czechcyclingfederation.com\/wp-content\/uploads\/2021\/07\/Schuran-Stocek-Zahalka-DSC_5511-1024x682.jpg\" alt=\"\" class=\"wp-image-8300\" srcset=\"https:\/\/www.czechcyclingfederation.com\/wp-content\/uploads\/2021\/07\/Schuran-Stocek-Zahalka-DSC_5511-1024x682.jpg 1024w, https:\/\/www.czechcyclingfederation.com\/wp-content\/uploads\/2021\/07\/Schuran-Stocek-Zahalka-DSC_5511-300x200.jpg 300w, https:\/\/www.czechcyclingfederation.com\/wp-content\/uploads\/2021\/07\/Schuran-Stocek-Zahalka-DSC_5511-768x511.jpg 768w, https:\/\/www.czechcyclingfederation.com\/wp-content\/uploads\/2021\/07\/Schuran-Stocek-Zahalka-DSC_5511-1536x1022.jpg 1536w, https:\/\/www.czechcyclingfederation.com\/wp-content\/uploads\/2021\/07\/Schuran-Stocek-Zahalka-DSC_5511-2048x1363.jpg 2048w, https:\/\/www.czechcyclingfederation.com\/wp-content\/uploads\/2021\/07\/Schuran-Stocek-Zahalka-DSC_5511-1320x879.jpg 1320w\" sizes=\"auto, (max-width: 1024px) 100vw, 1024px\" \/><\/figure>\n","protected":false},"excerpt":{"rendered":"<p>P\u00e1t\u00fd z\u00e1vod sedmid\u00edln\u00e9ho seri\u00e1lu \u0160KODA Cup \u010cesk\u00e9ho poh\u00e1ru v Z\u00e1bo\u0159\u00ed u Blatn\u00e9 vyhr\u00e1l slovensk\u00fd mlad\u00edk Mat\u00fa\u0161 \u0160to\u010dek (Topforex &#8211; Att Investments Pro Cycling Team) a pro svoji st\u00e1j z\u00edskal prvn\u00ed leto\u0161n\u00ed v\u00edt\u011bzstv\u00ed ve \u0160KODA Cupu. Trikot nejlep\u0161\u00edho z\u00e1vodn\u00edka seri\u00e1lu si udr\u017eel, p\u0159esto\u017ee dnes nestartoval, Daniel Turek (Felbermayr Simplon Wels). Z\u00e1vod na 12 okruh\u016f ze Z\u00e1bo\u0159\u00ed [&hellip;]<\/p>\n","protected":false},"author":8,"featured_media":8296,"comment_status":"closed","ping_status":"open","sticky":false,"template":"","format":"standard","meta":{"footnotes":""},"categories":[2,18],"tags":[11],"class_list":["post-8295","post","type-post","status-publish","format-standard","has-post-thumbnail","hentry","category-novinky","category-silnice","tag-silnice"],"_links":{"self":[{"href":"https:\/\/www.czechcyclingfederation.com\/en\/wp-json\/wp\/v2\/posts\/8295","targetHints":{"allow":["GET"]}}],"collection":[{"href":"https:\/\/www.czechcyclingfederation.com\/en\/wp-json\/wp\/v2\/posts"}],"about":[{"href":"https:\/\/www.czechcyclingfederation.com\/en\/wp-json\/wp\/v2\/types\/post"}],"author":[{"embeddable":true,"href":"https:\/\/www.czechcyclingfederation.com\/en\/wp-json\/wp\/v2\/users\/8"}],"replies":[{"embeddable":true,"href":"https:\/\/www.czechcyclingfederation.com\/en\/wp-json\/wp\/v2\/comments?post=8295"}],"version-history":[{"count":1,"href":"https:\/\/www.czechcyclingfederation.com\/en\/wp-json\/wp\/v2\/posts\/8295\/revisions"}],"predecessor-version":[{"id":8301,"href":"https:\/\/www.czechcyclingfederation.com\/en\/wp-json\/wp\/v2\/posts\/8295\/revisions\/8301"}],"wp:featuredmedia":[{"embeddable":true,"href":"https:\/\/www.czechcyclingfederation.com\/en\/wp-json\/wp\/v2\/media\/8296"}],"wp:attachment":[{"href":"https:\/\/www.czechcyclingfederation.com\/en\/wp-json\/wp\/v2\/media?parent=8295"}],"wp:term":[{"taxonomy":"category","embeddable":true,"href":"https:\/\/www.czechcyclingfederation.com\/en\/wp-json\/wp\/v2\/categories?post=8295"},{"taxonomy":"post_tag","embeddable":true,"href":"https:\/\/www.czechcyclingfederation.com\/en\/wp-json\/wp\/v2\/tags?post=8295"}],"curies":[{"name":"wp","href":"https:\/\/api.w.org\/{rel}","templated":true}]}}