{"id":8062,"date":"2021-07-19T13:09:31","date_gmt":"2021-07-19T11:09:31","guid":{"rendered":"https:\/\/www.czechcyclingfederation.com\/?p=8062"},"modified":"2021-07-19T13:09:34","modified_gmt":"2021-07-19T11:09:34","slug":"junior-kadlec-vyhral-mezinarodni-dny-cyklistiky","status":"publish","type":"post","link":"https:\/\/www.czechcyclingfederation.com\/en\/junior-kadlec-vyhral-mezinarodni-dny-cyklistiky\/","title":{"rendered":"Junior Kadlec vyhr\u00e1l Mezin\u00e1rodn\u00ed dny cyklistiky"},"content":{"rendered":"\n<p>Velmi \u00fasp\u011b\u0161n\u011b si vedli \u010de\u0161t\u00ed junio\u0159i na etapov\u00e9m z\u00e1vod\u011b UCI 2.1 Mezin\u00e1rodn\u00ed dny cyklistiky v Dubnici nad V\u00e1hom. V reprezenta\u010dn\u00edm trikotu jedouc\u00ed Milan Kadlec vybojoval prvenstv\u00ed, kdy\u017e byl o dv\u011b vte\u0159iny lep\u0161\u00ed jak jeho kolega Pavel Nov\u00e1k.<\/p>\n\n\n\n<p>\u00dasp\u011bch \u010desk\u00fdch barev podtrhl \u010dtvrt\u00fdm m\u00edstem \u0160t\u011bp\u00e1n Teleck\u00fd jedouc\u00ed v t\u00fdmu TJ Favorit Brno a dev\u00e1t\u00fd byl klasifikov\u00e1n Daniel Sporysch, dal\u0161\u00ed z\u00e1vodn\u00edk z \u010desk\u00e9ho reprezenta\u010dn\u00edho v\u00fdb\u011bru.<\/p>\n\n\n\n<p>V\u00fdsledky:<\/p>\n\n\n\n<p>1. Kadlec 6:51:05, 2. Nov\u00e1k (oba \u010cR) +2, 3. Kramer (Niz.) +13, 4. Teleck\u00fd (TJ Favorit Brno) +16, 5. Buiter (Niz.) +24, 6. Meszaros (Ma\u010f.) +30, &#8230;9. Sporysch (\u010cR) +35, 15. Luke\u0161 (Willebrord Wil Vooruit) +1:26, 16. Havrlant +1:27, 22. Mr\u00e1z (oba Mapei Merida Ka\u0148kovsk\u00fd) +2:16.<\/p>\n","protected":false},"excerpt":{"rendered":"<p>Velmi \u00fasp\u011b\u0161n\u011b si vedli \u010de\u0161t\u00ed junio\u0159i na etapov\u00e9m z\u00e1vod\u011b UCI 2.1 Mezin\u00e1rodn\u00ed dny cyklistiky v Dubnici nad V\u00e1hom. V reprezenta\u010dn\u00edm trikotu jedouc\u00ed Milan Kadlec vybojoval prvenstv\u00ed, kdy\u017e byl o dv\u011b vte\u0159iny lep\u0161\u00ed jak jeho kolega Pavel Nov\u00e1k. \u00dasp\u011bch \u010desk\u00fdch barev podtrhl \u010dtvrt\u00fdm m\u00edstem \u0160t\u011bp\u00e1n Teleck\u00fd jedouc\u00ed v t\u00fdmu TJ Favorit Brno a dev\u00e1t\u00fd byl klasifikov\u00e1n [&hellip;]<\/p>\n","protected":false},"author":8,"featured_media":8063,"comment_status":"closed","ping_status":"open","sticky":false,"template":"","format":"standard","meta":{"footnotes":""},"categories":[2,18],"tags":[11],"class_list":["post-8062","post","type-post","status-publish","format-standard","has-post-thumbnail","hentry","category-novinky","category-silnice","tag-silnice"],"_links":{"self":[{"href":"https:\/\/www.czechcyclingfederation.com\/en\/wp-json\/wp\/v2\/posts\/8062","targetHints":{"allow":["GET"]}}],"collection":[{"href":"https:\/\/www.czechcyclingfederation.com\/en\/wp-json\/wp\/v2\/posts"}],"about":[{"href":"https:\/\/www.czechcyclingfederation.com\/en\/wp-json\/wp\/v2\/types\/post"}],"author":[{"embeddable":true,"href":"https:\/\/www.czechcyclingfederation.com\/en\/wp-json\/wp\/v2\/users\/8"}],"replies":[{"embeddable":true,"href":"https:\/\/www.czechcyclingfederation.com\/en\/wp-json\/wp\/v2\/comments?post=8062"}],"version-history":[{"count":1,"href":"https:\/\/www.czechcyclingfederation.com\/en\/wp-json\/wp\/v2\/posts\/8062\/revisions"}],"predecessor-version":[{"id":8064,"href":"https:\/\/www.czechcyclingfederation.com\/en\/wp-json\/wp\/v2\/posts\/8062\/revisions\/8064"}],"wp:featuredmedia":[{"embeddable":true,"href":"https:\/\/www.czechcyclingfederation.com\/en\/wp-json\/wp\/v2\/media\/8063"}],"wp:attachment":[{"href":"https:\/\/www.czechcyclingfederation.com\/en\/wp-json\/wp\/v2\/media?parent=8062"}],"wp:term":[{"taxonomy":"category","embeddable":true,"href":"https:\/\/www.czechcyclingfederation.com\/en\/wp-json\/wp\/v2\/categories?post=8062"},{"taxonomy":"post_tag","embeddable":true,"href":"https:\/\/www.czechcyclingfederation.com\/en\/wp-json\/wp\/v2\/tags?post=8062"}],"curies":[{"name":"wp","href":"https:\/\/api.w.org\/{rel}","templated":true}]}}