{"id":7928,"date":"2021-07-14T17:39:28","date_gmt":"2021-07-14T15:39:28","guid":{"rendered":"https:\/\/www.czechcyclingfederation.com\/?p=7928"},"modified":"2021-07-14T17:39:30","modified_gmt":"2021-07-14T15:39:30","slug":"sc-svitavka-zvitezila-ve-druhem-kole-skoda-extraligy-v-kolove","status":"publish","type":"post","link":"https:\/\/www.czechcyclingfederation.com\/en\/sc-svitavka-zvitezila-ve-druhem-kole-skoda-extraligy-v-kolove\/","title":{"rendered":"SC Svit\u00e1vka zv\u00edt\u011bzila ve druh\u00e9m kole \u0160KODA Extraligy v kolov\u00e9"},"content":{"rendered":"\n<p>Nejvy\u0161\u0161\u00ed \u010desk\u00e1 liga v kolov\u00e9 kategorie Elite pokra\u010dovala po t\u0159ech t\u00fddnech druh\u00fdm sout\u011b\u017en\u00edm kolem, kter\u00e9 se konalo op\u011bt ve sportovn\u00ed hale v Nezamyslic\u00edch. Z v\u00edt\u011bzstv\u00ed v turnaji se radovala nejzku\u0161en\u011bj\u0161\u00ed dvojice ze Svit\u00e1vky ve slo\u017een\u00ed Ji\u0159\u00ed Hrdli\u010dka a Pavel Loskot, po druh\u00e9m kole pr\u016fb\u011b\u017en\u011b vedou Nezamyslice (Martin P\u0159ikryl\/Petr P\u0159ikryl).<\/p>\n\n\n\n<p>Leto\u0161n\u00ed sez\u00f3na obsahuje pouze t\u0159i sout\u011b\u017en\u00ed kola a mistrovstv\u00ed \u010cR. Pro v\u0161echny t\u00fdmy bylo velmi d\u016fle\u017eit\u00e9 z\u00edskat dostate\u010dn\u00fd po\u010det bod\u016f pro co nejlep\u0161\u00ed celkov\u00e9 po\u0159ad\u00ed p\u0159ed podzimn\u00edm pokra\u010dov\u00e1n\u00edm sout\u011b\u017ee. V\u00fdsledky druh\u00e9ho kola v\u0161ak v\u00fdrazn\u011b zam\u00edchaly po\u0159ad\u00edm a zd\u00e1 a takto vyrovnan\u00fd bodov\u00fd stav po dvou odehran\u00fdch kolech nejvy\u0161\u0161\u00ed liga dlouho nepamatuje.<\/p>\n\n\n\n<p>Po prvn\u00edm kole vedouc\u00ed t\u00fdm Favoritu Brno (Jan Havl\u00ed\u010dek\/Robert Zvol\u00e1nek) nem\u011bl tentokr\u00e1t sv\u016fj den a obsadil p\u00e1t\u00e9 m\u00edsto. V celkov\u00e9m po\u0159ad\u00ed se Favorit Brno d\u011bl\u00ed o druh\u00e9 a t\u0159et\u00ed m\u00edsto se shodn\u00fdm po\u010dtem 22 bod\u016f s v\u00edt\u011bznou SC Svit\u00e1vkou.<\/p>\n\n\n\n<p>Pr\u00e1v\u011b SC Svit\u00e1vka, \u00fa\u0159aduj\u00edc\u00ed mistr \u010cR, od\u010dinil sv\u00e9e nepoveden\u00e9 vystoupen\u00ed a ve druh\u00e9m kole se ztr\u00e1tou pouh\u00fdch p\u011bti bod\u016f za jednu prohru se sv\u00fdmi mlad\u0161\u00edmi odd\u00edlov\u00fdmi kolegy a jednu rem\u00edzu s t\u00fdmem Sokola Zl\u00edn \u2013 Pr\u0161tn\u00e9 1, zv\u00edt\u011bzila. Dom\u00e1c\u00edmu t\u00fdmu SC Prima Nezamyslice (Martin P\u0159ikryl\/Petr P\u0159ikryl) se na turnaji da\u0159ilo t\u00e9m\u011b\u0159 stejn\u011b jako na prvn\u00edm kole a op\u011bt dok\u00e1zal porazit \u010di potr\u00e1pit zku\u0161en\u011bj\u0161\u00ed soupe\u0159e. Z \u0161esti z\u00e1pas\u016f utrp\u011bli dom\u00e1c\u00ed hr\u00e1\u010di prohru pouze jednou proti t\u00fdmu ze Svit\u00e1vky a dvakr\u00e1t remizovali a obsadili op\u011bt druh\u00e9 m\u00edsto v turnaji a d\u00edky tou jsou po dvou odehran\u00fdch kolech s 23 body pr\u016fb\u011b\u017en\u011b na prvn\u00edm m\u00edst\u011b jak v tabulce, tak v kvalifikaci o \u00fa\u010dast na MS pro leto\u0161n\u00ed rok a tak\u00e9 v kvalifikaci pro \u00fa\u010dast na SP v roce 2022.<\/p>\n\n\n\n<p>Dvojice MO Svit\u00e1vky (Ji\u0159\u00ed Hrdli\u010dka ml.\/Roman Stan\u011bk ), kter\u00e1 na prvn\u00edm turnaji z\u00edskala 10 bod\u016f a t\u0159et\u00ed m\u00edsto, se nyn\u00ed se stejn\u00fdm po\u010dtem z\u00edskan\u00fdch bod\u016f musela spokojit a\u017e se \u010dtvrt\u00fdm m\u00edstem kv\u016fli hor\u0161\u00edmu vz\u00e1jemn\u00e9mu z\u00e1pasu.<\/p>\n\n\n\n<p>Pr\u016fb\u011b\u017en\u00e9 po\u0159ad\u00ed po druh\u00e9m kole:<\/p>\n\n\n\n<p>1. SC Prima Nezamyslice \u2013 23 bod\u016f<\/p>\n\n\n\n<p>2. Favorit Brno \u2013 22 bod\u016f<\/p>\n\n\n\n<p>3. SC Svit\u00e1vka \u2013 22 bod\u016f<\/p>\n\n\n\n<p>4. MO Svit\u00e1vka \u2013 20 bod\u016f<\/p>\n\n\n\n<p>5. Sokol Zl\u00edn \u2013 Pr\u0161tn\u00e9 1 \u2013 16 bod\u016f<\/p>\n\n\n\n<p>6. Sokol Zl\u00edn \u2013 Pr\u0161tn\u00e9 2 \u2013 15 bod\u016f<\/p>\n\n\n\n<p>7. Sokol \u0160itbo\u0159ice \u2013 4 body.<\/p>\n\n\n\n<p>O kone\u010dn\u00e9m po\u0159ad\u00ed, postupuj\u00edc\u00edch na M\u010cR a tak\u00e9 o tom, kdo bude moci d\u00e1le bojovat o \u00fa\u010dast na MS a SP pro p\u0159\u00ed\u0161t\u00ed rok, rozhodne t\u0159et\u00ed a posledn\u00ed kolo \u0160KODA Extraligy , kter\u00e9 se uskute\u010dn\u00ed dne 11. z\u00e1\u0159\u00ed ve Svit\u00e1vce.<\/p>\n\n\n\n<p>FOTO Marek Topol\u00e1\u0159<\/p>\n\n\n\n<figure class=\"wp-block-image size-large\"><img loading=\"lazy\" decoding=\"async\" width=\"1024\" height=\"768\" src=\"https:\/\/www.czechcyclingfederation.com\/wp-content\/uploads\/2021\/07\/884CDE45-8878-44A9-A5FF-4ADBAF8D437D-1024x768.jpeg\" alt=\"\" class=\"wp-image-7930\" srcset=\"https:\/\/www.czechcyclingfederation.com\/wp-content\/uploads\/2021\/07\/884CDE45-8878-44A9-A5FF-4ADBAF8D437D-1024x768.jpeg 1024w, https:\/\/www.czechcyclingfederation.com\/wp-content\/uploads\/2021\/07\/884CDE45-8878-44A9-A5FF-4ADBAF8D437D-267x200.jpeg 267w, https:\/\/www.czechcyclingfederation.com\/wp-content\/uploads\/2021\/07\/884CDE45-8878-44A9-A5FF-4ADBAF8D437D-768x576.jpeg 768w, https:\/\/www.czechcyclingfederation.com\/wp-content\/uploads\/2021\/07\/884CDE45-8878-44A9-A5FF-4ADBAF8D437D-1536x1152.jpeg 1536w, https:\/\/www.czechcyclingfederation.com\/wp-content\/uploads\/2021\/07\/884CDE45-8878-44A9-A5FF-4ADBAF8D437D-2048x1536.jpeg 2048w, https:\/\/www.czechcyclingfederation.com\/wp-content\/uploads\/2021\/07\/884CDE45-8878-44A9-A5FF-4ADBAF8D437D-1320x990.jpeg 1320w\" sizes=\"auto, (max-width: 1024px) 100vw, 1024px\" \/><\/figure>\n\n\n\n<figure class=\"wp-block-image size-large\"><img loading=\"lazy\" decoding=\"async\" width=\"1024\" height=\"683\" src=\"https:\/\/www.czechcyclingfederation.com\/wp-content\/uploads\/2021\/07\/A9I06510-1-1024x683.jpg\" alt=\"\" class=\"wp-image-7931\" srcset=\"https:\/\/www.czechcyclingfederation.com\/wp-content\/uploads\/2021\/07\/A9I06510-1-1024x683.jpg 1024w, https:\/\/www.czechcyclingfederation.com\/wp-content\/uploads\/2021\/07\/A9I06510-1-300x200.jpg 300w, https:\/\/www.czechcyclingfederation.com\/wp-content\/uploads\/2021\/07\/A9I06510-1-768x512.jpg 768w, https:\/\/www.czechcyclingfederation.com\/wp-content\/uploads\/2021\/07\/A9I06510-1-1320x880.jpg 1320w, https:\/\/www.czechcyclingfederation.com\/wp-content\/uploads\/2021\/07\/A9I06510-1.jpg 1500w\" sizes=\"auto, (max-width: 1024px) 100vw, 1024px\" \/><\/figure>\n\n\n\n<figure class=\"wp-block-image size-large\"><img loading=\"lazy\" decoding=\"async\" width=\"1024\" height=\"683\" src=\"https:\/\/www.czechcyclingfederation.com\/wp-content\/uploads\/2021\/07\/A9I06561-1-1-1024x683.jpg\" alt=\"\" class=\"wp-image-7932\" srcset=\"https:\/\/www.czechcyclingfederation.com\/wp-content\/uploads\/2021\/07\/A9I06561-1-1-1024x683.jpg 1024w, https:\/\/www.czechcyclingfederation.com\/wp-content\/uploads\/2021\/07\/A9I06561-1-1-300x200.jpg 300w, https:\/\/www.czechcyclingfederation.com\/wp-content\/uploads\/2021\/07\/A9I06561-1-1-768x512.jpg 768w, https:\/\/www.czechcyclingfederation.com\/wp-content\/uploads\/2021\/07\/A9I06561-1-1-1320x880.jpg 1320w, https:\/\/www.czechcyclingfederation.com\/wp-content\/uploads\/2021\/07\/A9I06561-1-1.jpg 1500w\" sizes=\"auto, (max-width: 1024px) 100vw, 1024px\" \/><\/figure>\n\n\n\n<figure class=\"wp-block-image size-large\"><img loading=\"lazy\" decoding=\"async\" width=\"1024\" height=\"683\" src=\"https:\/\/www.czechcyclingfederation.com\/wp-content\/uploads\/2021\/07\/A9I06631-1-1024x683.jpg\" alt=\"\" class=\"wp-image-7933\" srcset=\"https:\/\/www.czechcyclingfederation.com\/wp-content\/uploads\/2021\/07\/A9I06631-1-1024x683.jpg 1024w, https:\/\/www.czechcyclingfederation.com\/wp-content\/uploads\/2021\/07\/A9I06631-1-300x200.jpg 300w, https:\/\/www.czechcyclingfederation.com\/wp-content\/uploads\/2021\/07\/A9I06631-1-768x512.jpg 768w, https:\/\/www.czechcyclingfederation.com\/wp-content\/uploads\/2021\/07\/A9I06631-1-1320x880.jpg 1320w, https:\/\/www.czechcyclingfederation.com\/wp-content\/uploads\/2021\/07\/A9I06631-1.jpg 1500w\" sizes=\"auto, (max-width: 1024px) 100vw, 1024px\" \/><\/figure>\n","protected":false},"excerpt":{"rendered":"<p>Nejvy\u0161\u0161\u00ed \u010desk\u00e1 liga v kolov\u00e9 kategorie Elite pokra\u010dovala po t\u0159ech t\u00fddnech druh\u00fdm sout\u011b\u017en\u00edm kolem, kter\u00e9 se konalo op\u011bt ve sportovn\u00ed hale v Nezamyslic\u00edch. Z v\u00edt\u011bzstv\u00ed v turnaji se radovala nejzku\u0161en\u011bj\u0161\u00ed dvojice ze Svit\u00e1vky ve slo\u017een\u00ed Ji\u0159\u00ed Hrdli\u010dka a Pavel Loskot, po druh\u00e9m kole pr\u016fb\u011b\u017en\u011b vedou Nezamyslice (Martin P\u0159ikryl\/Petr P\u0159ikryl). Leto\u0161n\u00ed sez\u00f3na obsahuje pouze t\u0159i sout\u011b\u017en\u00ed [&hellip;]<\/p>\n","protected":false},"author":8,"featured_media":7929,"comment_status":"closed","ping_status":"open","sticky":false,"template":"","format":"standard","meta":{"footnotes":""},"categories":[2,60],"tags":[61],"class_list":["post-7928","post","type-post","status-publish","format-standard","has-post-thumbnail","hentry","category-novinky","category-salovka","tag-salovka"],"_links":{"self":[{"href":"https:\/\/www.czechcyclingfederation.com\/en\/wp-json\/wp\/v2\/posts\/7928","targetHints":{"allow":["GET"]}}],"collection":[{"href":"https:\/\/www.czechcyclingfederation.com\/en\/wp-json\/wp\/v2\/posts"}],"about":[{"href":"https:\/\/www.czechcyclingfederation.com\/en\/wp-json\/wp\/v2\/types\/post"}],"author":[{"embeddable":true,"href":"https:\/\/www.czechcyclingfederation.com\/en\/wp-json\/wp\/v2\/users\/8"}],"replies":[{"embeddable":true,"href":"https:\/\/www.czechcyclingfederation.com\/en\/wp-json\/wp\/v2\/comments?post=7928"}],"version-history":[{"count":1,"href":"https:\/\/www.czechcyclingfederation.com\/en\/wp-json\/wp\/v2\/posts\/7928\/revisions"}],"predecessor-version":[{"id":7934,"href":"https:\/\/www.czechcyclingfederation.com\/en\/wp-json\/wp\/v2\/posts\/7928\/revisions\/7934"}],"wp:featuredmedia":[{"embeddable":true,"href":"https:\/\/www.czechcyclingfederation.com\/en\/wp-json\/wp\/v2\/media\/7929"}],"wp:attachment":[{"href":"https:\/\/www.czechcyclingfederation.com\/en\/wp-json\/wp\/v2\/media?parent=7928"}],"wp:term":[{"taxonomy":"category","embeddable":true,"href":"https:\/\/www.czechcyclingfederation.com\/en\/wp-json\/wp\/v2\/categories?post=7928"},{"taxonomy":"post_tag","embeddable":true,"href":"https:\/\/www.czechcyclingfederation.com\/en\/wp-json\/wp\/v2\/tags?post=7928"}],"curies":[{"name":"wp","href":"https:\/\/api.w.org\/{rel}","templated":true}]}}