{"id":7897,"date":"2021-07-15T00:03:00","date_gmt":"2021-07-14T22:03:00","guid":{"rendered":"https:\/\/www.czechcyclingfederation.com\/?p=7897"},"modified":"2021-07-15T08:49:29","modified_gmt":"2021-07-15T06:49:29","slug":"sleduj-zive-v4-brno-mikulov-brno","status":"publish","type":"post","link":"https:\/\/www.czechcyclingfederation.com\/en\/sleduj-zive-v4-brno-mikulov-brno\/","title":{"rendered":"Sleduj \u017eiv\u011b: V4 BRNO-MIKULOV-BRNO"},"content":{"rendered":"\n<p>Sleduj \u017eiv\u011b z\u00e1vod <strong>Visegrad 4 Bicycle Race &#8211; Brno-Mikulov-Brno<\/strong>. \u017div\u00fd p\u0159enos za\u010d\u00edn\u00e1 <strong>v sobotu 17. \u010dervence v 08:45<\/strong> a z\u00e1vod pak <strong>startuje v 9:00<\/strong>.<\/p>\n\n\n\n<div style=\"text-align: center;\">\n\t<iframe loading=\"lazy\" allow=\"accelerometer; autoplay; clipboard-write; encrypted-media; gyroscope; picture-in-picture\" allowfullscreen=\"\" frameborder=\"0\" height=\"415\" src=\"https:\/\/www.youtube.com\/embed\/0iUe3Lhdg14\" title=\"YouTube video player\" width=\"660\"><\/iframe><\/div>\n","protected":false},"excerpt":{"rendered":"<p>Sleduj \u017eiv\u011b z\u00e1vod Visegrad 4 Bicycle Race &#8211; Brno-Mikulov-Brno. \u017div\u00fd p\u0159enos za\u010d\u00edn\u00e1 v sobotu 17. \u010dervence v 08:45 a z\u00e1vod pak startuje v 9:00.<\/p>\n","protected":false},"author":9,"featured_media":7856,"comment_status":"closed","ping_status":"open","sticky":false,"template":"","format":"standard","meta":{"footnotes":""},"categories":[2,18],"tags":[11],"class_list":["post-7897","post","type-post","status-publish","format-standard","has-post-thumbnail","hentry","category-novinky","category-silnice","tag-silnice"],"_links":{"self":[{"href":"https:\/\/www.czechcyclingfederation.com\/en\/wp-json\/wp\/v2\/posts\/7897","targetHints":{"allow":["GET"]}}],"collection":[{"href":"https:\/\/www.czechcyclingfederation.com\/en\/wp-json\/wp\/v2\/posts"}],"about":[{"href":"https:\/\/www.czechcyclingfederation.com\/en\/wp-json\/wp\/v2\/types\/post"}],"author":[{"embeddable":true,"href":"https:\/\/www.czechcyclingfederation.com\/en\/wp-json\/wp\/v2\/users\/9"}],"replies":[{"embeddable":true,"href":"https:\/\/www.czechcyclingfederation.com\/en\/wp-json\/wp\/v2\/comments?post=7897"}],"version-history":[{"count":1,"href":"https:\/\/www.czechcyclingfederation.com\/en\/wp-json\/wp\/v2\/posts\/7897\/revisions"}],"predecessor-version":[{"id":7899,"href":"https:\/\/www.czechcyclingfederation.com\/en\/wp-json\/wp\/v2\/posts\/7897\/revisions\/7899"}],"wp:featuredmedia":[{"embeddable":true,"href":"https:\/\/www.czechcyclingfederation.com\/en\/wp-json\/wp\/v2\/media\/7856"}],"wp:attachment":[{"href":"https:\/\/www.czechcyclingfederation.com\/en\/wp-json\/wp\/v2\/media?parent=7897"}],"wp:term":[{"taxonomy":"category","embeddable":true,"href":"https:\/\/www.czechcyclingfederation.com\/en\/wp-json\/wp\/v2\/categories?post=7897"},{"taxonomy":"post_tag","embeddable":true,"href":"https:\/\/www.czechcyclingfederation.com\/en\/wp-json\/wp\/v2\/tags?post=7897"}],"curies":[{"name":"wp","href":"https:\/\/api.w.org\/{rel}","templated":true}]}}