{"id":7834,"date":"2021-07-10T22:05:42","date_gmt":"2021-07-10T20:05:42","guid":{"rendered":"https:\/\/www.czechcyclingfederation.com\/?p=7834"},"modified":"2021-07-13T12:49:24","modified_gmt":"2021-07-13T10:49:24","slug":"bikrosarka-bartunkova-ma-bronz-z-me","status":"publish","type":"post","link":"https:\/\/www.czechcyclingfederation.com\/en\/bikrosarka-bartunkova-ma-bronz-z-me\/","title":{"rendered":"Bikrosa\u0159ka Bart\u016f\u0148kov\u00e1 m\u00e1 bronz z ME"},"content":{"rendered":"\n<p>\u010cesk\u00fd bikros slav\u00ed medailov\u00fd \u00fasp\u011bch z&nbsp;mistrovstv\u00ed Evropy. Postarala se o to v&nbsp;belgick\u00e9m Zoldreu Eli\u0161ka Bart\u016f\u0148kov\u00e1 v&nbsp;kategorii U23, kdy\u017e vybojovala bronz. Nad jej\u00ed s\u00edly byly pouze Nadine Aeberhardov\u00e1 ze \u0160v\u00fdcarska a Nizozemka Indy Scheepersov\u00e1.<\/p>\n\n\n\n<p>&#8220;Jsem \u00fapln\u011b nad\u0161en\u00e1, ne\u010dekala jsem to. Pocity jsou kr\u00e1sn\u00e9, \u00fa\u017easn\u00e9. Ji\u017e v sezon\u011b jsem zaj\u00ed\u017ed\u011bla dobr\u00e9 a doufala jsem, \u017ee mohu zajet fin\u00e1le. Bedna to je n\u011bco navrch,&#8221; \u0159ekla po zisku cenn\u00e9ho kovu Eli\u0161ka Bart\u016f\u0148kov\u00e1 a pokra\u010dovala. &#8220;Hodn\u011b jsem tr\u00e9novala a v\u00fdsledky se dostavuj\u00ed. Nyn\u00ed budeme m\u00edt chv\u00edli volno a za m\u011bs\u00edc MS v nizozemsk\u00e9m Papendalu, kde pojedu v elite women a douf\u00e1m, \u017ee i tam se mi poda\u0159\u00ed zajet skv\u011bl\u00fd v\u00fdsledek. T\u00edm by bylo t\u0159eba fin\u00e1le,&#8221; dodala \u010desk\u00e1 medailistka.<\/p>\n\n\n\n<p>T\u0159i zlat\u00e9 medaile vybojovali z\u00e1vodn\u00edci \u0160v\u00fdcarska, kte\u0159\u00ed byli nejlep\u0161\u00ed vedle Aeberhardov\u00e1 i mezi mu\u017ei U23 a mezi \u017eenami, kde zlato z\u00edskala&nbsp; Zoe Claesensov\u00e1. Nejcenn\u011bj\u0161\u00ed kov mezi mu\u017ei vybojoval francouzsk\u00fd jezdec Arthur Pilard.<\/p>\n\n\n\n<p>V\u00fdsledky:<\/p>\n\n\n\n<p>Juniorky:<\/p>\n\n\n\n<p>1. Beltrandov\u00e1 (Fr.), 2. Bulfordov\u00e1 (\u0160v\u00fdc.), 3. Favrelov\u00e1 (Fr.).<\/p>\n\n\n\n<p>Junio\u0159i:<\/p>\n\n\n\n<p>1. Goossens (Niz.), 2. Tugnolo (It.), 3. Melis (Belg.).<\/p>\n\n\n\n<p>\u017deny U23:<\/p>\n\n\n\n<p>1.Aeberhardov\u00e1 (\u0160v\u00fdc,), 2. Scheepersov\u00e1 (Niz.), 3. Eli\u0161ka Bart\u016f\u0148kov\u00e1 (\u010cR).<\/p>\n\n\n\n<p>Mu\u017ei U23:<\/p>\n\n\n\n<p>1. Butti (\u0160v\u00fdc.), 2. Hil (N\u011bm.), 3. Dieuaide (Fr.).<\/p>\n\n\n\n<p>\u017deny:<\/p>\n\n\n\n<p>1. Claesensov\u00e1 (\u0160v\u00fdc.), 2. Valentinov\u00e1, 3. Martinezov\u00e1 (ob\u011b Fr.), 4. Christentsendenov\u00e1 (D\u00e1n.), 5. Afremov\u00e1, 6. Suvorovov\u00e1 (ob\u011b Rus.).<\/p>\n\n\n\n<p>Mu\u017ei:<\/p>\n\n\n\n<p>1. Pilard (Fr.), 2. Schotman (Niz.), 3. Clerte (Fr.), 4. Schippers (Niz.), 5. Katy\u0161ev (Rus.), 6. Ragot Richard (Fr.).<\/p>\n\n\n\n<p>FOTO David Pr\u016f\u0161a<\/p>\n","protected":false},"excerpt":{"rendered":"<p>\u010cesk\u00fd bikros slav\u00ed medailov\u00fd \u00fasp\u011bch z&nbsp;mistrovstv\u00ed Evropy. Postarala se o to v&nbsp;belgick\u00e9m Zoldreu Eli\u0161ka Bart\u016f\u0148kov\u00e1 v&nbsp;kategorii U23, kdy\u017e vybojovala bronz. Nad jej\u00ed s\u00edly byly pouze Nadine Aeberhardov\u00e1 ze \u0160v\u00fdcarska a Nizozemka Indy Scheepersov\u00e1. &#8220;Jsem \u00fapln\u011b nad\u0161en\u00e1, ne\u010dekala jsem to. Pocity jsou kr\u00e1sn\u00e9, \u00fa\u017easn\u00e9. Ji\u017e v sezon\u011b jsem zaj\u00ed\u017ed\u011bla dobr\u00e9 a doufala jsem, \u017ee mohu zajet [&hellip;]<\/p>\n","protected":false},"author":8,"featured_media":7835,"comment_status":"closed","ping_status":"open","sticky":false,"template":"","format":"standard","meta":{"footnotes":""},"categories":[57,2],"tags":[55],"class_list":["post-7834","post","type-post","status-publish","format-standard","has-post-thumbnail","hentry","category-bmx","category-novinky","tag-bmx"],"_links":{"self":[{"href":"https:\/\/www.czechcyclingfederation.com\/en\/wp-json\/wp\/v2\/posts\/7834","targetHints":{"allow":["GET"]}}],"collection":[{"href":"https:\/\/www.czechcyclingfederation.com\/en\/wp-json\/wp\/v2\/posts"}],"about":[{"href":"https:\/\/www.czechcyclingfederation.com\/en\/wp-json\/wp\/v2\/types\/post"}],"author":[{"embeddable":true,"href":"https:\/\/www.czechcyclingfederation.com\/en\/wp-json\/wp\/v2\/users\/8"}],"replies":[{"embeddable":true,"href":"https:\/\/www.czechcyclingfederation.com\/en\/wp-json\/wp\/v2\/comments?post=7834"}],"version-history":[{"count":3,"href":"https:\/\/www.czechcyclingfederation.com\/en\/wp-json\/wp\/v2\/posts\/7834\/revisions"}],"predecessor-version":[{"id":7888,"href":"https:\/\/www.czechcyclingfederation.com\/en\/wp-json\/wp\/v2\/posts\/7834\/revisions\/7888"}],"wp:featuredmedia":[{"embeddable":true,"href":"https:\/\/www.czechcyclingfederation.com\/en\/wp-json\/wp\/v2\/media\/7835"}],"wp:attachment":[{"href":"https:\/\/www.czechcyclingfederation.com\/en\/wp-json\/wp\/v2\/media?parent=7834"}],"wp:term":[{"taxonomy":"category","embeddable":true,"href":"https:\/\/www.czechcyclingfederation.com\/en\/wp-json\/wp\/v2\/categories?post=7834"},{"taxonomy":"post_tag","embeddable":true,"href":"https:\/\/www.czechcyclingfederation.com\/en\/wp-json\/wp\/v2\/tags?post=7834"}],"curies":[{"name":"wp","href":"https:\/\/api.w.org\/{rel}","templated":true}]}}