{"id":7805,"date":"2021-07-09T20:58:45","date_gmt":"2021-07-09T18:58:45","guid":{"rendered":"https:\/\/www.czechcyclingfederation.com\/?p=7805"},"modified":"2021-07-12T10:02:15","modified_gmt":"2021-07-12T08:02:15","slug":"noskova-je-v-desitce-skoda-auto-tour-de-feminin","status":"publish","type":"post","link":"https:\/\/www.czechcyclingfederation.com\/en\/noskova-je-v-desitce-skoda-auto-tour-de-feminin\/","title":{"rendered":"Noskov\u00e1 je v des\u00edtce \u0160KODA AUTO Tour de Feminin"},"content":{"rendered":"\n<p>Druh\u00e1 etapa z\u00e1vodu \u0160KODA AUTO Tour de Feminin v \u010cesk\u00e9 L\u00edp\u011b p\u0159inesla st\u0159\u00edd\u00e1n\u00ed v trikotu vedouc\u00ed z\u00e1vodnice. Italku Vittorii Bussiovou, v\u00edt\u011bzku \u00favodn\u00ed \u010dasovky, vyst\u0159\u00eddala\u00a0 Joscelin Lowdenov\u00e1 z Brit\u00e1nie.<\/p>\n\n\n\n<p>Druhou etapu po 101,7 kilometrech N\u00e1rodn\u00edm parkem \u010cesk\u00e9 \u0160v\u00fdcarsko s p\u0159ev\u00fd\u0161en\u00edm 1734 metr\u016f a se \u010dty\u0159mi vrcha\u0159sk\u00fdmi pr\u00e9miemi vyhr\u00e1la ve spurtu vedouc\u00ed skupiny jedena\u010dty\u0159iceti z\u00e1vodnic Nizozemka Nina Buijsmanov\u00e1 p\u0159ed svoji krajankou Shirin van Anrooijovou. Z \u010desk\u00fdch z\u00e1vodnic byla nejlep\u0161\u00ed na dev\u00e1t\u00e9m m\u00edst\u011b Nikola Bajgerov\u00e1 (MX1 Team Dukla Praha). V prvn\u00ed skupin\u011b byly krom\u011b n\u00ed je\u0161t\u011b Nikola Noskov\u00e1 a Tereza Neumanov\u00e1 jedouc\u00ed v barv\u00e1ch \u010desk\u00e9 reprezentace.<\/p>\n\n\n\n<p>V pr\u016fb\u011b\u017en\u00e9m po\u0159ad\u00ed je z na\u0161ich z\u00e1vodnic zat\u00edm nejv\u00fd\u0161e Noskov\u00e1 na des\u00e1t\u00e9m m\u00edst\u011b se ztr\u00e1tou 54 vte\u0159in na vedouc\u00ed Lowdenovou. Noskov\u00e1 byla dnes shodn\u011b vid\u011bt, kdy\u017e dv\u011b vrcha\u0159sk\u00e9 pr\u00e9mie vyhr\u00e1la jednou byla t\u0159et\u00ed.<\/p>\n\n\n\n<p>V\u00fdsledky:<\/p>\n\n\n\n<p>2. etapa:<\/p>\n\n\n\n<p>1. Buijsmanov\u00e1 2:57:06, 2. van Anrooijov\u00e1 (ob\u011b Niz.), 3. de Wildeov\u00e1 (Belg.), 4. Barilov\u00e1 (Kan.), 5. Catriqueov\u00e1 (Belg.), 6. Yslandov\u00e1 (Nor.), &#8230;9. Bajgerov\u00e1 (MX1 Team Dukla Praha), 24. Noskov\u00e1, 28. Neumanov\u00e1 (ob\u011b \u010cR) v\u0161echny stejn\u00fd \u010das.<\/p>\n\n\n\n<p>Pr\u016fb\u011b\u017en\u00e9 po\u0159ad\u00ed:<\/p>\n\n\n\n<p>1. Lowdenov\u00e1 (Brit.) 3:15:40, 12. Lechnerov\u00e1 (N\u011bm.) +5, 3. van Anrooijov\u00e1 +20, 4. Yslandov\u00e1 +21, 5. Skalniakov\u00e1 (Pol.) +22, 6. \u017digartov\u00e1 (Slovin) +29, &#8230;10. Noskov\u00e1 +54, 23. Bajgerov\u00e1 +1:30, 27. Neumanov\u00e1 +1:38, 35. Macha\u010dov\u00e1 (MX1 Team Dukla Praha Mix) +9:27.<\/p>\n\n\n\n<p>FOTO Tom\u00e1\u0161 Kone\u010dn\u00fd<\/p>\n","protected":false},"excerpt":{"rendered":"<p>Druh\u00e1 etapa z\u00e1vodu \u0160KODA AUTO Tour de Feminin v \u010cesk\u00e9 L\u00edp\u011b p\u0159inesla st\u0159\u00edd\u00e1n\u00ed v trikotu vedouc\u00ed z\u00e1vodnice. Italku Vittorii Bussiovou, v\u00edt\u011bzku \u00favodn\u00ed \u010dasovky, vyst\u0159\u00eddala\u00a0 Joscelin Lowdenov\u00e1 z Brit\u00e1nie. Druhou etapu po 101,7 kilometrech N\u00e1rodn\u00edm parkem \u010cesk\u00e9 \u0160v\u00fdcarsko s p\u0159ev\u00fd\u0161en\u00edm 1734 metr\u016f a se \u010dty\u0159mi vrcha\u0159sk\u00fdmi pr\u00e9miemi vyhr\u00e1la ve spurtu vedouc\u00ed skupiny jedena\u010dty\u0159iceti z\u00e1vodnic Nizozemka Nina [&hellip;]<\/p>\n","protected":false},"author":8,"featured_media":7806,"comment_status":"closed","ping_status":"open","sticky":false,"template":"","format":"standard","meta":{"footnotes":""},"categories":[2,18],"tags":[11],"class_list":["post-7805","post","type-post","status-publish","format-standard","has-post-thumbnail","hentry","category-novinky","category-silnice","tag-silnice"],"_links":{"self":[{"href":"https:\/\/www.czechcyclingfederation.com\/en\/wp-json\/wp\/v2\/posts\/7805","targetHints":{"allow":["GET"]}}],"collection":[{"href":"https:\/\/www.czechcyclingfederation.com\/en\/wp-json\/wp\/v2\/posts"}],"about":[{"href":"https:\/\/www.czechcyclingfederation.com\/en\/wp-json\/wp\/v2\/types\/post"}],"author":[{"embeddable":true,"href":"https:\/\/www.czechcyclingfederation.com\/en\/wp-json\/wp\/v2\/users\/8"}],"replies":[{"embeddable":true,"href":"https:\/\/www.czechcyclingfederation.com\/en\/wp-json\/wp\/v2\/comments?post=7805"}],"version-history":[{"count":1,"href":"https:\/\/www.czechcyclingfederation.com\/en\/wp-json\/wp\/v2\/posts\/7805\/revisions"}],"predecessor-version":[{"id":7807,"href":"https:\/\/www.czechcyclingfederation.com\/en\/wp-json\/wp\/v2\/posts\/7805\/revisions\/7807"}],"wp:featuredmedia":[{"embeddable":true,"href":"https:\/\/www.czechcyclingfederation.com\/en\/wp-json\/wp\/v2\/media\/7806"}],"wp:attachment":[{"href":"https:\/\/www.czechcyclingfederation.com\/en\/wp-json\/wp\/v2\/media?parent=7805"}],"wp:term":[{"taxonomy":"category","embeddable":true,"href":"https:\/\/www.czechcyclingfederation.com\/en\/wp-json\/wp\/v2\/categories?post=7805"},{"taxonomy":"post_tag","embeddable":true,"href":"https:\/\/www.czechcyclingfederation.com\/en\/wp-json\/wp\/v2\/tags?post=7805"}],"curies":[{"name":"wp","href":"https:\/\/api.w.org\/{rel}","templated":true}]}}