{"id":7798,"date":"2021-07-08T23:22:09","date_gmt":"2021-07-08T21:22:09","guid":{"rendered":"https:\/\/www.czechcyclingfederation.com\/?p=7798"},"modified":"2021-07-12T10:00:06","modified_gmt":"2021-07-12T08:00:06","slug":"italka-bussiova-vyhrala-casovku-na-skoda-auto-tour-de-feminin","status":"publish","type":"post","link":"https:\/\/www.czechcyclingfederation.com\/en\/italka-bussiova-vyhrala-casovku-na-skoda-auto-tour-de-feminin\/","title":{"rendered":"Italka Bussiov\u00e1 vyhr\u00e1la \u010dasovku na \u0160KODA AUTO Tour de Feminin"},"content":{"rendered":"\n<p>Italsk\u00e1 z\u00e1vodnice Vittoria Bussiov\u00e1 startujh\u00edc\u00ed v barv\u00e1ch MX1 Team Dukla Praha vyhr\u00e1la \u00favodn\u00ed \u010dasovku \u010dty\u0159etapov\u00e9ho z\u00e1vodu UCI kategorie 2.2 \u0160KODA AUTO Tour de Feminin &#8211; Memori\u00e1l \u0160\u00e1rky V\u00edchov\u00e9\u2011Pe\u0161kov\u00e9 v Kr\u00e1sn\u00e9 L\u00edp\u011b. Na trati dlouh\u00e9 12,6 km porazila o dv\u011b vte\u0159iny Joscelin Lowdenovou z Brit\u00e1ni, t\u0159et\u00ed byla Corinna Lechnerov\u00e1 (N\u011bm.) se ztr\u00e1tou deseti vte\u0159in.<\/p>\n\n\n\n<p>Z \u010desk\u00fdch z\u00e1vodnic byla nejlep\u0161\u00ed \u0161estn\u00e1ct\u00e1 Nikola Noskov\u00e1, kter\u00e1 za v\u00edt\u011bzkou zaostala o 56 vte\u0159in. Do prvn\u00ed pades\u00e1tky v\u00fdsledkov\u00e9 listin se dostal je\u0161t\u011b Nikola Bajgerov\u00e1, Jarmila Macha\u010dov\u00e1 (ob\u011b MX1 Team Dukla Praha) a olympioni\u010dka Tereza Neumanov\u00e1, jedouc\u00ed stejn\u011b jako Noskov\u00e1 v \u010desk\u00e9m reprezenta\u010dn\u00edm v\u00fdb\u011bru.<\/p>\n\n\n\n<p>Leto\u0161n\u00edho ro\u010dn\u00edku se \u00fa\u010dastn\u00ed 24 t\u00fdm\u016f, celkem 141 z\u00e1vodnic.<\/p>\n\n\n\n<p>V\u00fdsledky:<\/p>\n\n\n\n<p>\u010casovka na 12,6 km:<\/p>\n\n\n\n<p>1. Bussiov\u00e1 (It.) 18:32, 2. Lowdenov\u00e1 (Brit.) +2, 3. Lechnerov\u00e1 (N\u011bm.) +10, 4. Yslandov\u00e1 (Nor.)&nbsp; +23, 5. Skalniakov\u00e1-S\u00f3jkaov\u00e1 (Pol.) +24, 6. van Anrooijov\u00e1 (Niz.) +28, &#8230;16. Noskov\u00e1 (\u010cR) +56, 39. Bajgerov\u00e1 (MX1 Team Dukla Praha) +1:32, 46. Neumanov\u00e1 (\u010cR) +1:40, 50. Macha\u010dov\u00e1 (MX1 Team Dukla Praha) +1:45.<\/p>\n","protected":false},"excerpt":{"rendered":"<p>Italsk\u00e1 z\u00e1vodnice Vittoria Bussiov\u00e1 startujh\u00edc\u00ed v barv\u00e1ch MX1 Team Dukla Praha vyhr\u00e1la \u00favodn\u00ed \u010dasovku \u010dty\u0159etapov\u00e9ho z\u00e1vodu UCI kategorie 2.2 \u0160KODA AUTO Tour de Feminin &#8211; Memori\u00e1l \u0160\u00e1rky V\u00edchov\u00e9\u2011Pe\u0161kov\u00e9 v Kr\u00e1sn\u00e9 L\u00edp\u011b. Na trati dlouh\u00e9 12,6 km porazila o dv\u011b vte\u0159iny Joscelin Lowdenovou z Brit\u00e1ni, t\u0159et\u00ed byla Corinna Lechnerov\u00e1 (N\u011bm.) se ztr\u00e1tou deseti vte\u0159in. Z \u010desk\u00fdch [&hellip;]<\/p>\n","protected":false},"author":8,"featured_media":7802,"comment_status":"closed","ping_status":"open","sticky":false,"template":"","format":"standard","meta":{"footnotes":""},"categories":[2,18],"tags":[11],"class_list":["post-7798","post","type-post","status-publish","format-standard","has-post-thumbnail","hentry","category-novinky","category-silnice","tag-silnice"],"_links":{"self":[{"href":"https:\/\/www.czechcyclingfederation.com\/en\/wp-json\/wp\/v2\/posts\/7798","targetHints":{"allow":["GET"]}}],"collection":[{"href":"https:\/\/www.czechcyclingfederation.com\/en\/wp-json\/wp\/v2\/posts"}],"about":[{"href":"https:\/\/www.czechcyclingfederation.com\/en\/wp-json\/wp\/v2\/types\/post"}],"author":[{"embeddable":true,"href":"https:\/\/www.czechcyclingfederation.com\/en\/wp-json\/wp\/v2\/users\/8"}],"replies":[{"embeddable":true,"href":"https:\/\/www.czechcyclingfederation.com\/en\/wp-json\/wp\/v2\/comments?post=7798"}],"version-history":[{"count":1,"href":"https:\/\/www.czechcyclingfederation.com\/en\/wp-json\/wp\/v2\/posts\/7798\/revisions"}],"predecessor-version":[{"id":7800,"href":"https:\/\/www.czechcyclingfederation.com\/en\/wp-json\/wp\/v2\/posts\/7798\/revisions\/7800"}],"wp:featuredmedia":[{"embeddable":true,"href":"https:\/\/www.czechcyclingfederation.com\/en\/wp-json\/wp\/v2\/media\/7802"}],"wp:attachment":[{"href":"https:\/\/www.czechcyclingfederation.com\/en\/wp-json\/wp\/v2\/media?parent=7798"}],"wp:term":[{"taxonomy":"category","embeddable":true,"href":"https:\/\/www.czechcyclingfederation.com\/en\/wp-json\/wp\/v2\/categories?post=7798"},{"taxonomy":"post_tag","embeddable":true,"href":"https:\/\/www.czechcyclingfederation.com\/en\/wp-json\/wp\/v2\/tags?post=7798"}],"curies":[{"name":"wp","href":"https:\/\/api.w.org\/{rel}","templated":true}]}}