{"id":6047,"date":"2021-07-08T12:04:18","date_gmt":"2021-07-08T10:04:18","guid":{"rendered":"https:\/\/www.czechcyclingfederation.com\/?p=6047"},"modified":"2021-07-08T13:42:23","modified_gmt":"2021-07-08T11:42:23","slug":"v-zidovicich-a-lovosicich-se-pojede-mcr-mladeze","status":"publish","type":"post","link":"https:\/\/www.czechcyclingfederation.com\/en\/v-zidovicich-a-lovosicich-se-pojede-mcr-mladeze\/","title":{"rendered":"V \u017didovic\u00edch a Lovosic\u00edch se pojede M\u010cR ml\u00e1de\u017ee"},"content":{"rendered":"\n<p>Medaile ze silni\u010dn\u00edch \u0161ampion\u00e1t\u016f si ji\u017e rozd\u011blili mu\u017ei, \u017eeny, junio\u0159i i juniorky a o nast\u00e1vaj\u00edc\u00edm v\u00edkendu tak u\u010din\u00ed i zbyl\u00e9 ml\u00e1de\u017enick\u00e9 kategorie. V&nbsp;p\u00e1tek 9. \u010dervence v \u017didovc\u00edch u Roudnice n. L. se pojedou \u010dasovky a v&nbsp;ned\u011bli 11. \u010dervence v&nbsp;Lovosic\u00edch pak z\u00e1vody s&nbsp;hromadn\u00fdm startem.<\/p>\n\n\n\n<p>V&nbsp;\u017didovic\u00edch po\u0159\u00e1d\u00e1 z\u00e1vody CK Slavoj Terez\u00edn a na start se postav\u00ed mlad\u0161\u00ed \u017e\u00e1kyn\u011b, mlad\u0161\u00ed \u017e\u00e1ci, star\u0161\u00ed \u017e\u00e1kyn\u011b, star\u0161\u00ed \u017e\u00e1ci na ne\u017e \u010dek\u00e1 tra\u0165 dlouh\u00e1 dev\u011bt kilometr\u016f, kadetky a kadeti pak absolvuj\u00ed tra\u0165 dlouhou 15 km.<\/p>\n\n\n\n<p>O dva dny pozd\u011bji v Lovosic\u00edch se uskute\u010dn\u00ed z\u00e1vody s&nbsp;hromadn\u00fdm startem. V 9:00 vyraz\u00ed prvn\u00ed na okruh v d\u00e9lce 17,4 km po trase Si\u0159ejovice, Keblice, Br\u0148any, Brozany n.\/O., Chot\u011b\u0161ov, Vrbi\u010dany, Si\u0159ejovice mlad\u0161\u00ed \u017e\u00e1ci, kte\u0159\u00ed absolvuj\u00ed 29 km, o \u010dtvrt hodiny mlad\u0161\u00ed \u017e\u00e1kyn\u011b (12 km), ve 10:30 star\u0161\u00ed \u017e\u00e1kyn\u011b 29, v 10:45 star\u0161\u00ed \u017e\u00e1ci(46), ve 12:30 kadetky (46 km) a v 14:45 kadeti (80 km).<\/p>\n\n\n\n<p>St\u00e1le plat\u00ed vl\u00e1dn\u00ed opat\u0159en\u00ed a je nutn\u00e9 p\u0159i prezentaci dolo\u017eit vypln\u011bn\u00fd Covid Selfreport a s n\u00edm se prok\u00e1zat jednou z t\u011bchto mo\u017enost\u00ed:<\/p>\n\n\n\n<ul class=\"wp-block-list\"><li>negativn\u00ed RT-PRC test, kter\u00fd jsem absolvoval\/a nejd\u00e9le 7 dn\u016f p\u0159ed za\u010d\u00e1tkem akce<\/li><\/ul>\n\n\n\n<ul class=\"wp-block-list\"><li>negativn\u00ed antigen\u00ed test, kter\u00fd jsem absolvoval\/a nejd\u00e9le 72h p\u0159ed za\u010d\u00e1tkem akce<\/li><\/ul>\n\n\n\n<ul class=\"wp-block-list\"><li>certifik\u00e1t od MZdr o ukon\u010den\u00e9m o\u010dkov\u00e1n\u00ed a od aplikace druh\u00e9 d\u00e1vky v p\u0159\u00edpad\u011b dvoud\u00e1vkov\u00e9ho sch\u00e9matu uplynulo nejm\u00e9n\u011b 14 dn\u00ed nebo 22 dn\u00ed od prvn\u00ed aplikace<\/li><\/ul>\n\n\n\n<ul class=\"wp-block-list\"><li>potvrzen\u00e9 onemocn\u011bn\u00ed COVID-19, uplynula u n\u011bj doba izolace podle platn\u00e9ho mimo\u0159\u00e1dn\u00e9ho opat\u0159en\u00ed Ministerstva zdravotnictv\u00ed a od prvn\u00edho pozitivn\u00edho POC antigenn\u00edho testu na p\u0159\u00edtomnost antigenu viru SARS CoV-2 nebo RT-PCR testu na p\u0159\u00edtomnost viru SARS-CoV-2 neuplynulo v\u00edce ne\u017e 180 dn\u00ed<\/li><\/ul>\n\n\n\n<ul class=\"wp-block-list\"><li>antigenn\u00ed test na stanoven\u00ed p\u0159\u00edtomnosti antigenu viru SARS-CoV-2, kter\u00fd je ur\u010den pro sebetestov\u00e1n\u00ed nebo povolen\u00fd MZdr k pou\u017eit\u00ed laickou osobou, s negativn\u00edm v\u00fdsledkem, a d\u00e1le osob\u011b, kter\u00e1 absolvovala v r\u00e1mci povinn\u00e9ho testov\u00e1n\u00ed zam\u011bstnanc\u016f stanoven\u00e9ho jin\u00fdm mimo\u0159\u00e1dn\u00fdm opat\u0159en\u00edm MZdr nejd\u00e9le p\u0159ed 72 hodinami test na stanoven\u00ed p\u0159\u00edtomnosti antigenu viru SARS-CoV-2, kter\u00fd je ur\u010den pro sebetestov\u00e1n\u00ed nebo povolen\u00fd MZdr k pou\u017eit\u00ed laickou osobou s negativn\u00edm v\u00fdsledkem a byl osob\u011b poskytnut jej\u00edm zam\u011bstnavatelem; tato skute\u010dnost se dokl\u00e1d\u00e1 potvrzen\u00edm od zam\u011bstnavatele (obdobn\u011b ze \u0161koly) nebo \u010destn\u00fdm prohl\u00e1\u0161en\u00edm.<\/li><\/ul>\n","protected":false},"excerpt":{"rendered":"<p>Medaile ze silni\u010dn\u00edch \u0161ampion\u00e1t\u016f si ji\u017e rozd\u011blili mu\u017ei, \u017eeny, junio\u0159i i juniorky a o nast\u00e1vaj\u00edc\u00edm v\u00edkendu tak u\u010din\u00ed i zbyl\u00e9 ml\u00e1de\u017enick\u00e9 kategorie. V&nbsp;p\u00e1tek 9. \u010dervence v \u017didovc\u00edch u Roudnice n. L. se pojedou \u010dasovky a v&nbsp;ned\u011bli 11. \u010dervence v&nbsp;Lovosic\u00edch pak z\u00e1vody s&nbsp;hromadn\u00fdm startem. V&nbsp;\u017didovic\u00edch po\u0159\u00e1d\u00e1 z\u00e1vody CK Slavoj Terez\u00edn a na start se postav\u00ed mlad\u0161\u00ed [&hellip;]<\/p>\n","protected":false},"author":8,"featured_media":6048,"comment_status":"closed","ping_status":"open","sticky":false,"template":"","format":"standard","meta":{"footnotes":""},"categories":[2,18],"tags":[11],"class_list":["post-6047","post","type-post","status-publish","format-standard","has-post-thumbnail","hentry","category-novinky","category-silnice","tag-silnice"],"_links":{"self":[{"href":"https:\/\/www.czechcyclingfederation.com\/en\/wp-json\/wp\/v2\/posts\/6047","targetHints":{"allow":["GET"]}}],"collection":[{"href":"https:\/\/www.czechcyclingfederation.com\/en\/wp-json\/wp\/v2\/posts"}],"about":[{"href":"https:\/\/www.czechcyclingfederation.com\/en\/wp-json\/wp\/v2\/types\/post"}],"author":[{"embeddable":true,"href":"https:\/\/www.czechcyclingfederation.com\/en\/wp-json\/wp\/v2\/users\/8"}],"replies":[{"embeddable":true,"href":"https:\/\/www.czechcyclingfederation.com\/en\/wp-json\/wp\/v2\/comments?post=6047"}],"version-history":[{"count":1,"href":"https:\/\/www.czechcyclingfederation.com\/en\/wp-json\/wp\/v2\/posts\/6047\/revisions"}],"predecessor-version":[{"id":6049,"href":"https:\/\/www.czechcyclingfederation.com\/en\/wp-json\/wp\/v2\/posts\/6047\/revisions\/6049"}],"wp:featuredmedia":[{"embeddable":true,"href":"https:\/\/www.czechcyclingfederation.com\/en\/wp-json\/wp\/v2\/media\/6048"}],"wp:attachment":[{"href":"https:\/\/www.czechcyclingfederation.com\/en\/wp-json\/wp\/v2\/media?parent=6047"}],"wp:term":[{"taxonomy":"category","embeddable":true,"href":"https:\/\/www.czechcyclingfederation.com\/en\/wp-json\/wp\/v2\/categories?post=6047"},{"taxonomy":"post_tag","embeddable":true,"href":"https:\/\/www.czechcyclingfederation.com\/en\/wp-json\/wp\/v2\/tags?post=6047"}],"curies":[{"name":"wp","href":"https:\/\/api.w.org\/{rel}","templated":true}]}}