{"id":6033,"date":"2021-07-08T09:02:35","date_gmt":"2021-07-08T07:02:35","guid":{"rendered":"https:\/\/www.czechcyclingfederation.com\/?p=6033"},"modified":"2021-07-08T09:02:37","modified_gmt":"2021-07-08T07:02:37","slug":"ryba-ovladl-dalsi-dil-giant-ligy","status":"publish","type":"post","link":"https:\/\/www.czechcyclingfederation.com\/en\/ryba-ovladl-dalsi-dil-giant-ligy\/","title":{"rendered":"Ryba ovl\u00e1dl dal\u0161\u00ed d\u00edl Giant ligy"},"content":{"rendered":"\n<p>Jan Ryba ze Sparty Praha ovl\u00e1dl dal\u0161\u00ed d\u00edl krit\u00e9rijn\u00ed Giant ligy, kter\u00fdm bylo tentokr\u00e1t v Plzni na Rapidu Grand Prix Marles. Ve vysok\u00e9m tempu se rozjel z\u00e1vod hned od startu, kdy v\u0161echny p\u0159ekvapil aktivitou Jon\u00e1\u0161 Vojt\u011bch (LAWI Stars \u2013 Giant) a dostal se bodov\u011b do veden\u00ed. Bodovou ztr\u00e1tu za\u010dal rychle d\u00edky t\u00fdmu stah\u00e1vat Ryba, kter\u00e9mu se po 17 kolech poda\u0159ilo nav\u00edc pr\u00e1v\u011b s Vojt\u011bchem a Br\u0148\u00e1kem (Sparta Praha) poodsko\u010dit pelotonu. Pravidelnou d\u011blbou bod\u016f se pak poda\u0159ilo Rybovi postupn\u011b dostat do veden\u00ed.<\/p>\n\n\n\n<p>Uprchl\u00edci pak po sedmi kolech byli pohlceni pelotonem, kde byli aktivn\u00ed hlavn\u011b jezdci t\u00fdmu Dukly Praha a Pavel Kelemen (Dukla Praha) a jeho bratr Petr (Elkov Kasper) se nakonec p\u0159etahovali v sout\u011b\u017ei aktivity o punt\u00edkovan\u00fd dres Bageterie Boulevard prestige. Dres si nakonec obl\u00e9kl mlad\u0161\u00ed bratr Petr Kelemen, kter\u00fd nasb\u00edral p\u011bt bod\u016f na pr\u00e9mi\u00edch.<\/p>\n\n\n\n<p>Juniory vyhr\u00e1l op\u011bt Milan Kadlec (Dukla Praha) kdy\u017e nasb\u00edral dev\u011bt bod\u016f.<\/p>\n\n\n\n<p>V\u00fdsledky:<\/p>\n\n\n\n<p>1. Ryba (Sparta Praha) 22, 2. Vojt\u011bch (LAWI Stars &#8211; Giant) 18, 3. Petr Kelemen (Elkov Kasper) 15, 4. Schuran (Sparta Praha) 15, 5. Pavel Kelemen (Dukla Praha) 13, 6. Hor\u00e1k (Sparta Praha) 12.<\/p>\n\n\n\n<p>Junio\u0159i:<\/p>\n\n\n\n<p>1. Kadlec (Dukla Praha) 9, 2. C\u00edrkva 8, 3. Sporysch (oba Roman Kreuziger Cycling Academy) 3.<\/p>\n\n\n\n<p>FOTO Tom\u00e1\u0161 Tesa\u0159<\/p>\n","protected":false},"excerpt":{"rendered":"<p>Jan Ryba ze Sparty Praha ovl\u00e1dl dal\u0161\u00ed d\u00edl krit\u00e9rijn\u00ed Giant ligy, kter\u00fdm bylo tentokr\u00e1t v Plzni na Rapidu Grand Prix Marles. Ve vysok\u00e9m tempu se rozjel z\u00e1vod hned od startu, kdy v\u0161echny p\u0159ekvapil aktivitou Jon\u00e1\u0161 Vojt\u011bch (LAWI Stars \u2013 Giant) a dostal se bodov\u011b do veden\u00ed. Bodovou ztr\u00e1tu za\u010dal rychle d\u00edky t\u00fdmu stah\u00e1vat Ryba, kter\u00e9mu [&hellip;]<\/p>\n","protected":false},"author":8,"featured_media":6034,"comment_status":"closed","ping_status":"open","sticky":false,"template":"","format":"standard","meta":{"footnotes":""},"categories":[2,18],"tags":[11],"class_list":["post-6033","post","type-post","status-publish","format-standard","has-post-thumbnail","hentry","category-novinky","category-silnice","tag-silnice"],"_links":{"self":[{"href":"https:\/\/www.czechcyclingfederation.com\/en\/wp-json\/wp\/v2\/posts\/6033","targetHints":{"allow":["GET"]}}],"collection":[{"href":"https:\/\/www.czechcyclingfederation.com\/en\/wp-json\/wp\/v2\/posts"}],"about":[{"href":"https:\/\/www.czechcyclingfederation.com\/en\/wp-json\/wp\/v2\/types\/post"}],"author":[{"embeddable":true,"href":"https:\/\/www.czechcyclingfederation.com\/en\/wp-json\/wp\/v2\/users\/8"}],"replies":[{"embeddable":true,"href":"https:\/\/www.czechcyclingfederation.com\/en\/wp-json\/wp\/v2\/comments?post=6033"}],"version-history":[{"count":1,"href":"https:\/\/www.czechcyclingfederation.com\/en\/wp-json\/wp\/v2\/posts\/6033\/revisions"}],"predecessor-version":[{"id":6035,"href":"https:\/\/www.czechcyclingfederation.com\/en\/wp-json\/wp\/v2\/posts\/6033\/revisions\/6035"}],"wp:featuredmedia":[{"embeddable":true,"href":"https:\/\/www.czechcyclingfederation.com\/en\/wp-json\/wp\/v2\/media\/6034"}],"wp:attachment":[{"href":"https:\/\/www.czechcyclingfederation.com\/en\/wp-json\/wp\/v2\/media?parent=6033"}],"wp:term":[{"taxonomy":"category","embeddable":true,"href":"https:\/\/www.czechcyclingfederation.com\/en\/wp-json\/wp\/v2\/categories?post=6033"},{"taxonomy":"post_tag","embeddable":true,"href":"https:\/\/www.czechcyclingfederation.com\/en\/wp-json\/wp\/v2\/tags?post=6033"}],"curies":[{"name":"wp","href":"https:\/\/api.w.org\/{rel}","templated":true}]}}