{"id":6020,"date":"2021-07-07T07:29:11","date_gmt":"2021-07-07T05:29:11","guid":{"rendered":"https:\/\/www.czechcyclingfederation.com\/?p=6020"},"modified":"2021-07-07T13:43:39","modified_gmt":"2021-07-07T11:43:39","slug":"6020-2","status":"publish","type":"post","link":"https:\/\/www.czechcyclingfederation.com\/en\/6020-2\/","title":{"rendered":"Schlegel druh\u00fd na Sibiu Cycling Tour"},"content":{"rendered":"\n<p>Skv\u011bl\u00e9ho v\u00fdsledku dos\u00e1hl v\u00a0etapov\u00e9m z\u00e1vod prvn\u00ed kategorie kalend\u00e1\u0159e UCI Sibiu Cyclin Tour v\u00a0Rumunsku jezdec Elkov Kasper Michel Schlegel. V\u00a0z\u00e1vodu de se p\u0159etavili i jezdc\u016f st\u00e1j\u00ed ProTour skon\u010dil na druh\u00e9m m\u00edst\u011b se ztr\u00e1tou 26 vte\u0159in za v\u00edt\u011bzn\u00fdm Italem Giovannim Aleottim z\u00a0Bory hansgrohe. Do elitn\u00ed des\u00edtky po\u0159ad\u00ed se dostal i dev\u00e1t\u00fd Adam \u0164oupal\u00edk.<\/p>\n\n\n\n<p>V \u00favodn\u00edm prologu na 12,5 kilometru byl nejrychlej\u0161\u00ed N\u011bmec Pascal Ackerman, na sedm\u00e9m m\u00edst\u011b ztratil Michael Kukrle osm vte\u0159in, mlad\u00fd Karel Camrda (Topforex &#8211; ATT Investments) byl des\u00e1t\u00fd s odstupem dev\u00edti vte\u0159in. V prvn\u00ed etap\u011b (178 km) vyhr\u00e1l ve spurtu ve spurtu se sv\u00fdm krajanem Fabio Aru italsk\u00fd jezdec Aleotti, Schlegel dojel p\u00e1t\u00fd s odstupem dvou vte\u0159in, osm\u00fd byl v c\u00edli Adam \u0164oupal\u00edk s mankem 50 vte\u0159in.<\/p>\n\n\n\n<p>T\u0159et\u00ed kr\u00e1lovsk\u00e1 etapa v d\u00e9lce 188 kilometr\u016f potvrdila skv\u011blou formu Shlegela. Dojel \u010dtvrt\u00fd za v\u00edt\u011bzn\u00fdm Alexisem Guerinem z Francie a Aleottim s Aruem a posunul se na t\u0159et\u00ed m\u00edsto pr\u016fb\u011b\u017en\u00e9 klasifikace. Je\u0161t\u011b o jedno m\u00edsto i polep\u0161il ve \u010dtvrt\u00e9 z\u00e1v\u011bre\u010dn\u00e9 etap\u011b. Ta byla nejdel\u0161\u00ed, kdy\u017e jezdci absolvovali 205 kilometr\u016f. Druh\u00fd etapov\u00fd vav\u0159\u00edn z\u00edskal Ackerman a Adam \u0164oupal\u00edk skon\u010dil \u010dtvrt\u00fd. Schlegel p\u0159ijel s\u00a0p\u011btivte\u0159inovou ztr\u00e1tou ve druh\u00e9 skupin\u011b, Aru zaostal 13 vte\u0159in a \u010desk\u00fd jezdec jej t\u00edm v\u00a0celkov\u00e9m po\u0159ad\u00ed p\u0159esko\u010dil.<\/p>\n\n\n\n<p>V\u00fdsledky:<\/p>\n\n\n\n<p>Kone\u010dn\u00e9 po\u0159ad\u00ed:<\/p>\n\n\n\n<p>1.Aleotti (It.) 13:44:59, 2. Schlegel (\u010cR) +26, 3. Aru (It.) +27, 4. \u010cern\u011bnko (Rus.) +37, 5. Zoidl (Rak.) +57, 6. Thalman (\u0160v\u00fdc.) +1:01, &#8230;.9. A. \u0164oupal\u00edk +2:02, 11. Otruba +3:06, 21. Kukrle +5:37, 25. Camrda +9:16, 34. J. B\u00e1rta (v\u0161ichni \u010cR) +11:47.<\/p>\n\n\n\n<p>FOTO Elkov Kasper<\/p>\n\n\n\n<figure class=\"wp-block-image size-large is-resized\"><img loading=\"lazy\" decoding=\"async\" src=\"https:\/\/www.czechcyclingfederation.com\/wp-content\/uploads\/2021\/07\/Etapa1_Gragos-Duitru_Focus-Photo-Agency.jpeg\" alt=\"\" class=\"wp-image-6022\" width=\"672\" height=\"447\" srcset=\"https:\/\/www.czechcyclingfederation.com\/wp-content\/uploads\/2021\/07\/Etapa1_Gragos-Duitru_Focus-Photo-Agency.jpeg 320w, https:\/\/www.czechcyclingfederation.com\/wp-content\/uploads\/2021\/07\/Etapa1_Gragos-Duitru_Focus-Photo-Agency-300x200.jpeg 300w\" sizes=\"auto, (max-width: 672px) 100vw, 672px\" \/><\/figure>\n","protected":false},"excerpt":{"rendered":"<p>Skv\u011bl\u00e9ho v\u00fdsledku dos\u00e1hl v\u00a0etapov\u00e9m z\u00e1vod prvn\u00ed kategorie kalend\u00e1\u0159e UCI Sibiu Cyclin Tour v\u00a0Rumunsku jezdec Elkov Kasper Michel Schlegel. V\u00a0z\u00e1vodu de se p\u0159etavili i jezdc\u016f st\u00e1j\u00ed ProTour skon\u010dil na druh\u00e9m m\u00edst\u011b se ztr\u00e1tou 26 vte\u0159in za v\u00edt\u011bzn\u00fdm Italem Giovannim Aleottim z\u00a0Bory hansgrohe. Do elitn\u00ed des\u00edtky po\u0159ad\u00ed se dostal i dev\u00e1t\u00fd Adam \u0164oupal\u00edk. V \u00favodn\u00edm prologu na [&hellip;]<\/p>\n","protected":false},"author":8,"featured_media":6021,"comment_status":"closed","ping_status":"open","sticky":false,"template":"","format":"standard","meta":{"footnotes":""},"categories":[2,18],"tags":[11],"class_list":["post-6020","post","type-post","status-publish","format-standard","has-post-thumbnail","hentry","category-novinky","category-silnice","tag-silnice"],"_links":{"self":[{"href":"https:\/\/www.czechcyclingfederation.com\/en\/wp-json\/wp\/v2\/posts\/6020","targetHints":{"allow":["GET"]}}],"collection":[{"href":"https:\/\/www.czechcyclingfederation.com\/en\/wp-json\/wp\/v2\/posts"}],"about":[{"href":"https:\/\/www.czechcyclingfederation.com\/en\/wp-json\/wp\/v2\/types\/post"}],"author":[{"embeddable":true,"href":"https:\/\/www.czechcyclingfederation.com\/en\/wp-json\/wp\/v2\/users\/8"}],"replies":[{"embeddable":true,"href":"https:\/\/www.czechcyclingfederation.com\/en\/wp-json\/wp\/v2\/comments?post=6020"}],"version-history":[{"count":3,"href":"https:\/\/www.czechcyclingfederation.com\/en\/wp-json\/wp\/v2\/posts\/6020\/revisions"}],"predecessor-version":[{"id":6026,"href":"https:\/\/www.czechcyclingfederation.com\/en\/wp-json\/wp\/v2\/posts\/6020\/revisions\/6026"}],"wp:featuredmedia":[{"embeddable":true,"href":"https:\/\/www.czechcyclingfederation.com\/en\/wp-json\/wp\/v2\/media\/6021"}],"wp:attachment":[{"href":"https:\/\/www.czechcyclingfederation.com\/en\/wp-json\/wp\/v2\/media?parent=6020"}],"wp:term":[{"taxonomy":"category","embeddable":true,"href":"https:\/\/www.czechcyclingfederation.com\/en\/wp-json\/wp\/v2\/categories?post=6020"},{"taxonomy":"post_tag","embeddable":true,"href":"https:\/\/www.czechcyclingfederation.com\/en\/wp-json\/wp\/v2\/tags?post=6020"}],"curies":[{"name":"wp","href":"https:\/\/api.w.org\/{rel}","templated":true}]}}