{"id":6012,"date":"2021-07-05T09:53:18","date_gmt":"2021-07-05T07:53:18","guid":{"rendered":"https:\/\/www.czechcyclingfederation.com\/?p=6012"},"modified":"2021-07-06T13:43:39","modified_gmt":"2021-07-06T11:43:39","slug":"v-breclavi-chteji-stavet-drahu","status":"publish","type":"post","link":"https:\/\/www.czechcyclingfederation.com\/en\/v-breclavi-chteji-stavet-drahu\/","title":{"rendered":"V B\u0159eclavi cht\u011bj\u00ed stav\u011bt dr\u00e1hu"},"content":{"rendered":"\n<p>Cyklistick\u00fd klub Sportcomplex B\u0159eclav ji\u017e vychoval \u0159adu mlad\u00fdch \u010desk\u00fdch cyklist\u016f. Na jihu Moravy se specializuj\u00ed na dr\u00e1ha a p\u0159edev\u0161\u00edm ml\u00e1de\u017e, ale bez vlastn\u00ed dr\u00e1hy je to dost slo\u017eit\u00e9. &#8220;Jezd\u00edme do Brna, p\u0159ed covidovou pandemi\u00ed i do V\u00eddn\u011b. To je ale n\u00e1ro\u010dn\u00e9, proto bychom r\u00e1di postavili vlastn\u00ed dr\u00e1hu v na\u0161em m\u011bst\u011b,&#8221; \u0159ekl prezident klubu Sportcomplex B\u0159eclav Petr Bene\u0161.<\/p>\n\n\n\n<p>Velkou motivac\u00ed pro zbudov\u00e1n\u00ed velodromu jsou \u00fasp\u011bchy b\u0159eclavsk\u00fdch mlad\u00fdch cyklist\u016f. &#8220;Jde n\u00e1m v prvn\u00ed \u0159ad\u011b o bezpe\u010d\u00ed d\u011bt\u00ed p\u0159i cyklistick\u00e9m tr\u00e9ninku. Je st\u00e1le slo\u017eit\u011bj\u0161\u00ed pro jejich tr\u00e9ninky hledat cesty s n\u00edzk\u00fdm provozem, a to hlavn\u011b pro za\u010d\u00ednaj\u00edc\u00ed cyklisty. I p\u0159es drtivou p\u0159evahu velmi tolerantn\u00edch a ohledupln\u00fdch \u0159idi\u010d\u016f, kter\u00fdm t\u00edmto moc d\u011bkujeme, je st\u00e1le zna\u010dn\u00e9 mno\u017estv\u00ed i t\u011bch agresivn\u00edch,&#8221; upozor\u0148uje Bene\u0161.<\/p>\n\n\n\n<p>Jak\u00e1 je vize? \u201eJedn\u00e1 se o \u010d\u00e1st multifunk\u010dn\u00edho sportovi\u0161t\u011b vedle z\u00e1kladn\u00ed \u0161koly s 300m dlouh\u00fdm atletick\u00fdm ov\u00e1lem a h\u0159i\u0161t\u011bm na fotbal a m\u00ed\u010dov\u00e9 hry pro \u0161kolu, hasi\u010de, cyklisty a \u0161irokou ve\u0159ejnost \u010di jin\u00e9 spolky. Velodrom bude hlin\u00edkov\u00fd s d\u00e9lkou 200m s \u010d\u00e1ste\u010dn\u00fdm zast\u0159e\u0161en\u00edm od pana Junka. V z\u00e1zem\u00ed krom\u011b \u0161aten a wc vzniknou prostory pro n\u00e1\u0161 klub, cyklistickou prodejnu, p\u016fj\u010dovnu dr\u00e1hov\u00fdch kol a ubytov\u00e1n\u00ed pro sportovce. Cel\u00e9 to bude fungovat na b\u00e1zi fitness. M\u016f\u017eeme tomu \u0159\u00edkat \u201evelofitness\u201c. Vznikne nov\u00fd tren\u00e9rsk\u00fd team pro ve\u0159ejnost. Krom\u011b pot\u0159eb na\u0161eho klubu nab\u00eddneme hodiny pro \u0161koly v r\u00e1mci v\u00fduky TV. Pro hobby cyklisty a ve\u0159ejnost m\u00e1me p\u0159ipraven\u00e9 v\u00fdukov\u00e9 lekce jednotliv\u00fdch dr\u00e1hov\u00fdch discipl\u00edn,\u201c \u0159\u00edk\u00e1 Bene\u0161.<\/p>\n\n\n\n<p>Je jasn\u00e9, \u017ee se nejedn\u00e1 o snadnou v\u011bc. &#8220;M\u011bsto B\u0159eclav n\u00e1s v\u0161ak v tomto \u00fasil\u00ed ji\u017e v\u00fdrazn\u011b podpo\u0159ilo nab\u00eddnut\u00edm vhodn\u00e9ho m\u00edsta. Nep\u016fjde jen o roz\u0161\u00ed\u0159en\u00ed mo\u017enosti sportov\u00e1n\u00ed v B\u0159eclavi samotn\u00e9. Prim\u00e1rn\u00edm c\u00edlem velodromu v B\u0159eclavi je rozvoj ml\u00e1de\u017enick\u00e9 cyklistiky v na\u0161em regionu. Lid\u00e9 v B\u0159eclavi si p\u0159ej\u00ed velodrom a miluj\u00ed j\u00edzdu na kole. Sna\u017e\u00edme se tedy vybudovat z\u00e1zem\u00ed pro v\u0161echny milovn\u00edky cyklistiky,&#8221; pokra\u010duje Bene\u0161.<\/p>\n\n\n\n<p>Zat\u00edm v B\u0159eclavi maj\u00ed hotovou studii, kterou vypracoval Ing. arch. Viktor Drobn\u00fd. &#8220;Nyn\u00ed pot\u0159ebujeme vypracovat projektovou dokumentaci. Sehnat na ni mus\u00edme t\u0159i miliony korun. Dva miliony dok\u00e1\u017eeme zajistit d\u00edky sp\u0159\u00edzn\u011bn\u00fdm sponzor\u016fm a investor\u016fm. Abychom je p\u0159esv\u011bd\u010dili, \u017ee je projekt \u017eivotaschopn\u00fd, pot\u0159ebujeme t\u0159etinu pen\u011bz sehnat vlastn\u00edm \u00fasil\u00edm. Takto vysok\u00e1 \u010d\u00e1stka v\u0161ak nen\u00ed v sil\u00e1ch mal\u00e9ho sportovn\u00edho klubu, jako jsme my. Proto nyn\u00ed V\u00e1s, \u0161irokou ve\u0159ejnost, pros\u00edme o ve\u0159ejn\u00fd p\u0159\u00edsp\u011bvek na projekt velodromu v B\u0159eclavi,&#8221; prozradil Bene\u0161.<\/p>\n\n\n\n<p>Cel\u00fd projekt hlin\u00edkov\u00e9 dr\u00e1hy dlouh\u00e9 200 metr\u016f, \u0161irok\u00e9 6,5 metr\u016f od Petra Junka by m\u011bl st\u00e1t asi 100 mil korun. &#8220;Kdy\u017e se v\u0161e poda\u0159\u00ed, tak za dva roky by se na n\u00ed mohlo jezdit,&#8221; dodal&nbsp; Petr Bene\u0161.<\/p>\n\n\n\n<p>V\u00edce se dozv\u00edte na na\u0161\u00edch str\u00e1nk\u00e1ch zde: <a href=\"https:\/\/sportcomplex.cz\/velodrom\">https:\/\/sportcomplex.cz\/velodrom<\/a><br>FOTO Sportcomplex B\u0159eclav<\/p>\n\n\n\n<figure class=\"wp-block-image size-large\"><img loading=\"lazy\" decoding=\"async\" width=\"1000\" height=\"707\" src=\"https:\/\/www.czechcyclingfederation.com\/wp-content\/uploads\/2021\/07\/Nadhled_HRISTE_BASKET-1.jpg\" alt=\"\" class=\"wp-image-6014\" srcset=\"https:\/\/www.czechcyclingfederation.com\/wp-content\/uploads\/2021\/07\/Nadhled_HRISTE_BASKET-1.jpg 1000w, https:\/\/www.czechcyclingfederation.com\/wp-content\/uploads\/2021\/07\/Nadhled_HRISTE_BASKET-1-283x200.jpg 283w, https:\/\/www.czechcyclingfederation.com\/wp-content\/uploads\/2021\/07\/Nadhled_HRISTE_BASKET-1-768x543.jpg 768w\" sizes=\"auto, (max-width: 1000px) 100vw, 1000px\" \/><\/figure>\n\n\n\n<figure class=\"wp-block-image size-large\"><img loading=\"lazy\" decoding=\"async\" width=\"1000\" height=\"707\" src=\"https:\/\/www.czechcyclingfederation.com\/wp-content\/uploads\/2021\/07\/tribuna-1.jpg\" alt=\"\" class=\"wp-image-6015\" srcset=\"https:\/\/www.czechcyclingfederation.com\/wp-content\/uploads\/2021\/07\/tribuna-1.jpg 1000w, https:\/\/www.czechcyclingfederation.com\/wp-content\/uploads\/2021\/07\/tribuna-1-283x200.jpg 283w, https:\/\/www.czechcyclingfederation.com\/wp-content\/uploads\/2021\/07\/tribuna-1-768x543.jpg 768w\" sizes=\"auto, (max-width: 1000px) 100vw, 1000px\" \/><\/figure>\n","protected":false},"excerpt":{"rendered":"<p>Cyklistick\u00fd klub Sportcomplex B\u0159eclav ji\u017e vychoval \u0159adu mlad\u00fdch \u010desk\u00fdch cyklist\u016f. Na jihu Moravy se specializuj\u00ed na dr\u00e1ha a p\u0159edev\u0161\u00edm ml\u00e1de\u017e, ale bez vlastn\u00ed dr\u00e1hy je to dost slo\u017eit\u00e9. &#8220;Jezd\u00edme do Brna, p\u0159ed covidovou pandemi\u00ed i do V\u00eddn\u011b. To je ale n\u00e1ro\u010dn\u00e9, proto bychom r\u00e1di postavili vlastn\u00ed dr\u00e1hu v na\u0161em m\u011bst\u011b,&#8221; \u0159ekl prezident klubu Sportcomplex B\u0159eclav [&hellip;]<\/p>\n","protected":false},"author":8,"featured_media":6013,"comment_status":"closed","ping_status":"open","sticky":false,"template":"","format":"standard","meta":{"footnotes":""},"categories":[54,2],"tags":[9],"class_list":["post-6012","post","type-post","status-publish","format-standard","has-post-thumbnail","hentry","category-draha","category-novinky","tag-draha"],"_links":{"self":[{"href":"https:\/\/www.czechcyclingfederation.com\/en\/wp-json\/wp\/v2\/posts\/6012","targetHints":{"allow":["GET"]}}],"collection":[{"href":"https:\/\/www.czechcyclingfederation.com\/en\/wp-json\/wp\/v2\/posts"}],"about":[{"href":"https:\/\/www.czechcyclingfederation.com\/en\/wp-json\/wp\/v2\/types\/post"}],"author":[{"embeddable":true,"href":"https:\/\/www.czechcyclingfederation.com\/en\/wp-json\/wp\/v2\/users\/8"}],"replies":[{"embeddable":true,"href":"https:\/\/www.czechcyclingfederation.com\/en\/wp-json\/wp\/v2\/comments?post=6012"}],"version-history":[{"count":3,"href":"https:\/\/www.czechcyclingfederation.com\/en\/wp-json\/wp\/v2\/posts\/6012\/revisions"}],"predecessor-version":[{"id":6019,"href":"https:\/\/www.czechcyclingfederation.com\/en\/wp-json\/wp\/v2\/posts\/6012\/revisions\/6019"}],"wp:featuredmedia":[{"embeddable":true,"href":"https:\/\/www.czechcyclingfederation.com\/en\/wp-json\/wp\/v2\/media\/6013"}],"wp:attachment":[{"href":"https:\/\/www.czechcyclingfederation.com\/en\/wp-json\/wp\/v2\/media?parent=6012"}],"wp:term":[{"taxonomy":"category","embeddable":true,"href":"https:\/\/www.czechcyclingfederation.com\/en\/wp-json\/wp\/v2\/categories?post=6012"},{"taxonomy":"post_tag","embeddable":true,"href":"https:\/\/www.czechcyclingfederation.com\/en\/wp-json\/wp\/v2\/tags?post=6012"}],"curies":[{"name":"wp","href":"https:\/\/api.w.org\/{rel}","templated":true}]}}