{"id":5998,"date":"2021-07-04T15:18:00","date_gmt":"2021-07-04T13:18:00","guid":{"rendered":"https:\/\/www.czechcyclingfederation.com\/?p=5998"},"modified":"2021-07-04T15:18:02","modified_gmt":"2021-07-04T13:18:02","slug":"malasek-ma-treti-titul-z-mcr-junioru","status":"publish","type":"post","link":"https:\/\/www.czechcyclingfederation.com\/en\/malasek-ma-treti-titul-z-mcr-junioru\/","title":{"rendered":"Mal\u00e1\u0161ek m\u00e1 t\u0159et\u00ed titul z M\u010cR junior\u016f"},"content":{"rendered":"\n<p>T\u0159et\u00ed titul z mistrovstv\u00ed \u010cesk\u00e9 republiky ml\u00e1de\u017ee ve sprintersk\u00fdch discipl\u00edn\u00e1ch vybojoval dnes v z\u00e1v\u011bre\u010dn\u00fd den \u0161ampion\u00e1tu na velodromu v Prost\u011bjov\u011b mezi juniory v\u00a0keirinu Jakub Mal\u00e1\u0161ek z Dukly Brno. P\u0159edt\u00edm slavil zlato v sprintu a v t\u00fdmov\u00e9m sprintu.<\/p>\n\n\n\n<p>Ve fin\u00e1lov\u00e9 j\u00edzd\u011b odsunul za sv\u00e1 z\u00e1da Radka Vl\u010dka z TUFO Pardus Prost\u011bjov a pro bronz si dojel jeho t\u00fdmov\u00fd kolega Martin \u010cepek. Mezi juniorkami byla nejlep\u0161\u00ed Anna Jaborn\u00edkov\u00e1 z&nbsp;Dukly Brno).<\/p>\n\n\n\n<p>V\u00fdsledky:<\/p>\n\n\n\n<p>Junio\u0159i:<\/p>\n\n\n\n<p>Keirin:<\/p>\n\n\n\n<p>1.Mal\u00e1\u0161ek (Dukla Brno), 2. R. Vl\u010dek (TUFO Pardus Prost\u011bjov), 3. \u010cepek, 4. Hytych (oba Dukla Brno), 5.M. Kobl\u00ed\u017eek, 6. Kova\u0159\u010d\u00edk (oba (TUFO Pardus Prost\u011bjov).<\/p>\n\n\n\n<p>Juniorky:<\/p>\n\n\n\n<p>1. A. Jaborn\u00edkov\u00e1, 2. Peterkov\u00e1, 3. Poulov\u00e1 (v\u0161echny Dukla Brno), 4. Hejhalov\u00e1 (Dukla Praha), 5. N\u011bmcov\u00e1 (Sportcomplex B\u0159eclav), 6. Dost\u00e1lov\u00e1 (CK Dacom Pharma Kyjov).<\/p>\n\n\n\n<p>Kadeti:<\/p>\n\n\n\n<p>1. V. Kobl\u00ed\u017eek (TUFO Pardus Prost\u011bjov), 2. Peterka (SK Pet\u0159\u00edn Plze\u0148), 3. Rich. Kobr (Roman Kreuziger Cycling Academy).<\/p>\n\n\n\n<p>Kadetky:<\/p>\n\n\n\n<p>1. M\u00fcllerov\u00e1 (TUFO Pardus Prost\u011bjov), 2. Markov\u00e1 (Dukla Praha), 3. V. Jadrn\u00e1 (Sportcomplex B\u0159eclav).<\/p>\n\n\n\n<p>Star\u0161\u00ed \u017e\u00e1ci:<\/p>\n\n\n\n<p>1. Nov\u00e1k (TUFO Pardus Prost\u011bjov), 2. Icha (Cykloteam Ostrov), 3. Vr\u00e1na (CK Dacom Pharma Kyjov).<\/p>\n\n\n\n<p>Star\u0161\u00ed \u017e\u00e1kyn\u011b:<\/p>\n\n\n\n<p>1. Jaro\u0161ov\u00e1 (Cklom\u00edra Racing), 2. Lazarov\u00e1 (TJ Favorit Brno), 3. Strakat\u00e1 (Dukla Praha).<\/p>\n\n\n\n<p>Mlad\u0161\u00ed \u017e\u00e1ci:<\/p>\n\n\n\n<p>1. Hasal, 2. Brad\u00e1\u010d, 3. Kr\u00e1l (v\u0161ichni Dukla Praha).<\/p>\n\n\n\n<p>FOTO Martin Cetkovsk\u00fd<\/p>\n\n\n\n<figure class=\"wp-block-image size-large\"><img loading=\"lazy\" decoding=\"async\" width=\"1024\" height=\"766\" src=\"https:\/\/www.czechcyclingfederation.com\/wp-content\/uploads\/2021\/07\/IMG-20210704-WA0010-1024x766.jpg\" alt=\"\" class=\"wp-image-6000\" srcset=\"https:\/\/www.czechcyclingfederation.com\/wp-content\/uploads\/2021\/07\/IMG-20210704-WA0010-1024x766.jpg 1024w, https:\/\/www.czechcyclingfederation.com\/wp-content\/uploads\/2021\/07\/IMG-20210704-WA0010-267x200.jpg 267w, https:\/\/www.czechcyclingfederation.com\/wp-content\/uploads\/2021\/07\/IMG-20210704-WA0010-768x575.jpg 768w, https:\/\/www.czechcyclingfederation.com\/wp-content\/uploads\/2021\/07\/IMG-20210704-WA0010-1536x1149.jpg 1536w, https:\/\/www.czechcyclingfederation.com\/wp-content\/uploads\/2021\/07\/IMG-20210704-WA0010-1320x988.jpg 1320w, https:\/\/www.czechcyclingfederation.com\/wp-content\/uploads\/2021\/07\/IMG-20210704-WA0010.jpg 1600w\" sizes=\"auto, (max-width: 1024px) 100vw, 1024px\" \/><\/figure>\n","protected":false},"excerpt":{"rendered":"<p>T\u0159et\u00ed titul z mistrovstv\u00ed \u010cesk\u00e9 republiky ml\u00e1de\u017ee ve sprintersk\u00fdch discipl\u00edn\u00e1ch vybojoval dnes v z\u00e1v\u011bre\u010dn\u00fd den \u0161ampion\u00e1tu na velodromu v Prost\u011bjov\u011b mezi juniory v\u00a0keirinu Jakub Mal\u00e1\u0161ek z Dukly Brno. P\u0159edt\u00edm slavil zlato v sprintu a v t\u00fdmov\u00e9m sprintu. Ve fin\u00e1lov\u00e9 j\u00edzd\u011b odsunul za sv\u00e1 z\u00e1da Radka Vl\u010dka z TUFO Pardus Prost\u011bjov a pro bronz si dojel [&hellip;]<\/p>\n","protected":false},"author":8,"featured_media":5999,"comment_status":"closed","ping_status":"open","sticky":false,"template":"","format":"standard","meta":{"footnotes":""},"categories":[54,2],"tags":[9],"class_list":["post-5998","post","type-post","status-publish","format-standard","has-post-thumbnail","hentry","category-draha","category-novinky","tag-draha"],"_links":{"self":[{"href":"https:\/\/www.czechcyclingfederation.com\/en\/wp-json\/wp\/v2\/posts\/5998","targetHints":{"allow":["GET"]}}],"collection":[{"href":"https:\/\/www.czechcyclingfederation.com\/en\/wp-json\/wp\/v2\/posts"}],"about":[{"href":"https:\/\/www.czechcyclingfederation.com\/en\/wp-json\/wp\/v2\/types\/post"}],"author":[{"embeddable":true,"href":"https:\/\/www.czechcyclingfederation.com\/en\/wp-json\/wp\/v2\/users\/8"}],"replies":[{"embeddable":true,"href":"https:\/\/www.czechcyclingfederation.com\/en\/wp-json\/wp\/v2\/comments?post=5998"}],"version-history":[{"count":1,"href":"https:\/\/www.czechcyclingfederation.com\/en\/wp-json\/wp\/v2\/posts\/5998\/revisions"}],"predecessor-version":[{"id":6001,"href":"https:\/\/www.czechcyclingfederation.com\/en\/wp-json\/wp\/v2\/posts\/5998\/revisions\/6001"}],"wp:featuredmedia":[{"embeddable":true,"href":"https:\/\/www.czechcyclingfederation.com\/en\/wp-json\/wp\/v2\/media\/5999"}],"wp:attachment":[{"href":"https:\/\/www.czechcyclingfederation.com\/en\/wp-json\/wp\/v2\/media?parent=5998"}],"wp:term":[{"taxonomy":"category","embeddable":true,"href":"https:\/\/www.czechcyclingfederation.com\/en\/wp-json\/wp\/v2\/categories?post=5998"},{"taxonomy":"post_tag","embeddable":true,"href":"https:\/\/www.czechcyclingfederation.com\/en\/wp-json\/wp\/v2\/tags?post=5998"}],"curies":[{"name":"wp","href":"https:\/\/api.w.org\/{rel}","templated":true}]}}