{"id":5884,"date":"2021-07-01T12:18:54","date_gmt":"2021-07-01T10:18:54","guid":{"rendered":"https:\/\/www.czechcyclingfederation.com\/?p=5884"},"modified":"2021-07-01T12:22:04","modified_gmt":"2021-07-01T10:22:04","slug":"v4-brno-mikulov-brno-se-blizi","status":"publish","type":"post","link":"https:\/\/www.czechcyclingfederation.com\/en\/v4-brno-mikulov-brno-se-blizi\/","title":{"rendered":"V4 Brno &#8211; Mikulov &#8211; Brno se bl\u00ed\u017e\u00ed"},"content":{"rendered":"\n<p>V\u00edce ne\u017e rok po p\u016fvodn\u011b ur\u010den\u00e9m term\u00ednu se bude konat jednor\u00e1zov\u00fd z\u00e1vod Visegrad 4 Grand Prix Czech Republic na trase Brno &#8211; Mikulov &#8211; Brno. Z\u00e1vod se pojede v sobotu 17. \u010dervence. Velmi n\u00e1ro\u010dn\u00e1 jednor\u00e1zovka odstartuje v 9:00 z velodromu TJ Favorit Brno. Cyklist\u00e9 zam\u00ed\u0159\u00ed po trase, kter\u00e1 byla p\u0159edstavena u\u017e loni, do Mikulova. Po\u0159adatel\u00e9 byli okolnostmi nuceni ud\u011blat drobn\u00e9 zm\u011bny v trase, ale charakter z\u00e1vodu to nijak nezm\u011bn\u00ed.<\/p>\n\n\n\n<p>Po p\u0159ev\u00e1\u017en\u011b rovinat\u00e9m \u00favodu z\u00e1vodu by se m\u011blo rozhodovat a\u017e v samotn\u00e9m z\u00e1v\u011bru, nejd\u0159\u00edve ve stoup\u00e1n\u00ed k Velk\u00e9 cen\u011b za Ostrova\u010dicemi (14 kilometr\u016f p\u0159ed c\u00edlem a nejvy\u0161\u0161\u00ed bod z\u00e1vodu) a n\u00e1sledovat bude n\u00e1ro\u010dn\u00fd dojezd v samotn\u00e9m Brn\u011b, nejd\u0159\u00edve v\u0161ak stoup\u00e1n\u00ed do Kohoutovic na trati star\u00e9 Velk\u00e9 ceny, kter\u00e9 vrchol\u00ed necel\u00fdch p\u011bt kilometr\u016f p\u0159ed c\u00edlovou p\u00e1skou.<\/p>\n\n\n\n<p>P\u0159edposledn\u00ed kopec \u010dek\u00e1 z\u00e1vodn\u00edky z Pis\u00e1rek na \u017dlut\u00fd kopec jeden a p\u016fl kilometru p\u0159ed c\u00edlem a dojezd do n\u00e1ro\u010dn\u00e9ho stoup\u00e1n\u00ed k hradu \u0160pilberk. Celkov\u00e9 p\u0159ev\u00fd\u0161en\u00ed bude kolem 1900 metr\u016f, ale 1000 v\u00fd\u0161kov\u00fdch metr\u016f jezdci zdolaj\u00ed a\u017e v posledn\u00edch 50 kilometrech. C\u00edlov\u00e1 p\u00e1ska bude u d\u011blov\u00e9ho bastionu hradu \u0160pilberk. Dojezd se o\u010dek\u00e1v\u00e1 mezi 13:15 a 14:00.<\/p>\n\n\n\n<p>Z\u00e1vodu se z\u00fa\u010dastn\u00ed velmi kvalitn\u00ed startovn\u00ed pole. Na startu bude \u010desk\u00e1 \u0161pi\u010dka v\u010detn\u011b t\u00fdmu Elkov Kasper a zahrani\u010dn\u00ed celky, rakousk\u00fd Felbermayr Simplon Wels, slovinsk\u00fd celek Adria Mobil, development sestava Israel Cycling Academy, polsk\u00e9 kluby Mazowsze Serce Polski a Voster a dal\u0161\u00ed.<\/p>\n\n\n\n<p>Z\u00e1\u0161titu nad z\u00e1vodem p\u0159evzali prim\u00e1torka m\u011bsta Brna Mark\u00e9ta Va\u0148kov\u00e1 a \u0159editel Krajsk\u00e9ho \u0159editelstv\u00ed policie Jihomoravsk\u00e9ho kraje Leo\u0161 Tr\u017eil.<\/p>\n\n\n\n<figure class=\"wp-block-image size-large\"><img loading=\"lazy\" decoding=\"async\" width=\"725\" height=\"1024\" src=\"http:\/\/www.czechcyclingfederation.com\/wp-content\/uploads\/2021\/07\/V4_2021_plakat_final-725x1024.png\" alt=\"\" class=\"wp-image-5885\" srcset=\"https:\/\/www.czechcyclingfederation.com\/wp-content\/uploads\/2021\/07\/V4_2021_plakat_final-725x1024.png 725w, https:\/\/www.czechcyclingfederation.com\/wp-content\/uploads\/2021\/07\/V4_2021_plakat_final-142x200.png 142w, https:\/\/www.czechcyclingfederation.com\/wp-content\/uploads\/2021\/07\/V4_2021_plakat_final-768x1085.png 768w, https:\/\/www.czechcyclingfederation.com\/wp-content\/uploads\/2021\/07\/V4_2021_plakat_final.png 1019w\" sizes=\"auto, (max-width: 725px) 100vw, 725px\" \/><\/figure>\n","protected":false},"excerpt":{"rendered":"<p>V\u00edce ne\u017e rok po p\u016fvodn\u011b ur\u010den\u00e9m term\u00ednu se bude konat jednor\u00e1zov\u00fd z\u00e1vod Visegrad 4 Grand Prix Czech Republic na trase Brno &#8211; Mikulov &#8211; Brno. Z\u00e1vod se pojede v sobotu 17. \u010dervence. Velmi n\u00e1ro\u010dn\u00e1 jednor\u00e1zovka odstartuje v 9:00 z velodromu TJ Favorit Brno. Cyklist\u00e9 zam\u00ed\u0159\u00ed po trase, kter\u00e1 byla p\u0159edstavena u\u017e loni, do Mikulova. Po\u0159adatel\u00e9 [&hellip;]<\/p>\n","protected":false},"author":8,"featured_media":0,"comment_status":"closed","ping_status":"open","sticky":false,"template":"","format":"standard","meta":{"footnotes":""},"categories":[2,18],"tags":[11],"class_list":["post-5884","post","type-post","status-publish","format-standard","hentry","category-novinky","category-silnice","tag-silnice"],"_links":{"self":[{"href":"https:\/\/www.czechcyclingfederation.com\/en\/wp-json\/wp\/v2\/posts\/5884","targetHints":{"allow":["GET"]}}],"collection":[{"href":"https:\/\/www.czechcyclingfederation.com\/en\/wp-json\/wp\/v2\/posts"}],"about":[{"href":"https:\/\/www.czechcyclingfederation.com\/en\/wp-json\/wp\/v2\/types\/post"}],"author":[{"embeddable":true,"href":"https:\/\/www.czechcyclingfederation.com\/en\/wp-json\/wp\/v2\/users\/8"}],"replies":[{"embeddable":true,"href":"https:\/\/www.czechcyclingfederation.com\/en\/wp-json\/wp\/v2\/comments?post=5884"}],"version-history":[{"count":2,"href":"https:\/\/www.czechcyclingfederation.com\/en\/wp-json\/wp\/v2\/posts\/5884\/revisions"}],"predecessor-version":[{"id":5887,"href":"https:\/\/www.czechcyclingfederation.com\/en\/wp-json\/wp\/v2\/posts\/5884\/revisions\/5887"}],"wp:attachment":[{"href":"https:\/\/www.czechcyclingfederation.com\/en\/wp-json\/wp\/v2\/media?parent=5884"}],"wp:term":[{"taxonomy":"category","embeddable":true,"href":"https:\/\/www.czechcyclingfederation.com\/en\/wp-json\/wp\/v2\/categories?post=5884"},{"taxonomy":"post_tag","embeddable":true,"href":"https:\/\/www.czechcyclingfederation.com\/en\/wp-json\/wp\/v2\/tags?post=5884"}],"curies":[{"name":"wp","href":"https:\/\/api.w.org\/{rel}","templated":true}]}}