{"id":5856,"date":"2021-06-30T08:55:49","date_gmt":"2021-06-30T06:55:49","guid":{"rendered":"https:\/\/www.czechcyclingfederation.com\/?p=5856"},"modified":"2021-06-30T08:55:51","modified_gmt":"2021-06-30T06:55:51","slug":"boubal-vyhral-dalsi-dil-giant-ligy","status":"publish","type":"post","link":"https:\/\/www.czechcyclingfederation.com\/en\/boubal-vyhral-dalsi-dil-giant-ligy\/","title":{"rendered":"Boubal vyhr\u00e1l dal\u0161\u00ed d\u00edl Giant ligy"},"content":{"rendered":"\n<p>P\u00e1t\u00fd d\u00edl Giant ligy v Plzni se jel je\u0161t\u011b za tropick\u00e9ho po\u010das\u00ed, i kdy\u017e meteorologick\u00e1 p\u0159edpov\u011b\u010f tentokr\u00e1t vy\u0161la a v\u0161e se p\u011bkn\u011b spl\u00e1chlo a\u017e po dojezdu. V Plzni v ar\u00e1lu Rapid se p\u0159edstavil i t\u0159et\u00ed mu\u017e z M\u010cR Daniel Turek (Team Felbermayr Simplon), kter\u00fd nakonec bez pomoci t\u00fdmu obsadil p\u011bkn\u00e9 sedm\u00e9 m\u00edsto. Z v\u00edt\u011bzstv\u00ed se radoval Martin Boubal (Hello CTW).<\/p>\n\n\n\n<p>T\u00fdm Sparty cht\u011bl vyhr\u00e1t i bez chyb\u011bj\u00edc\u00edho Habermanna, ale v\u00fdkon Michala Schurana sta\u010dil \u201epouze\u201c na druh\u00e9 m\u00edsto. V\u00edt\u011bzstv\u00edm se Boubal obl\u00e9kl do dresu l\u00eddra seri\u00e1lu. T\u0159et\u00ed skon\u010dil Old\u0159ich Novotn\u00e1 (Hello CTW).<\/p>\n\n\n\n<p>V\u00fdsledky:<\/p>\n\n\n\n<p>1. Boubal (Hello CTW) 18, 2. Schuran (Sparta Praha) 14, 3. Novotn\u00fd (Hello CTW) 13, 4. Ryba 13, 5. Hor\u00e1k (oba Sparta Praha) 9, 6. \u0160ubrt (Cyklo Atom) 6.<\/p>\n\n\n\n<p>Junio\u0159i:<\/p>\n\n\n\n<p>1. Kadlec (Dukla Praha) 10, 2. C\u00edrkva (Roman Kreuziger Cycling Academy) 4, 3. \u010cerv\u00ed\u010dek (Dukla Praha) 2.<\/p>\n\n\n\n<p>FOTO Tom\u00e1\u0161 Tesa\u0159<\/p>\n","protected":false},"excerpt":{"rendered":"<p>P\u00e1t\u00fd d\u00edl Giant ligy v Plzni se jel je\u0161t\u011b za tropick\u00e9ho po\u010das\u00ed, i kdy\u017e meteorologick\u00e1 p\u0159edpov\u011b\u010f tentokr\u00e1t vy\u0161la a v\u0161e se p\u011bkn\u011b spl\u00e1chlo a\u017e po dojezdu. V Plzni v ar\u00e1lu Rapid se p\u0159edstavil i t\u0159et\u00ed mu\u017e z M\u010cR Daniel Turek (Team Felbermayr Simplon), kter\u00fd nakonec bez pomoci t\u00fdmu obsadil p\u011bkn\u00e9 sedm\u00e9 m\u00edsto. Z v\u00edt\u011bzstv\u00ed se [&hellip;]<\/p>\n","protected":false},"author":8,"featured_media":5857,"comment_status":"closed","ping_status":"open","sticky":false,"template":"","format":"standard","meta":{"footnotes":""},"categories":[2,18],"tags":[11],"class_list":["post-5856","post","type-post","status-publish","format-standard","has-post-thumbnail","hentry","category-novinky","category-silnice","tag-silnice"],"_links":{"self":[{"href":"https:\/\/www.czechcyclingfederation.com\/en\/wp-json\/wp\/v2\/posts\/5856","targetHints":{"allow":["GET"]}}],"collection":[{"href":"https:\/\/www.czechcyclingfederation.com\/en\/wp-json\/wp\/v2\/posts"}],"about":[{"href":"https:\/\/www.czechcyclingfederation.com\/en\/wp-json\/wp\/v2\/types\/post"}],"author":[{"embeddable":true,"href":"https:\/\/www.czechcyclingfederation.com\/en\/wp-json\/wp\/v2\/users\/8"}],"replies":[{"embeddable":true,"href":"https:\/\/www.czechcyclingfederation.com\/en\/wp-json\/wp\/v2\/comments?post=5856"}],"version-history":[{"count":1,"href":"https:\/\/www.czechcyclingfederation.com\/en\/wp-json\/wp\/v2\/posts\/5856\/revisions"}],"predecessor-version":[{"id":5858,"href":"https:\/\/www.czechcyclingfederation.com\/en\/wp-json\/wp\/v2\/posts\/5856\/revisions\/5858"}],"wp:featuredmedia":[{"embeddable":true,"href":"https:\/\/www.czechcyclingfederation.com\/en\/wp-json\/wp\/v2\/media\/5857"}],"wp:attachment":[{"href":"https:\/\/www.czechcyclingfederation.com\/en\/wp-json\/wp\/v2\/media?parent=5856"}],"wp:term":[{"taxonomy":"category","embeddable":true,"href":"https:\/\/www.czechcyclingfederation.com\/en\/wp-json\/wp\/v2\/categories?post=5856"},{"taxonomy":"post_tag","embeddable":true,"href":"https:\/\/www.czechcyclingfederation.com\/en\/wp-json\/wp\/v2\/tags?post=5856"}],"curies":[{"name":"wp","href":"https:\/\/api.w.org\/{rel}","templated":true}]}}