{"id":5849,"date":"2021-06-29T22:56:13","date_gmt":"2021-06-29T20:56:13","guid":{"rendered":"https:\/\/www.czechcyclingfederation.com\/?p=5849"},"modified":"2021-06-30T09:26:28","modified_gmt":"2021-06-30T07:26:28","slug":"v-benatkach-odstartoval-cp-bikrosaru","status":"publish","type":"post","link":"https:\/\/www.czechcyclingfederation.com\/en\/v-benatkach-odstartoval-cp-bikrosaru\/","title":{"rendered":"V Ben\u00e1tk\u00e1ch odstartoval \u010cP bikrosa\u0159\u016f"},"content":{"rendered":"\n<p>Bikrosa\u0159i se do\u010dkali. Se zpo\u017ed\u011bn\u00edm odstartoval Ben\u00e1tk\u00e1ch nad Jizerou \u010cesk\u00fd poh\u00e1r v t\u00e9to olympijsk\u00e9 discipl\u00edn\u011b. Nejv\u00edce se da\u0159ilo v prvn\u00edm i druh\u00e9m z\u00e1vodu Mat\u011bj Linhart z celku Bike teamu Uni\u010dov.<\/p>\n\n\n\n<p>Ben\u00e1te\u010dt\u00ed po\u0159adatel\u00e9 m\u011bli are\u00e1l p\u0159ipraven s dostate\u010dn\u00fdm p\u0159edstihem, a tak ho mohla bikrosov\u00e1 reprezentace vyu\u017e\u00edt ke kr\u00e1tk\u00e9mu t\u0159\u00eddenn\u00edmu soust\u0159ed\u011bn\u00ed. Po\u010das\u00ed bohu\u017eel vykonalo ze st\u0159edy na \u010dtvrtek sv\u00e9 a tra\u0165 se musela s pomoc\u00ed \u201ereprezenta\u010dn\u00edch\u201c rukou cel\u00e9 dopoledne opravovat. Tak\u00e9 p\u00e1te\u010dn\u00ed po\u010das\u00ed bylo de\u0161tiv\u00e9 a tak musely b\u00fdt zru\u0161eny avizovan\u00e9 odpoledn\u00ed tr\u00e9ninky.<\/p>\n\n\n\n<p>Po oba dva v\u00edkendov\u00e9 z\u00e1vody byla obrovsk\u00e1 \u00fa\u010dast jak \u010desk\u00fdch, tak zahrani\u010dn\u00edch jezdc\u016f. V sobotu se na start postavilo 313 a v ned\u011bli cca 300 jezdc\u016f. Zahrani\u010dn\u00ed jezdci byli vid\u011bt hlavn\u011b v challenge kategori\u00edch nap\u0159\u00ed\u010d startovn\u00edm polem.<\/p>\n\n\n\n<p>Kategorii Elite men V obou z\u00e1vodech kraloval Linhart, kter\u00e9mu zdatn\u011b sekundoval teprve prvn\u00edm rokem junior Marek Neu\u017eil, jezdec odd\u00edlu TJ Slovan Bohnice, kter\u00fd v obou z\u00e1vodech vybojoval druhou pozici. Dal\u0161\u00ed juniorskou nad\u011bj\u00ed je Maty\u00e1\u0161 Mentl\u00edk z BMX &amp; 4X teamu Olympus, kter\u00fd obsadil t\u0159et\u00ed a v ned\u011bl\u00ed \u010dtvrt\u00e9 m\u00edsto.<\/p>\n\n\n\n<p>Jedinou elitn\u00ed jezdkyn\u00ed v z\u00e1vod\u011b byla Eli\u0161ka Bart\u016f\u0148kov\u00e1, kter\u00e1 se sna\u017eila prosadit ve velmi siln\u00e9 konkurenci kategorie Boys 15\/16. V sobotu i v ned\u011bli v\u0161ak bohu\u017eel skon\u010dila t\u011bsn\u011b p\u0159ed branami fin\u00e1le.<\/p>\n\n\n\n<p>V mlad\u0161\u00edch v\u011bkov\u00fdch kategori\u00edch bylo vid\u011bt velk\u00e9 sportovn\u00ed nasazen\u00ed, bojovnost, odhodl\u00e1n\u00ed, ale tak\u00e9 fair-play chov\u00e1n\u00ed. Siln\u011b obsazen\u00e9 dor\u016fstaj\u00edc\u00ed kategorie od 14ti let a star\u0161\u00edch n\u00e1m slibuj\u00ed \u00fasp\u011bchy na evropsk\u00fdch z\u00e1vodech v budouc\u00edch letech.<\/p>\n\n\n\n<p>Ned\u011bln\u00ed z\u00e1vod se odehr\u00e1l p\u0159ed kamerami \u010cesk\u00e9 televize, kter\u00e1 z\u00e1rove\u0148 zkou\u0161ela novinku, a to \u017eiv\u00fd online p\u0159enos z odpoledn\u00ed fin\u00e1lov\u00e9 \u010d\u00e1sti z\u00e1vodu. Online stream z n\u011bkolika kamer m\u00e1 vysokou kvalitu a je k dispozici na youtube kan\u00e1le CyklistikavTV.<\/p>\n\n\n\n<p>Po\u0159ad\u00ed \u010cP po dvou z\u00e1vodech:<\/p>\n\n\n\n<p>1. Linhart (Bike Team Uni\u010dov) 92, 2. Neu\u017eil (TJ Slovan Bohnice-BMX) 73, 3. M. Mentl\u00edk 63, 4. L. Mentl\u00edk (oba BMX &amp; 4X Team Olympus) 53.<\/p>\n","protected":false},"excerpt":{"rendered":"<p>Bikrosa\u0159i se do\u010dkali. Se zpo\u017ed\u011bn\u00edm odstartoval Ben\u00e1tk\u00e1ch nad Jizerou \u010cesk\u00fd poh\u00e1r v t\u00e9to olympijsk\u00e9 discipl\u00edn\u011b. Nejv\u00edce se da\u0159ilo v prvn\u00edm i druh\u00e9m z\u00e1vodu Mat\u011bj Linhart z celku Bike teamu Uni\u010dov. Ben\u00e1te\u010dt\u00ed po\u0159adatel\u00e9 m\u011bli are\u00e1l p\u0159ipraven s dostate\u010dn\u00fdm p\u0159edstihem, a tak ho mohla bikrosov\u00e1 reprezentace vyu\u017e\u00edt ke kr\u00e1tk\u00e9mu t\u0159\u00eddenn\u00edmu soust\u0159ed\u011bn\u00ed. Po\u010das\u00ed bohu\u017eel vykonalo ze st\u0159edy na [&hellip;]<\/p>\n","protected":false},"author":8,"featured_media":5850,"comment_status":"closed","ping_status":"open","sticky":false,"template":"","format":"standard","meta":{"footnotes":""},"categories":[57,2],"tags":[55],"class_list":["post-5849","post","type-post","status-publish","format-standard","has-post-thumbnail","hentry","category-bmx","category-novinky","tag-bmx"],"_links":{"self":[{"href":"https:\/\/www.czechcyclingfederation.com\/en\/wp-json\/wp\/v2\/posts\/5849","targetHints":{"allow":["GET"]}}],"collection":[{"href":"https:\/\/www.czechcyclingfederation.com\/en\/wp-json\/wp\/v2\/posts"}],"about":[{"href":"https:\/\/www.czechcyclingfederation.com\/en\/wp-json\/wp\/v2\/types\/post"}],"author":[{"embeddable":true,"href":"https:\/\/www.czechcyclingfederation.com\/en\/wp-json\/wp\/v2\/users\/8"}],"replies":[{"embeddable":true,"href":"https:\/\/www.czechcyclingfederation.com\/en\/wp-json\/wp\/v2\/comments?post=5849"}],"version-history":[{"count":1,"href":"https:\/\/www.czechcyclingfederation.com\/en\/wp-json\/wp\/v2\/posts\/5849\/revisions"}],"predecessor-version":[{"id":5851,"href":"https:\/\/www.czechcyclingfederation.com\/en\/wp-json\/wp\/v2\/posts\/5849\/revisions\/5851"}],"wp:featuredmedia":[{"embeddable":true,"href":"https:\/\/www.czechcyclingfederation.com\/en\/wp-json\/wp\/v2\/media\/5850"}],"wp:attachment":[{"href":"https:\/\/www.czechcyclingfederation.com\/en\/wp-json\/wp\/v2\/media?parent=5849"}],"wp:term":[{"taxonomy":"category","embeddable":true,"href":"https:\/\/www.czechcyclingfederation.com\/en\/wp-json\/wp\/v2\/categories?post=5849"},{"taxonomy":"post_tag","embeddable":true,"href":"https:\/\/www.czechcyclingfederation.com\/en\/wp-json\/wp\/v2\/tags?post=5849"}],"curies":[{"name":"wp","href":"https:\/\/api.w.org\/{rel}","templated":true}]}}