{"id":5843,"date":"2021-06-29T19:12:16","date_gmt":"2021-06-29T17:12:16","guid":{"rendered":"https:\/\/www.czechcyclingfederation.com\/?p=5843"},"modified":"2021-06-29T19:16:10","modified_gmt":"2021-06-29T17:16:10","slug":"vy-patrite-na-tour-antonin-bartonicek","status":"publish","type":"post","link":"https:\/\/www.czechcyclingfederation.com\/en\/vy-patrite-na-tour-antonin-bartonicek\/","title":{"rendered":"Vy pat\u0159\u00edte na Tour: Anton\u00edn Barton\u00ed\u010dek"},"content":{"rendered":"\n<p><strong>Nikdy nevzd\u00e1m! Buldok, co mohl jezdit v zelen\u00e9m!<\/strong><\/p>\n\n\n\n<p>\u0160est etap ovl\u00e1dl v Z\u00e1vod\u011b m\u00edru, nejslavn\u011bj\u0161\u00ed etapov\u00e9 bitv\u011b amat\u00e9r\u016f hluboko v minul\u00e9m stolet\u00ed. V dojezdech \u0159\u00e1dil i p\u0159i cyklistick\u00fdch bitv\u00e1ch v dal\u0161\u00edch koutech Evropy, pokud mu re\u017eim dovolil vycestovat. Nikdy v \u017eivot\u011b v\u0161ak Anton\u00edn Barton\u00ed\u010dek nedostal p\u0159\u00edle\u017eitost obl\u00e9knout zelen\u00fd dres nejlep\u0161\u00edho spurtera Tour de France. <\/p>\n\n\n\n<p>Pokra\u010dov\u00e1n\u00ed textu na <a href=\"https:\/\/www.welovecycling.com\/cs\/2021\/06\/28\/nikdy-nevzdam-buldok-co-mohl-jezdit-v-zelenem\/\" target=\"_blank\" rel=\"noreferrer noopener\">www.welovecycling.cz<\/a>.<\/p>\n\n\n\n<div style=\"text-align: center;\">\n\t<iframe loading=\"lazy\" allow=\"accelerometer; autoplay; clipboard-write; encrypted-media; gyroscope; picture-in-picture\" allowfullscreen=\"\" frameborder=\"0\" height=\"465\" scrolling=\"no\" src=\"https:\/\/www.youtube.com\/embed\/cex4fwLQxfE\" title=\"YouTube video player\" width=\"650\"><\/iframe><\/div>\n\n","protected":false},"excerpt":{"rendered":"<p>Nikdy nevzd\u00e1m! Buldok, co mohl jezdit v zelen\u00e9m! \u0160est etap ovl\u00e1dl v Z\u00e1vod\u011b m\u00edru, nejslavn\u011bj\u0161\u00ed etapov\u00e9 bitv\u011b amat\u00e9r\u016f hluboko v minul\u00e9m stolet\u00ed. V dojezdech \u0159\u00e1dil i p\u0159i cyklistick\u00fdch bitv\u00e1ch v dal\u0161\u00edch koutech Evropy, pokud mu re\u017eim dovolil vycestovat. Nikdy v \u017eivot\u011b v\u0161ak Anton\u00edn Barton\u00ed\u010dek nedostal p\u0159\u00edle\u017eitost obl\u00e9knout zelen\u00fd dres nejlep\u0161\u00edho spurtera Tour de France. Pokra\u010dov\u00e1n\u00ed [&hellip;]<\/p>\n","protected":false},"author":9,"featured_media":0,"comment_status":"closed","ping_status":"open","sticky":false,"template":"","format":"standard","meta":{"footnotes":""},"categories":[2],"tags":[11],"class_list":["post-5843","post","type-post","status-publish","format-standard","hentry","category-novinky","tag-silnice"],"_links":{"self":[{"href":"https:\/\/www.czechcyclingfederation.com\/en\/wp-json\/wp\/v2\/posts\/5843","targetHints":{"allow":["GET"]}}],"collection":[{"href":"https:\/\/www.czechcyclingfederation.com\/en\/wp-json\/wp\/v2\/posts"}],"about":[{"href":"https:\/\/www.czechcyclingfederation.com\/en\/wp-json\/wp\/v2\/types\/post"}],"author":[{"embeddable":true,"href":"https:\/\/www.czechcyclingfederation.com\/en\/wp-json\/wp\/v2\/users\/9"}],"replies":[{"embeddable":true,"href":"https:\/\/www.czechcyclingfederation.com\/en\/wp-json\/wp\/v2\/comments?post=5843"}],"version-history":[{"count":2,"href":"https:\/\/www.czechcyclingfederation.com\/en\/wp-json\/wp\/v2\/posts\/5843\/revisions"}],"predecessor-version":[{"id":5848,"href":"https:\/\/www.czechcyclingfederation.com\/en\/wp-json\/wp\/v2\/posts\/5843\/revisions\/5848"}],"wp:attachment":[{"href":"https:\/\/www.czechcyclingfederation.com\/en\/wp-json\/wp\/v2\/media?parent=5843"}],"wp:term":[{"taxonomy":"category","embeddable":true,"href":"https:\/\/www.czechcyclingfederation.com\/en\/wp-json\/wp\/v2\/categories?post=5843"},{"taxonomy":"post_tag","embeddable":true,"href":"https:\/\/www.czechcyclingfederation.com\/en\/wp-json\/wp\/v2\/tags?post=5843"}],"curies":[{"name":"wp","href":"https:\/\/api.w.org\/{rel}","templated":true}]}}