{"id":5637,"date":"2021-06-29T11:14:35","date_gmt":"2021-06-29T09:14:35","guid":{"rendered":"https:\/\/www.czechcyclingfederation.com\/?p=5637"},"modified":"2021-06-29T11:14:38","modified_gmt":"2021-06-29T09:14:38","slug":"dansky-mladik-storm-ovladl-zavod-miru-nejmladsich","status":"publish","type":"post","link":"https:\/\/www.czechcyclingfederation.com\/en\/dansky-mladik-storm-ovladl-zavod-miru-nejmladsich\/","title":{"rendered":"D\u00e1nsk\u00fd mlad\u00edk Storm ovl\u00e1dl Z\u00e1vod m\u00edru nejmlad\u0161\u00edch"},"content":{"rendered":"\n<p>Jubilejn\u00ed p\u011bta\u010dty\u0159ic\u00e1t\u00fd ro\u010dn\u00edk etapov\u00e9ho Z\u00e1vodu m\u00edru nejmlad\u0161\u00ed pro jezdce do 17 let zcela ovl\u00e1dl d\u00e1nsk\u00fd mlad\u00edk Theodor Storm v barv\u00e1ch celku Team Roskilde. V p\u011btietapov\u00e9m podniku \u010dty\u0159ikr\u00e1t v etap\u011b nena\u0161el p\u0159emo\u017eitele, kdy\u017e vyhr\u00e1l prvn\u00ed, druhou, t\u0159et\u00ed a z\u00e1v\u011bre\u010dnou etapu etapu. Pouze ve \u010dtvrt\u00e9 byl nejrychlej\u0161\u00ed Belgi\u010dan Yarno van Herck.<\/p>\n\n\n\n<p>Z \u010desk\u00fdch nad\u011bj\u00ed se na stupn\u011b v\u00edt\u011bz\u016f prosadili v prvn\u00ed etap\u011b druh\u00fd Jakub Elbardi z Dukly Praha, ve druh\u00e9 a t\u0159et\u00ed dojel t\u0159et\u00ed Richard Kobr (Roman Kreuziger Cycling Academy mix). Ve \u010dtvrt\u00e9 m\u011bla \u010desk\u00e1 cyklistika na stupn\u00edch v\u00edt\u011bz\u016f dvojn\u00e1sobn\u00e9 zastoupen\u00ed. Richard Kobr dojel druh\u00fd a Martin B\u00e1rta (TJ Stadion Louny) t\u0159et\u00ed.<\/p>\n\n\n\n<p>V celkov\u00e9m hodnocen\u00ed vyhr\u00e1l Storm o +1:17 p\u0159ed Slov\u00e1kem&nbsp; Samuelem Nov\u00e1kem, t\u0159et\u00ed Filip Gruzczynski z Polska zaotal o +1:53. Z \u010cech\u016f se prvn\u00ed des\u00edtky dostali osm\u00fd Martin B\u00e1rta (TJ Stadion Louny) a dev\u00e1t\u00fd Richard Kobr.<\/p>\n\n\n\n<p>Kone\u010dn\u00e9 po\u0159ad\u00ed:<\/p>\n\n\n\n<p>1. Storm (D\u00e1n.) 5:00:23, 2. Nov\u00e1k (SR) +1:17, 3. Gruzczynski (Pol.) +1:53, 4. van Herck (Belg.) +2:04, 5. Dun\u00e1r (SR) +2:09, 6. Mees (Niz.) +2:24, &#8230;8. B\u00e1rta (TJ Stadion Louny) +2:30, 9. Rich. Kobr (Roman Kreuziger Cycling Academy mix) +2:46, 16. Elbardi (Dukla Praha) +4:05, 21. Bittnan (KOVO Praha mix), 22. Poda\u0159il (Dukla Praha) oba +4:35, 23. Rob. Kobr (Roman Kreuziger Cycling Academy mix) +4:47, 25. \u0160ilhav\u00fd (KOVO Praha mix) 4:51, 26. Strej\u010dek (SCM Kol\u00edn &#8211; St\u0159edo\u010desk\u00fd kraj) +5:25, 29. Vavro (SCM Brno) +6:20.<\/p>\n\n\n\n<p>FOTO TJ Cykloklub Jev\u00ed\u010dko<\/p>\n\n\n\n<figure class=\"wp-block-image size-large\"><img loading=\"lazy\" decoding=\"async\" width=\"735\" height=\"735\" src=\"https:\/\/www.czechcyclingfederation.com\/wp-content\/uploads\/2021\/06\/cyklistika-zmn-jevicko-zari-2020-01_galerie-980.jpg\" alt=\"\" class=\"wp-image-5639\" srcset=\"https:\/\/www.czechcyclingfederation.com\/wp-content\/uploads\/2021\/06\/cyklistika-zmn-jevicko-zari-2020-01_galerie-980.jpg 735w, https:\/\/www.czechcyclingfederation.com\/wp-content\/uploads\/2021\/06\/cyklistika-zmn-jevicko-zari-2020-01_galerie-980-200x200.jpg 200w, https:\/\/www.czechcyclingfederation.com\/wp-content\/uploads\/2021\/06\/cyklistika-zmn-jevicko-zari-2020-01_galerie-980-150x150.jpg 150w\" sizes=\"auto, (max-width: 735px) 100vw, 735px\" \/><\/figure>\n","protected":false},"excerpt":{"rendered":"<p>Jubilejn\u00ed p\u011bta\u010dty\u0159ic\u00e1t\u00fd ro\u010dn\u00edk etapov\u00e9ho Z\u00e1vodu m\u00edru nejmlad\u0161\u00ed pro jezdce do 17 let zcela ovl\u00e1dl d\u00e1nsk\u00fd mlad\u00edk Theodor Storm v barv\u00e1ch celku Team Roskilde. V p\u011btietapov\u00e9m podniku \u010dty\u0159ikr\u00e1t v etap\u011b nena\u0161el p\u0159emo\u017eitele, kdy\u017e vyhr\u00e1l prvn\u00ed, druhou, t\u0159et\u00ed a z\u00e1v\u011bre\u010dnou etapu etapu. Pouze ve \u010dtvrt\u00e9 byl nejrychlej\u0161\u00ed Belgi\u010dan Yarno van Herck. Z \u010desk\u00fdch nad\u011bj\u00ed se na stupn\u011b [&hellip;]<\/p>\n","protected":false},"author":8,"featured_media":5638,"comment_status":"closed","ping_status":"open","sticky":false,"template":"","format":"standard","meta":{"footnotes":""},"categories":[2,18],"tags":[11],"class_list":["post-5637","post","type-post","status-publish","format-standard","has-post-thumbnail","hentry","category-novinky","category-silnice","tag-silnice"],"_links":{"self":[{"href":"https:\/\/www.czechcyclingfederation.com\/en\/wp-json\/wp\/v2\/posts\/5637","targetHints":{"allow":["GET"]}}],"collection":[{"href":"https:\/\/www.czechcyclingfederation.com\/en\/wp-json\/wp\/v2\/posts"}],"about":[{"href":"https:\/\/www.czechcyclingfederation.com\/en\/wp-json\/wp\/v2\/types\/post"}],"author":[{"embeddable":true,"href":"https:\/\/www.czechcyclingfederation.com\/en\/wp-json\/wp\/v2\/users\/8"}],"replies":[{"embeddable":true,"href":"https:\/\/www.czechcyclingfederation.com\/en\/wp-json\/wp\/v2\/comments?post=5637"}],"version-history":[{"count":1,"href":"https:\/\/www.czechcyclingfederation.com\/en\/wp-json\/wp\/v2\/posts\/5637\/revisions"}],"predecessor-version":[{"id":5640,"href":"https:\/\/www.czechcyclingfederation.com\/en\/wp-json\/wp\/v2\/posts\/5637\/revisions\/5640"}],"wp:featuredmedia":[{"embeddable":true,"href":"https:\/\/www.czechcyclingfederation.com\/en\/wp-json\/wp\/v2\/media\/5638"}],"wp:attachment":[{"href":"https:\/\/www.czechcyclingfederation.com\/en\/wp-json\/wp\/v2\/media?parent=5637"}],"wp:term":[{"taxonomy":"category","embeddable":true,"href":"https:\/\/www.czechcyclingfederation.com\/en\/wp-json\/wp\/v2\/categories?post=5637"},{"taxonomy":"post_tag","embeddable":true,"href":"https:\/\/www.czechcyclingfederation.com\/en\/wp-json\/wp\/v2\/tags?post=5637"}],"curies":[{"name":"wp","href":"https:\/\/api.w.org\/{rel}","templated":true}]}}