{"id":5583,"date":"2021-06-26T07:22:23","date_gmt":"2021-06-26T05:22:23","guid":{"rendered":"https:\/\/www.czechcyclingfederation.com\/?p=5583"},"modified":"2021-06-28T10:29:20","modified_gmt":"2021-06-28T08:29:20","slug":"petr-vakoc-pred-startem-tour-chceme-pomoci-van-der-poelovi-do-zlutaku","status":"publish","type":"post","link":"https:\/\/www.czechcyclingfederation.com\/en\/petr-vakoc-pred-startem-tour-chceme-pomoci-van-der-poelovi-do-zlutaku\/","title":{"rendered":"Petr Vako\u010d p\u0159ed startem Tour: Chceme pomoci van der Poelovi do \u017elu\u0165\u00e1ku"},"content":{"rendered":"\n<p>U\u017e je to dlouh\u00fdch p\u011bt let, kdy se Petr Vako\u010d postavil poprv\u00e9 na start Tour de France. Tehdy to bylo v&nbsp;dresu t\u00fdmu Etixx-Quick Step, v&nbsp;sobotu odstartuje svou druhou Tour kari\u00e9ry v&nbsp;barv\u00e1ch st\u00e1je Alpecin-Fenix, kde by se hlavn\u011b v&nbsp;\u00favodu m\u011blo v\u0161e to\u010dit kolem nizozemsk\u00e9 hv\u011bzdy Mathieuho van der Poela. \u201eUr\u010dit\u011b se budeme sna\u017eit, aby Mathieu obl\u00e9kl \u017elut\u00fd dres. \u00davodn\u00ed etapy mu budou hodn\u011b sed\u011bt,\u201c \u0159\u00edk\u00e1 Petr v&nbsp;rozhovoru pro web \u010cSC.<\/p>\n\n\n\n<p><strong>Pet\u0159e, jak\u00e9 to je, postavit se po p\u011bti letech znovu na start Tour?<\/strong><\/p>\n\n\n\n<p>Hlavn\u011b bych cht\u011bl \u0159\u00edct, \u017ee to hrozn\u011b rychle uteklo. P\u0159ijde mi, jako bych ji jel p\u0159ed chv\u00edl\u00ed. Moc se na to t\u011b\u0161\u00edm, je to \u00fapln\u011b jin\u00fd z\u00e1vod ne\u017e v\u0161echny ostatn\u00ed. A jsem zv\u011bdav, jak rychle mi budou naskakovat vzpom\u00ednky z&nbsp;toho m\u00e9ho prvn\u00edho startu.<\/p>\n\n\n\n<p><strong>Na co se nejv\u00edc t\u011b\u0161\u00ed\u0161?<\/strong><\/p>\n\n\n\n<p>Hned na ten za\u010d\u00e1tek, jak n\u00e1m to p\u016fjde. O\u010dek\u00e1v\u00e1n\u00ed jsou velk\u00e1, moc d\u016fle\u017eit\u00e1 bude hned prvn\u00ed etapa, kde m\u00e1 Mathieu ur\u010dit\u011b re\u00e1lnou \u0161anci vyhr\u00e1t. A my se mu k&nbsp;tomu budeme sna\u017eit maxim\u00e1ln\u011b pomoci, aby se obl\u00e9kl do \u017elu\u0165\u00e1ku. Byl bych moc r\u00e1d, kdyby se n\u00e1m to povedlo. P\u0159ed p\u011bti lety jsme se taky soust\u0159edili u\u017e na prvn\u00ed etapu, ale tam byl Marcel Kittel druh\u00fd.<\/p>\n\n\n\n<p><strong>Jak\u00e1 ta prvn\u00ed etapa bude?<\/strong><\/p>\n\n\n\n<p>Byli jsme si jej\u00ed \u010d\u00e1st projet a je jasn\u00e9, \u017ee van der Poelovi bude n\u00e1ramn\u011b vyhovovat. Stejn\u011b jako ta dal\u0161\u00ed. Dojezd prvn\u00ed etapy je pom\u011brn\u011b t\u011b\u017ek\u00fd. Ot\u00e1zkou je, jak moc bude foukat, ale ten z\u00e1v\u011br nen\u00ed n\u011bjak extra otev\u0159en\u00fd a mysl\u00edm, \u017ee by to m\u011blo b\u00fdt v&nbsp;pohod\u011b.<\/p>\n\n\n\n<p><strong>V\u00e1\u0161 t\u00fdm s\u00e1z\u00ed tedy v&nbsp;\u00favodu v\u0161e na van der Poela?<\/strong><\/p>\n\n\n\n<p>On je jasn\u00fdm l\u00eddrem na ty klasik\u00e1\u0159sk\u00e9 etapy. Na sprintersk\u00e9 m\u00e1me l\u00eddry Merliera a Philipsena. Mathieu se do klasick\u00fdch spurt\u016f asi tla\u010dit nebude. I kv\u016fli olympi\u00e1d\u011b v&nbsp;Tokiu, kde pojede biky. Do v\u00edkendu, kdy se najede do hor, m\u016f\u017eeme v&nbsp;ka\u017ed\u00e9 etap\u011b krom\u011b \u010dasovky pom\u00fd\u0161let co nejv\u00fd\u0161. A j\u00e1 se budu sna\u017eit odv\u00e1d\u011bt pro na\u0161e l\u00eddry co nejlep\u0161\u00ed pr\u00e1ci.<\/p>\n\n\n\n<p><strong>S&nbsp;van der Poelem i \u010d\u00e1st\u00ed t\u00fdmu pro Tour jste spolu tr\u00e1vili posledn\u00ed dobou pom\u011brn\u011b dost \u010dasu.<\/strong><\/p>\n\n\n\n<p>To je pravda, skoro m\u011bs\u00edc. Byli jsme dva t\u00fddny na vysokohorsk\u00e9m soust\u0159ed\u011bn\u00ed ve francouzsk\u00e9m La Plagne, pak jsme jeli Kolem \u0160v\u00fdcarska.<\/p>\n\n\n\n<p><strong>Je van der Poel pod velk\u00fd tlakem?<\/strong><\/p>\n\n\n\n<p>Je \u00fapln\u011b v&nbsp;klidu, nebo to dob\u0159e hraje \ud83d\ude0a<\/p>\n\n\n\n<p><strong>Jak se c\u00edt\u00ed\u0161 ty? Bude\u0161 m\u00edt taky \u0161anci se o n\u011bco pokusit?<\/strong><\/p>\n\n\n\n<p>Na celkov\u00e9 po\u0159ad\u00ed nem\u00e1me nikoho, tak\u017ee \u0161ance ur\u010dit\u011b bude. C\u00edt\u00edm, \u017ee se mi poda\u0159ilo formu dob\u0159e vyladit. Nejv\u00edc se t\u011b\u0161\u00edm na ty klasik\u00e1\u0159sk\u00e9 etapy, kter\u00e9 by mi m\u011bly hodn\u011b sed\u011bt. V&nbsp;hor\u00e1ch si sp\u00ed\u0161 budu cht\u00edt u\u017e\u00edt tu atmosf\u00e9ru, tam moc \u0161anc\u00ed nem\u00e1m. Ale i ve druh\u00e9m a t\u0159et\u00edm t\u00fddnu jsou etapy, kde by se dalo usp\u011bt t\u0159eba z&nbsp;\u00faniku. Moc r\u00e1d bych se do n\u011bjak\u00e9ho dostal a pokusil se zabojovat o etapu.<\/p>\n\n\n\n<p><strong>Co v\u0161echno jste ve Francii absolvovali?<\/strong><\/p>\n\n\n\n<p>\u010ctvrtek byl hodn\u011b nahu\u0161t\u011bn\u00fd: krevn\u00ed testy, testy na Covid, focen\u00ed, pak t\u00fdmov\u00e1 prezentace. Bylo toho fakt hodn\u011b. V&nbsp;p\u00e1tek u\u017e to bylo voln\u011bj\u0161\u00ed. Jeli jsme na tr\u00e9nink, ve\u010der jsme m\u011bli t\u00fdmov\u00fd m\u00edtink, jinak pohoda.<\/p>\n\n\n\n<p><strong>Bydl\u00edte na pokoji v\u0161ichni po dvojic\u00edch nebo m\u00e1 l\u00eddr privilegium samostatn\u00e9ho pokoje?<\/strong><\/p>\n\n\n\n<p>Jsme po dvou, Mathieu bydl\u00ed s&nbsp;Kristianem Sbaraglim a j\u00e1 se Silvanem Dillierem, \u010derstv\u00fdm \u0161v\u00fdcarsk\u00fdm mistrem.<\/p>\n\n\n\n<p><strong>Je pro tebe nominace na Tour dobrou n\u00e1plast\u00ed na to, \u017ee ses nakonec nedostal do olympijsk\u00e9 nominace pro Tokio?<\/strong><\/p>\n\n\n\n<p>T\u011b\u017eko se na to odpov\u00edd\u00e1, na olympi\u00e1du jsem se moc t\u011b\u0161il a doufal jsem, \u017ee bych se do nominace dostat mohl. Mrz\u00ed m\u011b to po\u0159\u00e1d, ale ned\u00e1 se nic d\u011blat. Jedu Tour, co\u017e je taky n\u00e1dhera, a pak se upnu na druhou p\u016flku sez\u00f3ny.<\/p>\n\n\n\n<figure class=\"wp-block-image size-large\"><img decoding=\"async\" src=\"https:\/\/www.czechcyclingfederation.com\/wp-content\/uploads\/2021\/06\/BrychtaJan_MR_MCR_MSR_Mlada_Boleslav_20200822_182435_DSC_9571-1024x682.jpg\" alt=\"\" class=\"wp-image-5587\"\/><\/figure>\n\n\n\n<figure class=\"wp-block-image size-large\"><img decoding=\"async\" src=\"blob:https:\/\/www.czechcyclingfederation.com\/28722af9-1e14-45a5-bb3e-c995ab1dd79c\" alt=\"\"\/><\/figure>\n\n\n\n<figure class=\"wp-block-image size-large\"><img decoding=\"async\" src=\"https:\/\/www.czechcyclingfederation.com\/wp-content\/uploads\/2021\/06\/BrychtaJan_MR_MCR_MSR_Mlada_Boleslav_20200822_182321_DSC_9544-1024x682.jpg\" alt=\"\" class=\"wp-image-5589\"\/><\/figure>\n\n\n\n<p>Autor: Jan Kr\u016fta, foto: Jan Brychta<\/p>\n","protected":false},"excerpt":{"rendered":"<p>U\u017e je to dlouh\u00fdch p\u011bt let, kdy se Petr Vako\u010d postavil poprv\u00e9 na start Tour de France. Tehdy to bylo v&nbsp;dresu t\u00fdmu Etixx-Quick Step, v&nbsp;sobotu odstartuje svou druhou Tour kari\u00e9ry v&nbsp;barv\u00e1ch st\u00e1je Alpecin-Fenix, kde by se hlavn\u011b v&nbsp;\u00favodu m\u011blo v\u0161e to\u010dit kolem nizozemsk\u00e9 hv\u011bzdy Mathieuho van der Poela. \u201eUr\u010dit\u011b se budeme sna\u017eit, aby Mathieu obl\u00e9kl [&hellip;]<\/p>\n","protected":false},"author":1,"featured_media":0,"comment_status":"closed","ping_status":"open","sticky":false,"template":"","format":"standard","meta":{"footnotes":""},"categories":[2],"tags":[11],"class_list":["post-5583","post","type-post","status-publish","format-standard","hentry","category-novinky","tag-silnice"],"_links":{"self":[{"href":"https:\/\/www.czechcyclingfederation.com\/en\/wp-json\/wp\/v2\/posts\/5583","targetHints":{"allow":["GET"]}}],"collection":[{"href":"https:\/\/www.czechcyclingfederation.com\/en\/wp-json\/wp\/v2\/posts"}],"about":[{"href":"https:\/\/www.czechcyclingfederation.com\/en\/wp-json\/wp\/v2\/types\/post"}],"author":[{"embeddable":true,"href":"https:\/\/www.czechcyclingfederation.com\/en\/wp-json\/wp\/v2\/users\/1"}],"replies":[{"embeddable":true,"href":"https:\/\/www.czechcyclingfederation.com\/en\/wp-json\/wp\/v2\/comments?post=5583"}],"version-history":[{"count":0,"href":"https:\/\/www.czechcyclingfederation.com\/en\/wp-json\/wp\/v2\/posts\/5583\/revisions"}],"wp:attachment":[{"href":"https:\/\/www.czechcyclingfederation.com\/en\/wp-json\/wp\/v2\/media?parent=5583"}],"wp:term":[{"taxonomy":"category","embeddable":true,"href":"https:\/\/www.czechcyclingfederation.com\/en\/wp-json\/wp\/v2\/categories?post=5583"},{"taxonomy":"post_tag","embeddable":true,"href":"https:\/\/www.czechcyclingfederation.com\/en\/wp-json\/wp\/v2\/tags?post=5583"}],"curies":[{"name":"wp","href":"https:\/\/api.w.org\/{rel}","templated":true}]}}