{"id":5579,"date":"2021-06-25T23:18:53","date_gmt":"2021-06-25T21:18:53","guid":{"rendered":"https:\/\/www.czechcyclingfederation.com\/?p=5579"},"modified":"2021-06-25T23:18:56","modified_gmt":"2021-06-25T21:18:56","slug":"v-zavodu-solidarnosc-do-zluteho-jan-barta","status":"publish","type":"post","link":"https:\/\/www.czechcyclingfederation.com\/en\/v-zavodu-solidarnosc-do-zluteho-jan-barta\/","title":{"rendered":"V z\u00e1vodu Solidarnosc do \u017elut\u00e9ho Jan B\u00e1rta"},"content":{"rendered":"\n<p>Etapov\u00fd vav\u0159\u00edn vybojoval ve \u010dttvr\u00e9 etap\u011b z\u00e1vodu Solidarnosc v polsk\u00fdch Kielc\u00edch Jan B\u00e1rta ze st\u00e1le Elkov Kasper. Ten jej v pr\u016fb\u011b\u017en\u00e9 klasifikaci posunul do \u010dela, Jakub \u0164oupal\u00edk z stejn\u00e9ho t\u00fdmu se nav\u00edc v pr\u016fb\u011b\u017en\u00e9m hodnocen\u00ed dostal hned za n\u011bj a vede sout\u011b\u017e do 23 let.<\/p>\n\n\n\n<p>Nejdel\u0161\u00ed etapa podniku druh\u00e9 kategorie kalend\u00e1\u0159e UCI m\u011b\u0159ila 212 km a vzhledem k tomu, \u017ee m\u011bla klasik\u00e1\u0159sk\u00fd z\u00e1v\u011br, tak se o\u010dek\u00e1valo, \u017ee pr\u00e1v\u011b zde se bude rozhodovat.&nbsp; Kdy\u017e do c\u00edle zb\u00fdvalo n\u011bco m\u00e1lo p\u0159es t\u0159icet kilometr\u016f tak nastoupil \u010derstv\u00fd mistr Polska Maciej Paterski a spolu s n\u00edm i Nizozemec Bax a Jakub \u0164oupal\u00edk. Na ty sta\u010dili dot\u00e1hnout je\u0161t\u011b B\u00e1rta s Novoz\u00e9lan\u010fanem Fouchem.<\/p>\n\n\n\n<p>Skupina na \u010dele v tu chv\u00edli dob\u0159e spolupracovalo a postupn\u011b si vybudovala dostate\u010dn\u00fd n\u00e1skok, a tak bylo jasn\u00e9, \u017ee se bude o v\u00edt\u011bzi rozhodovat z t\u00e9to p\u011btice. \u201eNa posledn\u00edm kilometru mi Kuba \u0164oupal\u00edk \u0159\u00edkal, \u017ee u\u017e je p\u0159es, a tak jsem to zkusil na 500 metrech na dlouh\u00fd sprint a vy\u0161lo to. Z v\u00edt\u011bzstv\u00ed m\u00e1m ohromnou radost. Z\u00edtra je posledn\u00ed etapa a bude to p\u0159edev\u0161\u00edm o tom to uhl\u00eddat, aby n\u00e1m nic neujelo. Pokud, ale kluci pojedou tempo jako dnes, tak se o to neboj\u00edm,\u201c \u0159ekl dne\u0161n\u00ed v\u00edt\u011bz a nov\u00fd l\u00eddr z\u00e1vodu Jan B\u00e1rta.<\/p>\n\n\n\n<p>V\u00fdsledky:<\/p>\n\n\n\n<p>4. etapa (212 km):<\/p>\n\n\n\n<p>1. J. B\u00e1rta (\u010cR) 5:07:04, 2. Paterski (Pol.), 3. Bax (Niz.), 4. Fouch\u00e9 (Fr.) v\u0161ichni stejn\u00fd \u010das, 5. J. \u0164oupal\u00edk +4, &#8230;14. Bittner, 16. T. B\u00e1rta, 17. Neuman, 37. Petru\u0161, 41. Fiala, 45. Kukrle, 47. Zah\u00e1lka (v\u0161ichni \u010cR) v\u0161ichni +46.<\/p>\n\n\n\n<p>Pr\u016fb\u011b\u017en\u00e9 po\u0159ad\u00ed:<\/p>\n\n\n\n<p>1. J. B\u00e1rta 13:20:01, 2. J. \u0164oupal\u00edk +15, 3. Paterski +44, 4. Bax +46, &#8230;9. Bittner +53, 12. T. B\u00e1rta, 15. Neuman oba +57, 28. Petru\u0161 +1:34, 41. Fiala, 43. Zah\u00e1lka, 47. Kukrle v\u0161ichni +1:36.<\/p>\n\n\n\n<p>FOTO Elkov Kasper<\/p>\n\n\n\n<figure class=\"wp-block-image size-large\"><img loading=\"lazy\" decoding=\"async\" width=\"1024\" height=\"768\" src=\"https:\/\/www.czechcyclingfederation.com\/wp-content\/uploads\/2021\/06\/Barta-79948aba-7549-4551-8c5a-233e9089c3c1-1024x768.jpg\" alt=\"\" class=\"wp-image-5581\" srcset=\"https:\/\/www.czechcyclingfederation.com\/wp-content\/uploads\/2021\/06\/Barta-79948aba-7549-4551-8c5a-233e9089c3c1-1024x768.jpg 1024w, https:\/\/www.czechcyclingfederation.com\/wp-content\/uploads\/2021\/06\/Barta-79948aba-7549-4551-8c5a-233e9089c3c1-267x200.jpg 267w, https:\/\/www.czechcyclingfederation.com\/wp-content\/uploads\/2021\/06\/Barta-79948aba-7549-4551-8c5a-233e9089c3c1-768x576.jpg 768w, https:\/\/www.czechcyclingfederation.com\/wp-content\/uploads\/2021\/06\/Barta-79948aba-7549-4551-8c5a-233e9089c3c1-1536x1152.jpg 1536w, https:\/\/www.czechcyclingfederation.com\/wp-content\/uploads\/2021\/06\/Barta-79948aba-7549-4551-8c5a-233e9089c3c1-1320x990.jpg 1320w, https:\/\/www.czechcyclingfederation.com\/wp-content\/uploads\/2021\/06\/Barta-79948aba-7549-4551-8c5a-233e9089c3c1.jpg 1600w\" sizes=\"auto, (max-width: 1024px) 100vw, 1024px\" \/><\/figure>\n","protected":false},"excerpt":{"rendered":"<p>Etapov\u00fd vav\u0159\u00edn vybojoval ve \u010dttvr\u00e9 etap\u011b z\u00e1vodu Solidarnosc v polsk\u00fdch Kielc\u00edch Jan B\u00e1rta ze st\u00e1le Elkov Kasper. Ten jej v pr\u016fb\u011b\u017en\u00e9 klasifikaci posunul do \u010dela, Jakub \u0164oupal\u00edk z stejn\u00e9ho t\u00fdmu se nav\u00edc v pr\u016fb\u011b\u017en\u00e9m hodnocen\u00ed dostal hned za n\u011bj a vede sout\u011b\u017e do 23 let. Nejdel\u0161\u00ed etapa podniku druh\u00e9 kategorie kalend\u00e1\u0159e UCI m\u011b\u0159ila 212 km [&hellip;]<\/p>\n","protected":false},"author":8,"featured_media":5580,"comment_status":"closed","ping_status":"open","sticky":false,"template":"","format":"standard","meta":{"footnotes":""},"categories":[2,18],"tags":[11],"class_list":["post-5579","post","type-post","status-publish","format-standard","has-post-thumbnail","hentry","category-novinky","category-silnice","tag-silnice"],"_links":{"self":[{"href":"https:\/\/www.czechcyclingfederation.com\/en\/wp-json\/wp\/v2\/posts\/5579","targetHints":{"allow":["GET"]}}],"collection":[{"href":"https:\/\/www.czechcyclingfederation.com\/en\/wp-json\/wp\/v2\/posts"}],"about":[{"href":"https:\/\/www.czechcyclingfederation.com\/en\/wp-json\/wp\/v2\/types\/post"}],"author":[{"embeddable":true,"href":"https:\/\/www.czechcyclingfederation.com\/en\/wp-json\/wp\/v2\/users\/8"}],"replies":[{"embeddable":true,"href":"https:\/\/www.czechcyclingfederation.com\/en\/wp-json\/wp\/v2\/comments?post=5579"}],"version-history":[{"count":1,"href":"https:\/\/www.czechcyclingfederation.com\/en\/wp-json\/wp\/v2\/posts\/5579\/revisions"}],"predecessor-version":[{"id":5582,"href":"https:\/\/www.czechcyclingfederation.com\/en\/wp-json\/wp\/v2\/posts\/5579\/revisions\/5582"}],"wp:featuredmedia":[{"embeddable":true,"href":"https:\/\/www.czechcyclingfederation.com\/en\/wp-json\/wp\/v2\/media\/5580"}],"wp:attachment":[{"href":"https:\/\/www.czechcyclingfederation.com\/en\/wp-json\/wp\/v2\/media?parent=5579"}],"wp:term":[{"taxonomy":"category","embeddable":true,"href":"https:\/\/www.czechcyclingfederation.com\/en\/wp-json\/wp\/v2\/categories?post=5579"},{"taxonomy":"post_tag","embeddable":true,"href":"https:\/\/www.czechcyclingfederation.com\/en\/wp-json\/wp\/v2\/tags?post=5579"}],"curies":[{"name":"wp","href":"https:\/\/api.w.org\/{rel}","templated":true}]}}