{"id":5127,"date":"2021-06-23T08:26:35","date_gmt":"2021-06-23T06:26:35","guid":{"rendered":"https:\/\/www.czechcyclingfederation.com\/?p=5127"},"modified":"2021-06-23T08:26:36","modified_gmt":"2021-06-23T06:26:36","slug":"ryba-vyhral-gp-efisan","status":"publish","type":"post","link":"https:\/\/www.czechcyclingfederation.com\/en\/ryba-vyhral-gp-efisan\/","title":{"rendered":"Ryba vyhr\u00e1l GP Efisan"},"content":{"rendered":"\n<p>Po nevyda\u0159en\u00e9m mistrovstv\u00ed \u010cR si v Plzni na Grand Prix se zlep\u0161il n\u00e1ladu Jan Ryba ze Sparty Praha, kdy\u017e vyhr\u00e1l \u010dtvrt\u00fd d\u00edl GIANT ligy v Plzni. Z\u00e1vod na 60 km m\u011bl dramatickou koncovku o kterou se postaral Martin Boubal (Hello CTW).<\/p>\n\n\n\n<p>Skv\u011ble rozjet\u00fd z\u00e1vod m\u011bl Ryba, kter\u00e9mu se da\u0159ilo v koncovk\u00e1ch v nich\u017e se p\u0159etahoval o body s Pavlem Kelemenem (Dukla Praha). Boubal (Hello CTW) se postupn\u011b bodov\u011b za\u010dal dotahovat a\u017e po polovin\u011b z\u00e1vodu na vedouc\u00ed dvojici a \u0161est okruh\u016f p\u0159ed c\u00edlem se dokonce d\u00edky \u00faniku dostal na prvn\u00ed m\u00edsto pr\u016fb\u011b\u017en\u00e9ho veden\u00ed. Na to zareagovali jezdci Sparty a poda\u0159ilo se jim nakonec prvenstv\u00ed pro Rybu vybojovat.<\/p>\n\n\n\n<p>\u017den\u00e1m kralovala ve spurtu Krist\u00fdna Burlov\u00e1 (Dukla PRaha), juniory vyhr\u00e1l op\u011bt rychl\u00edk Maximilian Kerl (Author Team Stupno).<\/p>\n\n\n\n<p>V\u00fdsledky:<\/p>\n\n\n\n<p>1. Ryba (Sparta Praha) 25, 2. Boubal (Hello CTW) 21, 3. Pavel Kelemen (Dukla Praha) 18,<\/p>\n\n\n\n<p>4. Tyrpekl (Topforex &#8211; ATT Investments Pro Cycling Team) 12, 5. Franz (N\u011bm.) 11, 6. Haberman (Sparta Praha) 9.<\/p>\n\n\n\n<p>Junio\u0159i:<\/p>\n\n\n\n<p>1. Kerl (Author Team Stupno) 8, 2. C\u00edrkva (Roman Kreuziger Cycling Academy) 6, 3. \u010cerv\u00ed\u010dek (Dukla Praha) 4.<\/p>\n\n\n\n<p>FOTO Tom\u00e1\u0161 Tesa\u0159<\/p>\n","protected":false},"excerpt":{"rendered":"<p>Po nevyda\u0159en\u00e9m mistrovstv\u00ed \u010cR si v Plzni na Grand Prix se zlep\u0161il n\u00e1ladu Jan Ryba ze Sparty Praha, kdy\u017e vyhr\u00e1l \u010dtvrt\u00fd d\u00edl GIANT ligy v Plzni. Z\u00e1vod na 60 km m\u011bl dramatickou koncovku o kterou se postaral Martin Boubal (Hello CTW). Skv\u011ble rozjet\u00fd z\u00e1vod m\u011bl Ryba, kter\u00e9mu se da\u0159ilo v koncovk\u00e1ch v nich\u017e se p\u0159etahoval [&hellip;]<\/p>\n","protected":false},"author":8,"featured_media":5128,"comment_status":"closed","ping_status":"open","sticky":false,"template":"","format":"standard","meta":{"footnotes":""},"categories":[2,18],"tags":[11],"class_list":["post-5127","post","type-post","status-publish","format-standard","has-post-thumbnail","hentry","category-novinky","category-silnice","tag-silnice"],"_links":{"self":[{"href":"https:\/\/www.czechcyclingfederation.com\/en\/wp-json\/wp\/v2\/posts\/5127","targetHints":{"allow":["GET"]}}],"collection":[{"href":"https:\/\/www.czechcyclingfederation.com\/en\/wp-json\/wp\/v2\/posts"}],"about":[{"href":"https:\/\/www.czechcyclingfederation.com\/en\/wp-json\/wp\/v2\/types\/post"}],"author":[{"embeddable":true,"href":"https:\/\/www.czechcyclingfederation.com\/en\/wp-json\/wp\/v2\/users\/8"}],"replies":[{"embeddable":true,"href":"https:\/\/www.czechcyclingfederation.com\/en\/wp-json\/wp\/v2\/comments?post=5127"}],"version-history":[{"count":1,"href":"https:\/\/www.czechcyclingfederation.com\/en\/wp-json\/wp\/v2\/posts\/5127\/revisions"}],"predecessor-version":[{"id":5129,"href":"https:\/\/www.czechcyclingfederation.com\/en\/wp-json\/wp\/v2\/posts\/5127\/revisions\/5129"}],"wp:featuredmedia":[{"embeddable":true,"href":"https:\/\/www.czechcyclingfederation.com\/en\/wp-json\/wp\/v2\/media\/5128"}],"wp:attachment":[{"href":"https:\/\/www.czechcyclingfederation.com\/en\/wp-json\/wp\/v2\/media?parent=5127"}],"wp:term":[{"taxonomy":"category","embeddable":true,"href":"https:\/\/www.czechcyclingfederation.com\/en\/wp-json\/wp\/v2\/categories?post=5127"},{"taxonomy":"post_tag","embeddable":true,"href":"https:\/\/www.czechcyclingfederation.com\/en\/wp-json\/wp\/v2\/tags?post=5127"}],"curies":[{"name":"wp","href":"https:\/\/api.w.org\/{rel}","templated":true}]}}