{"id":5107,"date":"2021-06-21T16:57:42","date_gmt":"2021-06-21T14:57:42","guid":{"rendered":"https:\/\/www.czechcyclingfederation.com\/?p=5107"},"modified":"2021-06-23T12:09:23","modified_gmt":"2021-06-23T10:09:23","slug":"nominace-silnicaru-do-tokia-stybar-schlegel-kukrle-a-neumanova","status":"publish","type":"post","link":"https:\/\/www.czechcyclingfederation.com\/en\/nominace-silnicaru-do-tokia-stybar-schlegel-kukrle-a-neumanova\/","title":{"rendered":"Nominace silni\u010d\u00e1\u0159\u016f do Tokia: \u0160tybar, Schlegel, Kukrle a Neumanov\u00e1"},"content":{"rendered":"\n<p>Silni\u010dn\u00ed komise \u010cesk\u00e9ho svazu cyklistiky dnes schv\u00e1lila nominaci silni\u010d\u00e1\u0159\u016f na olympijsk\u00e9 hry v&nbsp;Tokiu. \u010cty\u0159\u010dlenn\u00fd v\u00fdb\u011br tvo\u0159\u00ed Zden\u011bk \u0160tybar (Deceuninck-Quick Step), Michal Schlegel, Michael Kukrle (oba Elkov Kasper) a jedinou \u017eenou bude Tereza Neumanov\u00e1 (Women Cycling Team).<\/p>\n\n\n\n<p>V&nbsp;mu\u017esk\u00e9 nominaci by za norm\u00e1ln\u00edch okolnost\u00ed figuroval v&nbsp;sestav\u011b mistr republiky v&nbsp;\u010dasovce Josef \u010cern\u00fd, kter\u00fd m\u011bl jet na olympi\u00e1d\u011b krom\u011b \u010dasovky i silni\u010dn\u00ed z\u00e1vod jednotlivc\u016f, ale po\u017e\u00e1dal reprezenta\u010dn\u00edho tren\u00e9ra Tom\u00e1\u0161e Kone\u010dn\u00e9ho, aby jeho m\u00edsto p\u0159epustil n\u011bkomu jin\u00e9mu.<\/p>\n\n\n\n<p>\u201eDeceuninck-Quick Step s&nbsp;n\u00edm po\u010d\u00edt\u00e1 na Vueltu. P\u0159ed n\u00ed by m\u011bl absolvovat del\u0161\u00ed vysokohorsk\u00e9 soust\u0159ed\u011bn\u00ed a olympi\u00e1da mu bohu\u017eel \u00fapln\u011b nezapad\u00e1 do programu. Bavili jsme se o tom spolu na Slovensku, ozn\u00e1mil mi to jako prvn\u00edmu a po dohod\u011b s&nbsp;ostatn\u00edmi \u010dleny komise jsme to akceptovali.\u201c uvedl Tom\u00e1\u0161 Kone\u010dn\u00fd.<\/p>\n\n\n\n<p>Proto musela komise \u0159e\u0161it, kdo \u010cern\u00e9ho nahrad\u00ed. Jedn\u00e1n\u00ed prob\u00edhala je\u0161t\u011b b\u011bhem pond\u011bl\u00ed. Nakonec padlo rozhodnut\u00ed jmenovat \u010derstv\u00e9ho mistra republiky a p\u00e1t\u00e9ho mu\u017ee mistrovsk\u00e9 \u010dasovky Michaela Kukrleho.<\/p>\n\n\n\n<p>\u201eNa olympi\u00e1d\u011b pojede silni\u010dn\u00ed z\u00e1vod i \u010dasovku. Nominaci si zaslou\u017e\u00ed. Doma vede \u010cesk\u00fd poh\u00e1r, vyhr\u00e1l dva jeho leto\u0161n\u00ed z\u00e1vody. P\u0159ed mistr\u00e1kem jel dob\u0159e z\u00e1vod Kolem Horn\u00edho Rakouska. Typem je to takov\u00fd klasik\u00e1\u0159, jemu\u017e by mohla olympijsk\u00e1 tra\u0165 sednout. Cel\u00e1 komise se jednozna\u010dn\u011b shodla, \u017ee Michael je spr\u00e1vnou volbou,\u201c vysv\u011btlil p\u0159edseda silni\u010dn\u00ed komise Lud\u011bk Teleck\u00fd.<\/p>\n\n\n\n<p>Pro silni\u010dn\u00ed z\u00e1vod byli vybr\u00e1ni tak\u00e9 Zden\u011bk \u0160tybar a Michal Schlegel \u201eMuseli jsme br\u00e1t v&nbsp;\u00favahu n\u00e1ro\u010dnost olympijsk\u00e9ho z\u00e1vodu. \u0160tybar byl pro v\u0161echny jasnou volbou. Je to velice zku\u0161en\u00fd z\u00e1vodn\u00edk, letos z\u00edskal z&nbsp;na\u0161ich kluk\u016f nejv\u00edc UCI bod\u016f. Na olympi\u00e1du se dlouhodob\u011b chyst\u00e1, bere ji jako jeden z&nbsp;velk\u00fdch vrchol\u016f sez\u00f3ny. Um\u00ed jezdit t\u011b\u017ek\u00e9 jednor\u00e1zovky. Schlegel je p\u0159edev\u0161\u00edm skv\u011bl\u00fd vrcha\u0159, co\u017e p\u0159ed mistrovstv\u00edm republiky prokazoval na z\u00e1vodech Kolem Malopolska a Kolem Horn\u00edho Rakouska, kde v\u017edy vyhr\u00e1l t\u011b\u017ekou etapu. Malopolsko celkov\u011b vyhr\u00e1l a v Rakousku skon\u010dil t\u0159et\u00ed. Da\u0159ilo se mu i na dal\u0161\u00edch z\u00e1vodech v&nbsp;zahrani\u010dn\u00ed,\u201c \u0159ekl Lud\u011bk Teleck\u00fd.<\/p>\n\n\n\n<p>T\u00fdm pro silni\u010dn\u00ed olympijsk\u00fd z\u00e1vod bude podle reprezenta\u010dn\u00edho tren\u00e9ra dob\u0159e vyv\u00e1\u017een\u00fd. \u201e\u0160tybar bude kapit\u00e1nem, m\u00e1 z&nbsp;na\u0161ich kluk\u016f nejv\u00edc zku\u0161enost\u00ed s&nbsp;takov\u00fdmi z\u00e1vody. V&nbsp;sestav\u011b m\u00e1me jednoho vrcha\u0159e a dva klasik\u00e1\u0159e, kte\u0159\u00ed nemaj\u00ed probl\u00e9m v&nbsp;kopc\u00edch. Sice to bude nesm\u00edrn\u011b t\u011b\u017ek\u00fd z\u00e1vod, ale ur\u010dit\u011b nejsme bez \u0161anc\u00ed. I ty nejv\u011bt\u0161\u00ed velmoci budou moci postavit maxim\u00e1ln\u011b p\u011bt z\u00e1vodn\u00edk\u016f a v&nbsp;takov\u00e9m po\u010dtu nen\u00ed nikdo schopen tvo\u0159it z\u00e1vod dlouh\u00fd 230 kilometr\u016f,\u201c odhadoval Tom\u00e1\u0161 Kone\u010dn\u00fd.<\/p>\n\n\n\n<p>Jedinou \u017eenou v&nbsp;olympijsk\u00e9 nominaci na silnici je Tereza Neumanov\u00e1, kter\u00e1 na mistrovstv\u00ed republiky v&nbsp;B\u00e1novc\u00edch nad Bebravou porazila v&nbsp;p\u0159\u00edm\u00e9m souboji o Tokio v&nbsp;silni\u010dn\u00edm z\u00e1vod\u011b Nikolu Noskovou. Jej\u00ed nominaci schv\u00e1lila silni\u010dn\u00ed komise \u010cSC u\u017e po sobotn\u00edm z\u00e1vod\u011b \u017een. P\u0159edem bylo stanoveno, \u017ee pokud titul z\u00edsk\u00e1 jedna z&nbsp;t\u011bchto dvou z\u00e1vodnic, pojede na olympi\u00e1du mistryn\u011b republiky. Rozhodlo se tak na c\u00edlov\u00e9 rovince, kdy ve spurtu slavila prvenstv\u00ed Neumanov\u00e1, Noskov\u00e1 skon\u010dila t\u0159et\u00ed. Neumanov\u00e1 pojede na OH pouze silni\u010dn\u00ed z\u00e1vod, pro \u010dasovku \u017een nem\u00e1 \u010cesko vyjet\u00e9 \u00fa\u010dastnick\u00e9 m\u00edsto.<\/p>\n\n\n\n<p><strong>Nominace na OH do Tokia \u2013 mu\u017ei: <\/strong>Zden\u011bk \u0160tybar, Michal Schlegel (oba silni\u010dn\u00ed z\u00e1vod), Michael Kukrle (silni\u010dn\u00ed z\u00e1vod, \u010dasovka). <strong>\u017deny: <\/strong>Tereza Neumanov\u00e1 (silni\u010dn\u00ed z\u00e1vod).<\/p>\n\n\n\n<p>FOTO: Jan Brychta<\/p>\n\n\n\n<figure class=\"wp-block-image size-large\"><img decoding=\"async\" src=\"https:\/\/www.czechcyclingfederation.com\/wp-content\/uploads\/2021\/06\/Zdene\u030ck-S\u030ctybar_IJan-Brychta-1024x682.jpg\" alt=\"\" class=\"wp-image-5109\"\/><\/figure>\n\n\n\n<figure class=\"wp-block-image size-large\"><img decoding=\"async\" src=\"https:\/\/www.czechcyclingfederation.com\/wp-content\/uploads\/2021\/06\/Michal-Schlegel-Jan-Brychta-1024x682.jpg\" alt=\"\" class=\"wp-image-5110\"\/><\/figure>\n\n\n\n<figure class=\"wp-block-image size-large\"><img decoding=\"async\" src=\"https:\/\/www.czechcyclingfederation.com\/wp-content\/uploads\/2021\/06\/Michael-Kukrle-c\u030casovka-Jan-Brychta-1024x682.jpg\" alt=\"\" class=\"wp-image-5111\"\/><\/figure>\n\n\n\n<figure class=\"wp-block-image size-large\"><img decoding=\"async\" src=\"https:\/\/www.czechcyclingfederation.com\/wp-content\/uploads\/2021\/06\/Tereza-Neumanova\u0301_IIJan-Brychta-1024x682.jpg\" alt=\"\" class=\"wp-image-5112\"\/><\/figure>\n","protected":false},"excerpt":{"rendered":"<p>Silni\u010dn\u00ed komise \u010cesk\u00e9ho svazu cyklistiky dnes schv\u00e1lila nominaci silni\u010d\u00e1\u0159\u016f na olympijsk\u00e9 hry v&nbsp;Tokiu. \u010cty\u0159\u010dlenn\u00fd v\u00fdb\u011br tvo\u0159\u00ed Zden\u011bk \u0160tybar (Deceuninck-Quick Step), Michal Schlegel, Michael Kukrle (oba Elkov Kasper) a jedinou \u017eenou bude Tereza Neumanov\u00e1 (Women Cycling Team). V&nbsp;mu\u017esk\u00e9 nominaci by za norm\u00e1ln\u00edch okolnost\u00ed figuroval v&nbsp;sestav\u011b mistr republiky v&nbsp;\u010dasovce Josef \u010cern\u00fd, kter\u00fd m\u011bl jet na olympi\u00e1d\u011b krom\u011b [&hellip;]<\/p>\n","protected":false},"author":1,"featured_media":0,"comment_status":"closed","ping_status":"open","sticky":false,"template":"","format":"standard","meta":{"footnotes":""},"categories":[2,18],"tags":[11],"class_list":["post-5107","post","type-post","status-publish","format-standard","hentry","category-novinky","category-silnice","tag-silnice"],"_links":{"self":[{"href":"https:\/\/www.czechcyclingfederation.com\/en\/wp-json\/wp\/v2\/posts\/5107","targetHints":{"allow":["GET"]}}],"collection":[{"href":"https:\/\/www.czechcyclingfederation.com\/en\/wp-json\/wp\/v2\/posts"}],"about":[{"href":"https:\/\/www.czechcyclingfederation.com\/en\/wp-json\/wp\/v2\/types\/post"}],"author":[{"embeddable":true,"href":"https:\/\/www.czechcyclingfederation.com\/en\/wp-json\/wp\/v2\/users\/1"}],"replies":[{"embeddable":true,"href":"https:\/\/www.czechcyclingfederation.com\/en\/wp-json\/wp\/v2\/comments?post=5107"}],"version-history":[{"count":0,"href":"https:\/\/www.czechcyclingfederation.com\/en\/wp-json\/wp\/v2\/posts\/5107\/revisions"}],"wp:attachment":[{"href":"https:\/\/www.czechcyclingfederation.com\/en\/wp-json\/wp\/v2\/media?parent=5107"}],"wp:term":[{"taxonomy":"category","embeddable":true,"href":"https:\/\/www.czechcyclingfederation.com\/en\/wp-json\/wp\/v2\/categories?post=5107"},{"taxonomy":"post_tag","embeddable":true,"href":"https:\/\/www.czechcyclingfederation.com\/en\/wp-json\/wp\/v2\/tags?post=5107"}],"curies":[{"name":"wp","href":"https:\/\/api.w.org\/{rel}","templated":true}]}}