{"id":5062,"date":"2021-06-19T20:08:45","date_gmt":"2021-06-19T18:08:45","guid":{"rendered":"https:\/\/www.czechcyclingfederation.com\/?p=5062"},"modified":"2021-06-22T00:09:10","modified_gmt":"2021-06-21T22:09:10","slug":"juniorskym-silnicnim-sampionem-matyas-kopecky","status":"publish","type":"post","link":"https:\/\/www.czechcyclingfederation.com\/en\/juniorskym-silnicnim-sampionem-matyas-kopecky\/","title":{"rendered":"Juniorsk\u00fdm silni\u010dn\u00edm \u0161ampionem Maty\u00e1\u0161 Kopeck\u00fd"},"content":{"rendered":"\n<p>Po zisku st\u0159\u00edbra v \u010dasovce korunoval sv\u00e9 vystoupen\u00ed na dom\u00e1c\u00edm mistrovstv\u00ed v silni\u010dn\u00edm z\u00e1vodu junior\u016f Maty\u00e1\u0161 Kopeck\u00fd (Acrog Tormans) ziskem medaile nejcenn\u011bj\u0161\u00ed. Po 130 kilometrech na spole\u010dn\u00e9m mistrovstv\u00ed se slovensk\u00fdmi cyklisty v B\u00e1novc\u00edch nad Bebravou za n\u00edm p\u0159ijel s dvouvte\u0159inov\u00fdm odstupem Milan Kadlec z Dukla Praha a ve stejn\u00e9 \u010dase byl i t\u0159et\u00ed Mat\u011bj Str\u00e1nsk\u00fd (Brilon Racing Team MB).<\/p>\n\n\n\n<p>V polovin\u011b t\u0159et\u00edho kola \u010dty\u0159okruhov\u00e9ho z\u00e1vodu se odd\u011blila z pelotonu v\u011bt\u0161\u00ed skupina jezdc\u016f a n\u00e1sledn\u011b z n\u00ed uniklo trio v \u010dele se Slov\u00e1kem Martinem Svr\u010dkem, kter\u00fd byl nakonec v&nbsp;c\u00edli prvn\u00ed a Kadlecem. Druh\u00fd slovensk\u00fd z\u00e1vodn\u00edk ale tempu nesta\u010dil a odpadl a p\u0159i n\u00e1jezdu do posledn\u00edho stoup\u00e1n\u00ed potkala v podob\u011b p\u00e1du sm\u016fla Kadlece, co\u017e jej z\u0159ejm\u011b p\u0159ipravilo o nejcenn\u011bj\u0161\u00ed kov.<\/p>\n\n\n\n<p>Z pron\u00e1sledovatel\u016f byl nejaktivn\u011bj\u0161\u00ed Kopeck\u00fd a za svoji snahu byl odm\u011bn\u011bn. Skupina Kadlece dojela asi dvan\u00e1ct kilometr\u016f p\u0159ed c\u00edlem a pak do\u0161lo a\u017e na z\u00e1v\u011bre\u010dn\u00fd spurt a v n\u011bm m\u011bl nejv\u00edce sil Kopeck\u00fd, hrdina z\u00e1vodu Kadlec z\u00edskal st\u0159\u00edbro.<\/p>\n\n\n\n<p>&#8220;Mistrovstv\u00ed pro m\u011b skon\u010dilo dv\u011bma velk\u00fdmi \u00fasp\u011bchy. Ve \u010dtvrtek m\u011b t\u011bsn\u011b titul minul, a tak jsem na dne\u0161n\u00ed z\u00e1vod byl dob\u0159e nabuzen. Pro takov\u00e9 v\u00fdsledky nem\u00e1m ani slov. Posledn\u00ed des\u00edtky metr\u016f byly hodn\u011b technick\u00e9 a to mi naprosto vyhovovalo. Z\u00edskal jsem ji\u017e p\u0159ed posledn\u00ed zat\u00e1\u010dkou mal\u00fd n\u00e1skok a vybojoval zlato,&#8221; \u0159ekl Maty\u00e1\u0161 Kopeck\u00fd.&nbsp;<\/p>\n\n\n\n<p>V\u00fdsledky:<\/p>\n\n\n\n<p>Junio\u0159i (130 km):&nbsp;<\/p>\n\n\n\n<p>1. M. Kopeck\u00fd (Acrog Tormans) 2:56:36, 2. Kadlec (Dukla Praha), Str\u00e1nsk\u00fd (Brilon Racing Team MB), 4. Ch\u00fdle (\u00dasteck\u00e9 Centrum Cyklistiky) v\u0161ichni +2, 5. Obdr\u017e\u00e1lek (Mapei Merida Ka\u0148kovsk\u00fd) 6. Dost\u00e1l (\u010cEZ Cyklo Team T\u00e1bor) oba +3.<\/p>\n\n\n\n<p>FOTO Jan Brychta<\/p>\n\n\n\n<figure class=\"wp-block-image size-large\"><img loading=\"lazy\" decoding=\"async\" width=\"1024\" height=\"682\" src=\"https:\/\/www.czechcyclingfederation.com\/wp-content\/uploads\/2021\/06\/Kopecky-Kadlec-DSC_4637-1024x682.jpg\" alt=\"\" class=\"wp-image-5064\" srcset=\"https:\/\/www.czechcyclingfederation.com\/wp-content\/uploads\/2021\/06\/Kopecky-Kadlec-DSC_4637-1024x682.jpg 1024w, https:\/\/www.czechcyclingfederation.com\/wp-content\/uploads\/2021\/06\/Kopecky-Kadlec-DSC_4637-300x200.jpg 300w, https:\/\/www.czechcyclingfederation.com\/wp-content\/uploads\/2021\/06\/Kopecky-Kadlec-DSC_4637-768x511.jpg 768w, https:\/\/www.czechcyclingfederation.com\/wp-content\/uploads\/2021\/06\/Kopecky-Kadlec-DSC_4637-1536x1022.jpg 1536w, https:\/\/www.czechcyclingfederation.com\/wp-content\/uploads\/2021\/06\/Kopecky-Kadlec-DSC_4637-2048x1363.jpg 2048w, https:\/\/www.czechcyclingfederation.com\/wp-content\/uploads\/2021\/06\/Kopecky-Kadlec-DSC_4637-1320x879.jpg 1320w\" sizes=\"auto, (max-width: 1024px) 100vw, 1024px\" \/><\/figure>\n\n\n\n<figure class=\"wp-block-image size-large\"><img loading=\"lazy\" decoding=\"async\" width=\"1024\" height=\"682\" src=\"https:\/\/www.czechcyclingfederation.com\/wp-content\/uploads\/2021\/06\/DSC_4112-1024x682.jpg\" alt=\"\" class=\"wp-image-5065\" srcset=\"https:\/\/www.czechcyclingfederation.com\/wp-content\/uploads\/2021\/06\/DSC_4112-1024x682.jpg 1024w, https:\/\/www.czechcyclingfederation.com\/wp-content\/uploads\/2021\/06\/DSC_4112-300x200.jpg 300w, https:\/\/www.czechcyclingfederation.com\/wp-content\/uploads\/2021\/06\/DSC_4112-768x511.jpg 768w, https:\/\/www.czechcyclingfederation.com\/wp-content\/uploads\/2021\/06\/DSC_4112-1536x1022.jpg 1536w, https:\/\/www.czechcyclingfederation.com\/wp-content\/uploads\/2021\/06\/DSC_4112-2048x1363.jpg 2048w, https:\/\/www.czechcyclingfederation.com\/wp-content\/uploads\/2021\/06\/DSC_4112-1320x879.jpg 1320w\" sizes=\"auto, (max-width: 1024px) 100vw, 1024px\" \/><\/figure>\n\n\n\n<figure class=\"wp-block-image size-large\"><img loading=\"lazy\" decoding=\"async\" width=\"1024\" height=\"682\" src=\"https:\/\/www.czechcyclingfederation.com\/wp-content\/uploads\/2021\/06\/DSC_4265-1024x682.jpg\" alt=\"\" class=\"wp-image-5066\" srcset=\"https:\/\/www.czechcyclingfederation.com\/wp-content\/uploads\/2021\/06\/DSC_4265-1024x682.jpg 1024w, https:\/\/www.czechcyclingfederation.com\/wp-content\/uploads\/2021\/06\/DSC_4265-300x200.jpg 300w, https:\/\/www.czechcyclingfederation.com\/wp-content\/uploads\/2021\/06\/DSC_4265-768x511.jpg 768w, https:\/\/www.czechcyclingfederation.com\/wp-content\/uploads\/2021\/06\/DSC_4265-1536x1022.jpg 1536w, https:\/\/www.czechcyclingfederation.com\/wp-content\/uploads\/2021\/06\/DSC_4265-2048x1363.jpg 2048w, https:\/\/www.czechcyclingfederation.com\/wp-content\/uploads\/2021\/06\/DSC_4265-1320x879.jpg 1320w\" sizes=\"auto, (max-width: 1024px) 100vw, 1024px\" \/><\/figure>\n\n\n\n<figure class=\"wp-block-image size-large\"><img loading=\"lazy\" decoding=\"async\" width=\"1024\" height=\"684\" src=\"https:\/\/www.czechcyclingfederation.com\/wp-content\/uploads\/2021\/06\/DSC_8256-1024x684.jpg\" alt=\"\" class=\"wp-image-5067\" srcset=\"https:\/\/www.czechcyclingfederation.com\/wp-content\/uploads\/2021\/06\/DSC_8256-1024x684.jpg 1024w, https:\/\/www.czechcyclingfederation.com\/wp-content\/uploads\/2021\/06\/DSC_8256-300x200.jpg 300w, https:\/\/www.czechcyclingfederation.com\/wp-content\/uploads\/2021\/06\/DSC_8256-768x513.jpg 768w, https:\/\/www.czechcyclingfederation.com\/wp-content\/uploads\/2021\/06\/DSC_8256-1536x1025.jpg 1536w, https:\/\/www.czechcyclingfederation.com\/wp-content\/uploads\/2021\/06\/DSC_8256-2048x1367.jpg 2048w, https:\/\/www.czechcyclingfederation.com\/wp-content\/uploads\/2021\/06\/DSC_8256-1320x881.jpg 1320w\" sizes=\"auto, (max-width: 1024px) 100vw, 1024px\" \/><\/figure>\n\n\n\n<figure class=\"wp-block-image size-large\"><img loading=\"lazy\" decoding=\"async\" width=\"1024\" height=\"684\" src=\"https:\/\/www.czechcyclingfederation.com\/wp-content\/uploads\/2021\/06\/DSC_8325-1024x684.jpg\" alt=\"\" class=\"wp-image-5068\" srcset=\"https:\/\/www.czechcyclingfederation.com\/wp-content\/uploads\/2021\/06\/DSC_8325-1024x684.jpg 1024w, https:\/\/www.czechcyclingfederation.com\/wp-content\/uploads\/2021\/06\/DSC_8325-300x200.jpg 300w, https:\/\/www.czechcyclingfederation.com\/wp-content\/uploads\/2021\/06\/DSC_8325-768x513.jpg 768w, https:\/\/www.czechcyclingfederation.com\/wp-content\/uploads\/2021\/06\/DSC_8325-1536x1025.jpg 1536w, https:\/\/www.czechcyclingfederation.com\/wp-content\/uploads\/2021\/06\/DSC_8325-2048x1367.jpg 2048w, https:\/\/www.czechcyclingfederation.com\/wp-content\/uploads\/2021\/06\/DSC_8325-1320x881.jpg 1320w\" sizes=\"auto, (max-width: 1024px) 100vw, 1024px\" \/><\/figure>\n","protected":false},"excerpt":{"rendered":"<p>Po zisku st\u0159\u00edbra v \u010dasovce korunoval sv\u00e9 vystoupen\u00ed na dom\u00e1c\u00edm mistrovstv\u00ed v silni\u010dn\u00edm z\u00e1vodu junior\u016f Maty\u00e1\u0161 Kopeck\u00fd (Acrog Tormans) ziskem medaile nejcenn\u011bj\u0161\u00ed. Po 130 kilometrech na spole\u010dn\u00e9m mistrovstv\u00ed se slovensk\u00fdmi cyklisty v B\u00e1novc\u00edch nad Bebravou za n\u00edm p\u0159ijel s dvouvte\u0159inov\u00fdm odstupem Milan Kadlec z Dukla Praha a ve stejn\u00e9 \u010dase byl i t\u0159et\u00ed Mat\u011bj Str\u00e1nsk\u00fd [&hellip;]<\/p>\n","protected":false},"author":8,"featured_media":5063,"comment_status":"closed","ping_status":"open","sticky":false,"template":"","format":"standard","meta":{"footnotes":""},"categories":[2,18],"tags":[11],"class_list":["post-5062","post","type-post","status-publish","format-standard","has-post-thumbnail","hentry","category-novinky","category-silnice","tag-silnice"],"_links":{"self":[{"href":"https:\/\/www.czechcyclingfederation.com\/en\/wp-json\/wp\/v2\/posts\/5062","targetHints":{"allow":["GET"]}}],"collection":[{"href":"https:\/\/www.czechcyclingfederation.com\/en\/wp-json\/wp\/v2\/posts"}],"about":[{"href":"https:\/\/www.czechcyclingfederation.com\/en\/wp-json\/wp\/v2\/types\/post"}],"author":[{"embeddable":true,"href":"https:\/\/www.czechcyclingfederation.com\/en\/wp-json\/wp\/v2\/users\/8"}],"replies":[{"embeddable":true,"href":"https:\/\/www.czechcyclingfederation.com\/en\/wp-json\/wp\/v2\/comments?post=5062"}],"version-history":[{"count":1,"href":"https:\/\/www.czechcyclingfederation.com\/en\/wp-json\/wp\/v2\/posts\/5062\/revisions"}],"predecessor-version":[{"id":5069,"href":"https:\/\/www.czechcyclingfederation.com\/en\/wp-json\/wp\/v2\/posts\/5062\/revisions\/5069"}],"wp:featuredmedia":[{"embeddable":true,"href":"https:\/\/www.czechcyclingfederation.com\/en\/wp-json\/wp\/v2\/media\/5063"}],"wp:attachment":[{"href":"https:\/\/www.czechcyclingfederation.com\/en\/wp-json\/wp\/v2\/media?parent=5062"}],"wp:term":[{"taxonomy":"category","embeddable":true,"href":"https:\/\/www.czechcyclingfederation.com\/en\/wp-json\/wp\/v2\/categories?post=5062"},{"taxonomy":"post_tag","embeddable":true,"href":"https:\/\/www.czechcyclingfederation.com\/en\/wp-json\/wp\/v2\/tags?post=5062"}],"curies":[{"name":"wp","href":"https:\/\/api.w.org\/{rel}","templated":true}]}}