{"id":5050,"date":"2021-06-19T13:22:39","date_gmt":"2021-06-19T11:22:39","guid":{"rendered":"https:\/\/www.czechcyclingfederation.com\/?p=5050"},"modified":"2021-06-22T00:09:59","modified_gmt":"2021-06-21T22:09:59","slug":"ceskou-sampionkou-se-stala-neumanova","status":"publish","type":"post","link":"https:\/\/www.czechcyclingfederation.com\/en\/ceskou-sampionkou-se-stala-neumanova\/","title":{"rendered":"\u010ceskou \u0161ampionkou se stala Neumanov\u00e1 a pojede do Tokia"},"content":{"rendered":"\n<p>Novou \u010deskou \u0161ampionkou v silni\u010dn\u00ed cyklistice se dnes na spole\u010dn\u00e9m \u0161ampion\u00e1tu \u010desk\u00fdch a slovensk\u00fdch jezdc\u016f stala Tereza Neumanov\u00e1 z t\u00fdmu Burgos Alimenta Woman Cycling Sport. V B\u00e1novc\u00edch nad Bebravou z\u00edskala druh\u00fd titul po triumfu p\u0159ed dv\u011bma lety, v lo\u0148sk\u00e9m roce dojela druh\u00e1 za Jarmilou Macha\u010dovou. St\u0159\u00edbro vybojovala Nikola Bajgerov\u00e1 z Dukly Praha a bronz Nikola Noskov\u00e1 (SD Worx). Juniorskou \u0161ampionkou se stala Gabriela B\u00e1rtov\u00e1 z TUFO Pardus Prost\u011bjov.<\/p>\n\n\n\n<p>Ziskem mistrovsk\u00e9ho titulu si Neumanov\u00e1 zajistila i letenku na olympijsk\u00e9 hry do Tokia. &#8220;Nikole (Noskov\u00e9) pat\u0159\u00ed velik\u00fd d\u00edk za zisk m\u00edsta, ale stanoven\u00e1 pravidla se mus\u00ed plnit. A my jsem \u0159ekli, \u017ee pokud jedna z nich vyhraje dom\u00e1c\u00ed \u0161ampion\u00e1t, tak pojede na olympi\u00e1du. Bylo to slo\u017eit\u00e9 rozhodov\u00e1n\u00ed, Nikola na dom\u00e1c\u00edm mistrovstv\u00ed v\u00fdkonnostn\u011b p\u0159ekvapila, ale ta pravidla byla tak dan\u00e1&#8221; \u0159ekl \u0161\u00e9f silni\u010dn\u00ed komise \u010cSC Lud\u011bk Teleck\u00fd.<\/p>\n\n\n\n<p>T\u0159i okruhy a celkem 97,5 kilometr\u016f dlouh\u00fd z\u00e1vod se jel prakticky po rovin\u011b a tomu odpov\u00eddal jeho pr\u016fb\u011bh. V\u011bt\u0161inou se jelo v poklidn\u00e9m tempu, ojedin\u011bl\u00e9 byly n\u00e1znaky \u00fanik\u016f, ale \u017e\u00e1dn\u00fd z nich nem\u011bl dlouh\u00e9 trv\u00e1n\u00ed ani v\u00fdrazn\u011bj\u0161\u00ed n\u00e1skok, ne del\u0161\u00ed jak p\u016fl minuty.<\/p>\n\n\n\n<p>A\u017e v sam\u00e9m z\u00e1v\u011bru se n\u011bkter\u00e9 cyklistky pokusily rozhodnout. T\u0159i kilometry p\u0159ed c\u00edlem byly v \u00faniku Macha\u010dov\u00e1 a Mark\u00e9ta H\u00e1jkov\u00e1 (Bepink), ale neusp\u011bly. Je\u0161t\u011b kilometr a p\u016fl p\u0159ed c\u00edlovou p\u00e1skou nastoupily Bajgerov\u00e1 a juniorka H\u00e1jkov\u00e1. Z\u00edskaly mal\u00fd n\u00e1skok, ale ani ten nebyl rozhoduj\u00edc\u00ed.<\/p>\n\n\n\n<p>Dvojici peloton prakticky dostihl a ve spurtu se p\u0159ed n\u00ed dostala nov\u00e1 \u0161ampionka, Nikola Noskov\u00e1 pak obsadila \u010dtvrt\u00e9 m\u00edsto, ale z\u00edskala t\u00edm bronz, proto\u017ee p\u0159ed n\u00ed skon\u010dila juniorka B\u00e1rtov\u00e1. Bajgerov\u00e1 si st\u0159\u00edbrem vylep\u0161ila sv\u016fj v\u00fdsledek z lo\u0148sk\u00e9ho \u0161ampion\u00e1tu, kde kon\u010dila bronzov\u00e1. Slovensk\u00fd titul vybojovala Tereza Medve\u010fov\u00e1.<\/p>\n\n\n\n<p>Po st\u0159\u00edbro a bronz v&nbsp;z\u00e1vod\u011b juniorek si dojely Anna R\u016f\u017ei\u010dkov\u00e1 (Dukla Praha) a \u0161ampionka z&nbsp;\u010dasovky Eli\u0161ka Kvasni\u010dkov\u00e1 (SportRaces Cycling Team).<\/p>\n\n\n\n<p>&nbsp;V\u00fdsledky:<\/p>\n\n\n\n<p>\u017deny (97,5 km):<\/p>\n\n\n\n<p>1. Neumanov\u00e1 (Burgos Alimenta Woman Cycling Sport) 2:26:43, 2. Bajgerov\u00e1 (Dukla Praha) +1, 3. Noskov\u00e1 (SD Worx) +2, 4. van Eck (GT Krush Tunap Pro Cycling), 5. Barton\u00edkov\u00e1 (Dukla Brno), 6. He\u0159manovsk\u00e1 (Andy Schleck Cycles &#8211; Immo Losch\/ SaF Z\u00e9isseng) v\u0161echny +5.<\/p>\n\n\n\n<p>Juniorky (97,5 km):<\/p>\n\n\n\n<p>1.B\u00e1rtov\u00e1 (TUFO Pardus Prost\u011bjov) 2:26:45, 2. R\u016f\u017ei\u010dkov\u00e1 (Dukla Praha) +3, 3. &nbsp;Kvasni\u010dkov\u00e1 (SportRaces Cycling Team) +7, 4. Parmov\u00e1 (TJ Stadion Louny), 5. Runtov\u00e1 (SportRaces Cycling Team), 6. Je\u0159\u00e1bkov\u00e1 (Brilon Racing Team MB) v\u0161echny +13.<\/p>\n\n\n\n<p>FOTO Jan Brychta<\/p>\n\n\n\n<figure class=\"wp-block-image size-large\"><img loading=\"lazy\" decoding=\"async\" width=\"1024\" height=\"684\" src=\"https:\/\/www.czechcyclingfederation.com\/wp-content\/uploads\/2021\/06\/DSC_8248-1024x684.jpg\" alt=\"\" class=\"wp-image-5052\" srcset=\"https:\/\/www.czechcyclingfederation.com\/wp-content\/uploads\/2021\/06\/DSC_8248-1024x684.jpg 1024w, https:\/\/www.czechcyclingfederation.com\/wp-content\/uploads\/2021\/06\/DSC_8248-300x200.jpg 300w, https:\/\/www.czechcyclingfederation.com\/wp-content\/uploads\/2021\/06\/DSC_8248-768x513.jpg 768w, https:\/\/www.czechcyclingfederation.com\/wp-content\/uploads\/2021\/06\/DSC_8248-1536x1025.jpg 1536w, https:\/\/www.czechcyclingfederation.com\/wp-content\/uploads\/2021\/06\/DSC_8248-2048x1367.jpg 2048w, https:\/\/www.czechcyclingfederation.com\/wp-content\/uploads\/2021\/06\/DSC_8248-1320x881.jpg 1320w\" sizes=\"auto, (max-width: 1024px) 100vw, 1024px\" \/><\/figure>\n\n\n\n<figure class=\"wp-block-image size-large\"><img loading=\"lazy\" decoding=\"async\" width=\"1024\" height=\"682\" src=\"https:\/\/www.czechcyclingfederation.com\/wp-content\/uploads\/2021\/06\/zeny-DSC_3955-1024x682.jpg\" alt=\"\" class=\"wp-image-5053\" srcset=\"https:\/\/www.czechcyclingfederation.com\/wp-content\/uploads\/2021\/06\/zeny-DSC_3955-1024x682.jpg 1024w, https:\/\/www.czechcyclingfederation.com\/wp-content\/uploads\/2021\/06\/zeny-DSC_3955-300x200.jpg 300w, https:\/\/www.czechcyclingfederation.com\/wp-content\/uploads\/2021\/06\/zeny-DSC_3955-768x511.jpg 768w, https:\/\/www.czechcyclingfederation.com\/wp-content\/uploads\/2021\/06\/zeny-DSC_3955-1536x1022.jpg 1536w, https:\/\/www.czechcyclingfederation.com\/wp-content\/uploads\/2021\/06\/zeny-DSC_3955-2048x1363.jpg 2048w, https:\/\/www.czechcyclingfederation.com\/wp-content\/uploads\/2021\/06\/zeny-DSC_3955-1320x879.jpg 1320w\" sizes=\"auto, (max-width: 1024px) 100vw, 1024px\" \/><\/figure>\n\n\n\n<figure class=\"wp-block-image size-large\"><img loading=\"lazy\" decoding=\"async\" width=\"1024\" height=\"682\" src=\"https:\/\/www.czechcyclingfederation.com\/wp-content\/uploads\/2021\/06\/DSC_3954-1024x682.jpg\" alt=\"\" class=\"wp-image-5054\" srcset=\"https:\/\/www.czechcyclingfederation.com\/wp-content\/uploads\/2021\/06\/DSC_3954-1024x682.jpg 1024w, https:\/\/www.czechcyclingfederation.com\/wp-content\/uploads\/2021\/06\/DSC_3954-300x200.jpg 300w, https:\/\/www.czechcyclingfederation.com\/wp-content\/uploads\/2021\/06\/DSC_3954-768x511.jpg 768w, https:\/\/www.czechcyclingfederation.com\/wp-content\/uploads\/2021\/06\/DSC_3954-1536x1022.jpg 1536w, https:\/\/www.czechcyclingfederation.com\/wp-content\/uploads\/2021\/06\/DSC_3954-2048x1363.jpg 2048w, https:\/\/www.czechcyclingfederation.com\/wp-content\/uploads\/2021\/06\/DSC_3954-1320x879.jpg 1320w\" sizes=\"auto, (max-width: 1024px) 100vw, 1024px\" \/><\/figure>\n\n\n\n<figure class=\"wp-block-image size-large\"><img loading=\"lazy\" decoding=\"async\" width=\"1024\" height=\"682\" src=\"https:\/\/www.czechcyclingfederation.com\/wp-content\/uploads\/2021\/06\/DSC_3623-1024x682.jpg\" alt=\"\" class=\"wp-image-5055\" srcset=\"https:\/\/www.czechcyclingfederation.com\/wp-content\/uploads\/2021\/06\/DSC_3623-1024x682.jpg 1024w, https:\/\/www.czechcyclingfederation.com\/wp-content\/uploads\/2021\/06\/DSC_3623-300x200.jpg 300w, https:\/\/www.czechcyclingfederation.com\/wp-content\/uploads\/2021\/06\/DSC_3623-768x511.jpg 768w, https:\/\/www.czechcyclingfederation.com\/wp-content\/uploads\/2021\/06\/DSC_3623-1536x1022.jpg 1536w, https:\/\/www.czechcyclingfederation.com\/wp-content\/uploads\/2021\/06\/DSC_3623-2048x1363.jpg 2048w, https:\/\/www.czechcyclingfederation.com\/wp-content\/uploads\/2021\/06\/DSC_3623-1320x879.jpg 1320w\" sizes=\"auto, (max-width: 1024px) 100vw, 1024px\" \/><\/figure>\n\n\n\n<figure class=\"wp-block-image size-large\"><img loading=\"lazy\" decoding=\"async\" width=\"1024\" height=\"682\" src=\"https:\/\/www.czechcyclingfederation.com\/wp-content\/uploads\/2021\/06\/Neumanova-Noskova-DSC_3249-1024x682.jpg\" alt=\"\" class=\"wp-image-5056\" srcset=\"https:\/\/www.czechcyclingfederation.com\/wp-content\/uploads\/2021\/06\/Neumanova-Noskova-DSC_3249-1024x682.jpg 1024w, https:\/\/www.czechcyclingfederation.com\/wp-content\/uploads\/2021\/06\/Neumanova-Noskova-DSC_3249-300x200.jpg 300w, https:\/\/www.czechcyclingfederation.com\/wp-content\/uploads\/2021\/06\/Neumanova-Noskova-DSC_3249-768x511.jpg 768w, https:\/\/www.czechcyclingfederation.com\/wp-content\/uploads\/2021\/06\/Neumanova-Noskova-DSC_3249-1536x1022.jpg 1536w, https:\/\/www.czechcyclingfederation.com\/wp-content\/uploads\/2021\/06\/Neumanova-Noskova-DSC_3249-2048x1363.jpg 2048w, https:\/\/www.czechcyclingfederation.com\/wp-content\/uploads\/2021\/06\/Neumanova-Noskova-DSC_3249-1320x879.jpg 1320w\" sizes=\"auto, (max-width: 1024px) 100vw, 1024px\" \/><\/figure>\n\n\n\n<figure class=\"wp-block-image size-large\"><img loading=\"lazy\" decoding=\"async\" width=\"1024\" height=\"682\" src=\"https:\/\/www.czechcyclingfederation.com\/wp-content\/uploads\/2021\/06\/Neumanova-DSC_3953-1024x682.jpg\" alt=\"\" class=\"wp-image-5057\" srcset=\"https:\/\/www.czechcyclingfederation.com\/wp-content\/uploads\/2021\/06\/Neumanova-DSC_3953-1024x682.jpg 1024w, https:\/\/www.czechcyclingfederation.com\/wp-content\/uploads\/2021\/06\/Neumanova-DSC_3953-300x200.jpg 300w, https:\/\/www.czechcyclingfederation.com\/wp-content\/uploads\/2021\/06\/Neumanova-DSC_3953-768x511.jpg 768w, https:\/\/www.czechcyclingfederation.com\/wp-content\/uploads\/2021\/06\/Neumanova-DSC_3953-1536x1022.jpg 1536w, https:\/\/www.czechcyclingfederation.com\/wp-content\/uploads\/2021\/06\/Neumanova-DSC_3953-2048x1363.jpg 2048w, https:\/\/www.czechcyclingfederation.com\/wp-content\/uploads\/2021\/06\/Neumanova-DSC_3953-1320x879.jpg 1320w\" sizes=\"auto, (max-width: 1024px) 100vw, 1024px\" \/><\/figure>\n\n\n\n<figure class=\"wp-block-image size-large\"><img loading=\"lazy\" decoding=\"async\" width=\"1024\" height=\"682\" src=\"https:\/\/www.czechcyclingfederation.com\/wp-content\/uploads\/2021\/06\/DSC_3676-1024x682.jpg\" alt=\"\" class=\"wp-image-5058\" srcset=\"https:\/\/www.czechcyclingfederation.com\/wp-content\/uploads\/2021\/06\/DSC_3676-1024x682.jpg 1024w, https:\/\/www.czechcyclingfederation.com\/wp-content\/uploads\/2021\/06\/DSC_3676-300x200.jpg 300w, https:\/\/www.czechcyclingfederation.com\/wp-content\/uploads\/2021\/06\/DSC_3676-768x511.jpg 768w, https:\/\/www.czechcyclingfederation.com\/wp-content\/uploads\/2021\/06\/DSC_3676-1536x1022.jpg 1536w, https:\/\/www.czechcyclingfederation.com\/wp-content\/uploads\/2021\/06\/DSC_3676-2048x1363.jpg 2048w, https:\/\/www.czechcyclingfederation.com\/wp-content\/uploads\/2021\/06\/DSC_3676-1320x879.jpg 1320w\" sizes=\"auto, (max-width: 1024px) 100vw, 1024px\" \/><\/figure>\n","protected":false},"excerpt":{"rendered":"<p>Novou \u010deskou \u0161ampionkou v silni\u010dn\u00ed cyklistice se dnes na spole\u010dn\u00e9m \u0161ampion\u00e1tu \u010desk\u00fdch a slovensk\u00fdch jezdc\u016f stala Tereza Neumanov\u00e1 z t\u00fdmu Burgos Alimenta Woman Cycling Sport. V B\u00e1novc\u00edch nad Bebravou z\u00edskala druh\u00fd titul po triumfu p\u0159ed dv\u011bma lety, v lo\u0148sk\u00e9m roce dojela druh\u00e1 za Jarmilou Macha\u010dovou. St\u0159\u00edbro vybojovala Nikola Bajgerov\u00e1 z Dukly Praha a bronz Nikola [&hellip;]<\/p>\n","protected":false},"author":8,"featured_media":5051,"comment_status":"closed","ping_status":"open","sticky":false,"template":"","format":"standard","meta":{"footnotes":""},"categories":[2,18],"tags":[11],"class_list":["post-5050","post","type-post","status-publish","format-standard","has-post-thumbnail","hentry","category-novinky","category-silnice","tag-silnice"],"_links":{"self":[{"href":"https:\/\/www.czechcyclingfederation.com\/en\/wp-json\/wp\/v2\/posts\/5050","targetHints":{"allow":["GET"]}}],"collection":[{"href":"https:\/\/www.czechcyclingfederation.com\/en\/wp-json\/wp\/v2\/posts"}],"about":[{"href":"https:\/\/www.czechcyclingfederation.com\/en\/wp-json\/wp\/v2\/types\/post"}],"author":[{"embeddable":true,"href":"https:\/\/www.czechcyclingfederation.com\/en\/wp-json\/wp\/v2\/users\/8"}],"replies":[{"embeddable":true,"href":"https:\/\/www.czechcyclingfederation.com\/en\/wp-json\/wp\/v2\/comments?post=5050"}],"version-history":[{"count":2,"href":"https:\/\/www.czechcyclingfederation.com\/en\/wp-json\/wp\/v2\/posts\/5050\/revisions"}],"predecessor-version":[{"id":5061,"href":"https:\/\/www.czechcyclingfederation.com\/en\/wp-json\/wp\/v2\/posts\/5050\/revisions\/5061"}],"wp:featuredmedia":[{"embeddable":true,"href":"https:\/\/www.czechcyclingfederation.com\/en\/wp-json\/wp\/v2\/media\/5051"}],"wp:attachment":[{"href":"https:\/\/www.czechcyclingfederation.com\/en\/wp-json\/wp\/v2\/media?parent=5050"}],"wp:term":[{"taxonomy":"category","embeddable":true,"href":"https:\/\/www.czechcyclingfederation.com\/en\/wp-json\/wp\/v2\/categories?post=5050"},{"taxonomy":"post_tag","embeddable":true,"href":"https:\/\/www.czechcyclingfederation.com\/en\/wp-json\/wp\/v2\/tags?post=5050"}],"curies":[{"name":"wp","href":"https:\/\/api.w.org\/{rel}","templated":true}]}}