{"id":5003,"date":"2021-06-17T07:29:52","date_gmt":"2021-06-17T05:29:52","guid":{"rendered":"https:\/\/www.czechcyclingfederation.com\/?p=5003"},"modified":"2021-06-17T13:13:09","modified_gmt":"2021-06-17T11:13:09","slug":"5003-2","status":"publish","type":"post","link":"https:\/\/www.czechcyclingfederation.com\/en\/5003-2\/","title":{"rendered":"Nejbl\u00ed\u017ee Tokiu m\u00e1 jedna z tria Noskov\u00e1, S\u00e1bl\u00edkov\u00e1 a Neumanov\u00e1"},"content":{"rendered":"\n<p>\u010cesk\u00e1 \u017eensk\u00e1 silni\u010dn\u00ed cyklistika m\u00e1 vybojov\u00e1no jedno m\u00edsto pro olympijsk\u00e9 hry v Tokiu. To si dle \u017eeb\u0159\u00ed\u010dku nevyjel st\u00e1t, ale podle individu\u00e1ln\u00edho rankingu Nikola Noskov\u00e1 co\u017e ji zajistilo tzv. p\u0159ednomina\u010dn\u00ed jistotu, ov\u0161em s podm\u00ednkou, \u017ee mus\u00ed prokazovat svoji v\u00fdkonnost.<\/p>\n\n\n\n<p>Po p\u011bti letech se&nbsp; vr\u00e1tila k silni\u010dn\u00ed cyklistice Martina S\u00e1bl\u00edkov\u00e1 a i jej\u00ed motivac\u00ed je start na letn\u00edch olympijsk\u00fdch hr\u00e1ch v Tokiu. Ale jsou tu i dal\u0161\u00ed z\u00e1vodnice, na tzv. long list napsala silni\u010dn\u00ed komise ji\u017e d\u0159\u00edve jm\u00e9na osmi \u017een a pouze jedna z nich m\u016f\u017ee v Tokiu startovat. To byl d\u016fvod polo\u017eit n\u011bkolik ot\u00e1zek p\u0159edsedovi silni\u010dn\u00ed komise \u010cesk\u00e9ho svazu cyklistiky Lu\u010fku Teleck\u00e9mu.<\/p>\n\n\n\n<p>Noskov\u00e1 toho ale letos zat\u00edm pro zdravotn\u00ed pot\u00ed\u017ee moc neodjela. Jak je na tom v sou\u010dasn\u00e9 dob\u011b?<\/p>\n\n\n\n<p><em>&#8220;Ur\u010dit\u011b pat\u0159\u00ed mezi t\u0159i favoritky. Je to mlad\u00e1 talentovan\u00e1 cyklistka, v\u00fdborn\u00e1 v kopc\u00edch, kter\u00e9 by p\u0159\u00edpadn\u011b tra\u0165 v Tokiu moha sed\u011bt. Ur\u010dit\u011b j\u00ed pat\u0159\u00ed d\u00edky za to, \u017ee \u010cR m\u00e1 na olympi\u00e1d\u011b alespo\u0148 jedno m\u00edsto.&#8221;<\/em><\/p>\n\n\n\n<p>Jak to tedy s nominac\u00ed \u010desk\u00e9 cyklistky vypad\u00e1 v sou\u010dasn\u00e9 dob\u011b?<\/p>\n\n\n\n<p><em>&#8220;Tra\u0165 v Tokiu je \u00fapln\u011b odli\u0161n\u00e1 od profilu trat\u011b na M\u010cR. Proto nen\u00ed vhodn\u00e9 aby zisk titulu znamenal automatickou nominaci. Nominace je s ohledem na hodn\u011b n\u00e1ro\u010dn\u00fd profil olympijsk\u00e9 trat\u011b nastavena zp\u016fsobem, \u017ee kdy\u017e n\u011bkter\u00e1 z trojice v\u00fdborn\u00fdch vrcha\u0159ek, Noskov\u00e1, Tereza Neumanov\u00e1 nebo S\u00e1bl\u00edkov\u00e1, z\u00edsk\u00e1 titul v z\u00e1vod\u011b s hromadn\u00fdm startem, m\u00e1 jistou nominaci. Kdy\u017e se to ani&nbsp; jedn\u00e9 z nich nepovede, bude se vyb\u00edrat ze v\u0161ech z\u00e1vodnic v \u0161ir\u0161\u00ed nominaci.&#8221;<\/em><\/p>\n\n\n\n<p>Nyn\u00ed \u010dek\u00e1 v\u0161echny zainteresovan\u00e9 dom\u00e1c\u00ed mistrovsk\u00fd \u0161ampion\u00e1t, kter\u00fd se uskute\u010dn\u00ed spole\u010dn\u011b se slovensk\u00fdmi cyklisty a cyklistky v B\u00e1novc\u00edch nad Bebravou. Jakou v\u00e1hu bude m\u00edt p\u0159i rozhodov\u00e1n\u00ed kdo to Japonska pojede?<\/p>\n\n\n\n<p><em>&#8220;Jak jsem popsal d\u0159\u00edve, z\u00e1vod s hromadn\u00fdm startem m\u016f\u017ee i nemus\u00ed b\u00fdt jednozna\u010dn\u00fdm nomina\u010dn\u00edm kl\u00ed\u010dem a vstupenkou na olympi\u00e1du. Pokud si nominaci nezajist\u00ed n\u011bkter\u00e1 z trojice vrcha\u0159ek ziskem titulu, bude odborn\u011b i lidsky n\u00e1ro\u010dn\u00e9 vybrat tu jednu spr\u00e1vnou. U ka\u017ed\u00e9 ze z\u00e1vodnic existuj\u00ed siln\u00e9 d\u016fvody, pro\u010d pr\u00e1v\u011b ona by m\u011bla b\u00fdt nominov\u00e1na. A\u017e Tokio v tomto p\u0159\u00edpad\u011b uk\u00e1\u017ee, jestli volba byla spr\u00e1vn\u00e1. O v\u00fdkonnosti Neumanov\u00e9, S\u00e1bl\u00edkov\u00e9 ani Noskov\u00e9 nepochybuji a jsem zv\u011bdav\u00fd, jak z\u00e1vodnice pojmou z\u00e1vod po taktick\u00e9 str\u00e1nce. Nelze opomenout, \u017ee tento profil bude vyhovovat hodn\u011b Jarmile Macha\u010dov\u00e9 a ta bude m\u00edt podporu cel\u00e9ho t\u00fdmu Dukly. Ale bez ohledu na to, kter\u00e1 bude nakonec ta \u0161\u0165astn\u00e1, ur\u010dit\u011b n\u00e1s \u010dek\u00e1 v z\u00e1vod\u011b \u017een strhuj\u00edc\u00ed taktick\u00e1 bitva pln\u00e1 zaj\u00edmav\u00fdch cyklistick\u00fdch moment\u016f.&#8221;<\/em><\/p>\n\n\n\n<p>FOTO Josef Vaishar<\/p>\n","protected":false},"excerpt":{"rendered":"<p>\u010cesk\u00e1 \u017eensk\u00e1 silni\u010dn\u00ed cyklistika m\u00e1 vybojov\u00e1no jedno m\u00edsto pro olympijsk\u00e9 hry v Tokiu. To si dle \u017eeb\u0159\u00ed\u010dku nevyjel st\u00e1t, ale podle individu\u00e1ln\u00edho rankingu Nikola Noskov\u00e1 co\u017e ji zajistilo tzv. p\u0159ednomina\u010dn\u00ed jistotu, ov\u0161em s podm\u00ednkou, \u017ee mus\u00ed prokazovat svoji v\u00fdkonnost. Po p\u011bti letech se&nbsp; vr\u00e1tila k silni\u010dn\u00ed cyklistice Martina S\u00e1bl\u00edkov\u00e1 a i jej\u00ed motivac\u00ed je start [&hellip;]<\/p>\n","protected":false},"author":8,"featured_media":4769,"comment_status":"closed","ping_status":"open","sticky":false,"template":"","format":"standard","meta":{"footnotes":""},"categories":[2,18],"tags":[11],"class_list":["post-5003","post","type-post","status-publish","format-standard","has-post-thumbnail","hentry","category-novinky","category-silnice","tag-silnice"],"_links":{"self":[{"href":"https:\/\/www.czechcyclingfederation.com\/en\/wp-json\/wp\/v2\/posts\/5003","targetHints":{"allow":["GET"]}}],"collection":[{"href":"https:\/\/www.czechcyclingfederation.com\/en\/wp-json\/wp\/v2\/posts"}],"about":[{"href":"https:\/\/www.czechcyclingfederation.com\/en\/wp-json\/wp\/v2\/types\/post"}],"author":[{"embeddable":true,"href":"https:\/\/www.czechcyclingfederation.com\/en\/wp-json\/wp\/v2\/users\/8"}],"replies":[{"embeddable":true,"href":"https:\/\/www.czechcyclingfederation.com\/en\/wp-json\/wp\/v2\/comments?post=5003"}],"version-history":[{"count":2,"href":"https:\/\/www.czechcyclingfederation.com\/en\/wp-json\/wp\/v2\/posts\/5003\/revisions"}],"predecessor-version":[{"id":5012,"href":"https:\/\/www.czechcyclingfederation.com\/en\/wp-json\/wp\/v2\/posts\/5003\/revisions\/5012"}],"wp:featuredmedia":[{"embeddable":true,"href":"https:\/\/www.czechcyclingfederation.com\/en\/wp-json\/wp\/v2\/media\/4769"}],"wp:attachment":[{"href":"https:\/\/www.czechcyclingfederation.com\/en\/wp-json\/wp\/v2\/media?parent=5003"}],"wp:term":[{"taxonomy":"category","embeddable":true,"href":"https:\/\/www.czechcyclingfederation.com\/en\/wp-json\/wp\/v2\/categories?post=5003"},{"taxonomy":"post_tag","embeddable":true,"href":"https:\/\/www.czechcyclingfederation.com\/en\/wp-json\/wp\/v2\/tags?post=5003"}],"curies":[{"name":"wp","href":"https:\/\/api.w.org\/{rel}","templated":true}]}}