{"id":4934,"date":"2021-06-16T15:00:36","date_gmt":"2021-06-16T13:00:36","guid":{"rendered":"https:\/\/www.czechcyclingfederation.com\/?p=4934"},"modified":"2021-06-16T15:00:39","modified_gmt":"2021-06-16T13:00:39","slug":"bikrosari-odstartovali-v-pardubicich-sezonu","status":"publish","type":"post","link":"https:\/\/www.czechcyclingfederation.com\/en\/bikrosari-odstartovali-v-pardubicich-sezonu\/","title":{"rendered":"Bikrosa\u0159i odstartovali v Pardubic\u00edch sezonu"},"content":{"rendered":"\n<p>Svoji z\u00e1vodn\u00ed sezonu jako jedni z posledn\u00edch odstartovali bikrosa\u0159i v\u00edkendov\u00fdmi z\u00e1vody v Pardubic\u00edch. V sobotu se jel St\u0159edoevropsk\u00fd poh\u00e1r, v jeho\u017e r\u00e1mci se konal i kontroln\u00ed z\u00e1vod reprezentace, v ned\u011bli pak ji\u017e 35 ro\u010dn\u00edk z\u00e1vodu O \u0161t\u00edt m\u011bsta Pardubice. A\u010d je tradi\u010dn\u00ed m\u00edsto t\u011bmto z\u00e1vod\u016fm v kalend\u00e1\u0159i p\u0159id\u011bleno na konec b\u0159ezna, z d\u016fvodu vl\u00e1dn\u00edch opat\u0159en\u00ed se z\u00e1vod mohl jet a\u017e tento n\u00e1hradn\u00ed term\u00edn.<\/p>\n\n\n\n<p>Dlouh\u00e9 \u010dek\u00e1n\u00ed na z\u00e1vody ov\u0161em z\u00e1vodn\u00edk\u016fm nevzalo chu\u0165 z\u00e1vodit, pr\u00e1v\u011b naopak. V sobotu se jej z\u00fa\u010dastnilo 335 jezdc\u016f nejen z \u010cesk\u00e9 republiky, ale i Slovenska a Ma\u010farska. V ned\u011bli byl po\u010det jezdc\u016f ni\u017e\u0161\u00ed o 77, ale i tak se jedn\u00e1 o hojnou \u00fa\u010dast s ohledem na skute\u010dnost, \u017ee se jednalo o voln\u00fd z\u00e1vod.<\/p>\n\n\n\n<p>Mimo p\u00e1tku, kdy musel b\u00fdt pro prudk\u00fd d\u00e9\u0161\u0165 zru\u0161en pl\u00e1novan\u00fd tr\u00e9nink, po\u010das\u00ed jezdc\u016fm a jejich doprovod\u016fm p\u0159\u00e1lo, a tak se z\u00e1vod odv\u00edjel ve slu\u0161n\u00e9m tempu. S t\u00edm si v sobotu i ned\u011bli v kategorii mu\u017e\u016f Elite poradil Mat\u011bj Linhart z Uni\u010dova a oba z\u00e1vody vyhr\u00e1l. V sobotu ho pak na stupn\u011b v\u00edt\u011bz\u016f doprovodil na druh\u00e9m m\u00edst\u011b Marek Neu\u017eil ze Slovanu Bohnice a t\u0159et\u00ed Maty\u00e1\u0161 Mentl\u00edk z BMX &amp; 4X eamu Olympus. V ned\u011bli mu pak doprovod d\u011blal na druh\u00e9m m\u00edst\u011b rovn\u011b\u017e Neu\u017eil, t\u0159et\u00ed byl Adam B\u00e1bek, rovn\u011b\u017e z Uni\u010dova.<\/p>\n\n\n\n<p>FOTO BMX Pardubice<\/p>\n\n\n\n<figure class=\"wp-block-image size-large\"><img loading=\"lazy\" decoding=\"async\" width=\"1024\" height=\"683\" src=\"https:\/\/www.czechcyclingfederation.com\/wp-content\/uploads\/2021\/06\/BMX_Pardubice_031-1024x683.jpg\" alt=\"\" class=\"wp-image-4936\" srcset=\"https:\/\/www.czechcyclingfederation.com\/wp-content\/uploads\/2021\/06\/BMX_Pardubice_031-1024x683.jpg 1024w, https:\/\/www.czechcyclingfederation.com\/wp-content\/uploads\/2021\/06\/BMX_Pardubice_031-300x200.jpg 300w, https:\/\/www.czechcyclingfederation.com\/wp-content\/uploads\/2021\/06\/BMX_Pardubice_031-768x512.jpg 768w, https:\/\/www.czechcyclingfederation.com\/wp-content\/uploads\/2021\/06\/BMX_Pardubice_031-1536x1024.jpg 1536w, https:\/\/www.czechcyclingfederation.com\/wp-content\/uploads\/2021\/06\/BMX_Pardubice_031-1320x880.jpg 1320w, https:\/\/www.czechcyclingfederation.com\/wp-content\/uploads\/2021\/06\/BMX_Pardubice_031.jpg 2048w\" sizes=\"auto, (max-width: 1024px) 100vw, 1024px\" \/><\/figure>\n\n\n\n<figure class=\"wp-block-image size-large\"><img loading=\"lazy\" decoding=\"async\" width=\"1024\" height=\"683\" src=\"https:\/\/www.czechcyclingfederation.com\/wp-content\/uploads\/2021\/06\/BMX_Pardubice_181-1024x683.jpg\" alt=\"\" class=\"wp-image-4937\" srcset=\"https:\/\/www.czechcyclingfederation.com\/wp-content\/uploads\/2021\/06\/BMX_Pardubice_181-1024x683.jpg 1024w, https:\/\/www.czechcyclingfederation.com\/wp-content\/uploads\/2021\/06\/BMX_Pardubice_181-300x200.jpg 300w, https:\/\/www.czechcyclingfederation.com\/wp-content\/uploads\/2021\/06\/BMX_Pardubice_181-768x512.jpg 768w, https:\/\/www.czechcyclingfederation.com\/wp-content\/uploads\/2021\/06\/BMX_Pardubice_181-1536x1024.jpg 1536w, https:\/\/www.czechcyclingfederation.com\/wp-content\/uploads\/2021\/06\/BMX_Pardubice_181-1320x880.jpg 1320w, https:\/\/www.czechcyclingfederation.com\/wp-content\/uploads\/2021\/06\/BMX_Pardubice_181.jpg 2048w\" sizes=\"auto, (max-width: 1024px) 100vw, 1024px\" \/><\/figure>\n\n\n\n<figure class=\"wp-block-image size-large\"><img loading=\"lazy\" decoding=\"async\" width=\"1024\" height=\"683\" src=\"https:\/\/www.czechcyclingfederation.com\/wp-content\/uploads\/2021\/06\/BMX_Pardubice_186-1024x683.jpg\" alt=\"\" class=\"wp-image-4939\" srcset=\"https:\/\/www.czechcyclingfederation.com\/wp-content\/uploads\/2021\/06\/BMX_Pardubice_186-1024x683.jpg 1024w, https:\/\/www.czechcyclingfederation.com\/wp-content\/uploads\/2021\/06\/BMX_Pardubice_186-300x200.jpg 300w, https:\/\/www.czechcyclingfederation.com\/wp-content\/uploads\/2021\/06\/BMX_Pardubice_186-768x512.jpg 768w, https:\/\/www.czechcyclingfederation.com\/wp-content\/uploads\/2021\/06\/BMX_Pardubice_186-1536x1024.jpg 1536w, https:\/\/www.czechcyclingfederation.com\/wp-content\/uploads\/2021\/06\/BMX_Pardubice_186-1320x880.jpg 1320w, https:\/\/www.czechcyclingfederation.com\/wp-content\/uploads\/2021\/06\/BMX_Pardubice_186.jpg 2048w\" sizes=\"auto, (max-width: 1024px) 100vw, 1024px\" \/><\/figure>\n\n\n\n<figure class=\"wp-block-image size-large\"><img decoding=\"async\" src=\"blob:https:\/\/www.czechcyclingfederation.com\/20e82a0a-677f-4590-911f-f5116d569b93\" alt=\"\"\/><\/figure>\n","protected":false},"excerpt":{"rendered":"<p>Svoji z\u00e1vodn\u00ed sezonu jako jedni z posledn\u00edch odstartovali bikrosa\u0159i v\u00edkendov\u00fdmi z\u00e1vody v Pardubic\u00edch. V sobotu se jel St\u0159edoevropsk\u00fd poh\u00e1r, v jeho\u017e r\u00e1mci se konal i kontroln\u00ed z\u00e1vod reprezentace, v ned\u011bli pak ji\u017e 35 ro\u010dn\u00edk z\u00e1vodu O \u0161t\u00edt m\u011bsta Pardubice. A\u010d je tradi\u010dn\u00ed m\u00edsto t\u011bmto z\u00e1vod\u016fm v kalend\u00e1\u0159i p\u0159id\u011bleno na konec b\u0159ezna, z d\u016fvodu vl\u00e1dn\u00edch opat\u0159en\u00ed [&hellip;]<\/p>\n","protected":false},"author":8,"featured_media":4935,"comment_status":"closed","ping_status":"open","sticky":false,"template":"","format":"standard","meta":{"footnotes":""},"categories":[57,2],"tags":[],"class_list":["post-4934","post","type-post","status-publish","format-standard","has-post-thumbnail","hentry","category-bmx","category-novinky"],"_links":{"self":[{"href":"https:\/\/www.czechcyclingfederation.com\/en\/wp-json\/wp\/v2\/posts\/4934","targetHints":{"allow":["GET"]}}],"collection":[{"href":"https:\/\/www.czechcyclingfederation.com\/en\/wp-json\/wp\/v2\/posts"}],"about":[{"href":"https:\/\/www.czechcyclingfederation.com\/en\/wp-json\/wp\/v2\/types\/post"}],"author":[{"embeddable":true,"href":"https:\/\/www.czechcyclingfederation.com\/en\/wp-json\/wp\/v2\/users\/8"}],"replies":[{"embeddable":true,"href":"https:\/\/www.czechcyclingfederation.com\/en\/wp-json\/wp\/v2\/comments?post=4934"}],"version-history":[{"count":1,"href":"https:\/\/www.czechcyclingfederation.com\/en\/wp-json\/wp\/v2\/posts\/4934\/revisions"}],"predecessor-version":[{"id":4941,"href":"https:\/\/www.czechcyclingfederation.com\/en\/wp-json\/wp\/v2\/posts\/4934\/revisions\/4941"}],"wp:featuredmedia":[{"embeddable":true,"href":"https:\/\/www.czechcyclingfederation.com\/en\/wp-json\/wp\/v2\/media\/4935"}],"wp:attachment":[{"href":"https:\/\/www.czechcyclingfederation.com\/en\/wp-json\/wp\/v2\/media?parent=4934"}],"wp:term":[{"taxonomy":"category","embeddable":true,"href":"https:\/\/www.czechcyclingfederation.com\/en\/wp-json\/wp\/v2\/categories?post=4934"},{"taxonomy":"post_tag","embeddable":true,"href":"https:\/\/www.czechcyclingfederation.com\/en\/wp-json\/wp\/v2\/tags?post=4934"}],"curies":[{"name":"wp","href":"https:\/\/api.w.org\/{rel}","templated":true}]}}