{"id":4922,"date":"2021-06-16T10:38:40","date_gmt":"2021-06-16T08:38:40","guid":{"rendered":"https:\/\/www.czechcyclingfederation.com\/?p=4922"},"modified":"2021-06-16T10:38:43","modified_gmt":"2021-06-16T08:38:43","slug":"habermann-slavi-dalsi-vitezstvi-vyhral-gint-ligu","status":"publish","type":"post","link":"https:\/\/www.czechcyclingfederation.com\/en\/habermann-slavi-dalsi-vitezstvi-vyhral-gint-ligu\/","title":{"rendered":"Habermann slav\u00ed dal\u0161\u00ed v\u00edt\u011bzstv\u00ed- vyhr\u00e1l Gint ligu"},"content":{"rendered":"\n<p>T\u0159et\u00ed d\u00edl GIANT Lily v Plzni se jel op\u011bt a\u017e za tropick\u00e9ho po\u010das\u00ed, kdy teplom\u011br na Rapidu ukazoval 28\u00b0C. Rychlostn\u00ed test p\u0159ed mistrovstv\u00edm \u010cR se nejl\u00e9pe povedl Richardu Habermannovi ze Soarty Praha, kter\u00fd vyhr\u00e1l p\u0159ed sv\u00fdm t\u00fdmov\u00fdm kolegou Janem Rybou, t\u0159et\u00ed kon\u010dil Pavel Kelemen z Dukly Praha.<\/p>\n\n\n\n<p>V z\u00e1vodu elite na 60 km se startovn\u00ed pole dr\u017eelo pohromad\u011b a body se d\u011blily v jednotliv\u00fdch bodovac\u00edch spurtech. T\u00fdm Sparty \u0161el do z\u00e1vodu nalad\u011bn\u00fd z v\u00edkendov\u00e9ho poh\u00e1rov\u00e9ho v\u00edt\u011bzstv\u00ed a souboj o v\u00edt\u011bzstv\u00ed tentokr\u00e1t rozjel na dvou front\u00e1ch, kdy perfektn\u011b jezd\u00edc\u00edmu Habermanovi sekundoval v koncovk\u00e1ch i Ryba. Vyzdvihnout je t\u0159eba v\u00fdkon Pavla Kelemena, kter\u00fd se skv\u011ble orientoval v koncovk\u00e1ch a bez pomoci t\u00fdmu vybojoval t\u0159et\u00ed m\u00edsto.<\/p>\n\n\n\n<p>\u017den\u00e1m kralovala ve spurtu Hana He\u0159manovsk\u00e1 (SaF Z\u00e9sseng\/ASC-Immo Losch), juniory vyhr\u00e1l Maximilian Kerl (Author Team Stupno.<\/p>\n\n\n\n<p>V\u00fdsledky:<\/p>\n\n\n\n<p>1. Habermann 18, 2. Ryba (oba Sparta Praha) 16, 3. Pavel Klemen (Dukla Praha) 15, 4. Fiala (Topforex &#8211; ATT Investments Pro Cycling Team) 11, 5. Vpojt\u011bch (LAWI Stars &#8211; Giant) 11, 6. Boubal (Hello CTW) 11.<\/p>\n\n\n\n<p>FOTO Tom\u00e1\u0161 Tesa\u0159<\/p>\n\n\n\n<figure class=\"wp-block-image size-large\"><img loading=\"lazy\" decoding=\"async\" width=\"1024\" height=\"683\" src=\"https:\/\/www.czechcyclingfederation.com\/wp-content\/uploads\/2021\/06\/Richard-Habermann-opet-v-dresu-lidra-1024x683.jpg\" alt=\"\" class=\"wp-image-4924\" srcset=\"https:\/\/www.czechcyclingfederation.com\/wp-content\/uploads\/2021\/06\/Richard-Habermann-opet-v-dresu-lidra-1024x683.jpg 1024w, https:\/\/www.czechcyclingfederation.com\/wp-content\/uploads\/2021\/06\/Richard-Habermann-opet-v-dresu-lidra-300x200.jpg 300w, https:\/\/www.czechcyclingfederation.com\/wp-content\/uploads\/2021\/06\/Richard-Habermann-opet-v-dresu-lidra-768x512.jpg 768w, https:\/\/www.czechcyclingfederation.com\/wp-content\/uploads\/2021\/06\/Richard-Habermann-opet-v-dresu-lidra.jpg 1200w\" sizes=\"auto, (max-width: 1024px) 100vw, 1024px\" \/><\/figure>\n","protected":false},"excerpt":{"rendered":"<p>T\u0159et\u00ed d\u00edl GIANT Lily v Plzni se jel op\u011bt a\u017e za tropick\u00e9ho po\u010das\u00ed, kdy teplom\u011br na Rapidu ukazoval 28\u00b0C. Rychlostn\u00ed test p\u0159ed mistrovstv\u00edm \u010cR se nejl\u00e9pe povedl Richardu Habermannovi ze Soarty Praha, kter\u00fd vyhr\u00e1l p\u0159ed sv\u00fdm t\u00fdmov\u00fdm kolegou Janem Rybou, t\u0159et\u00ed kon\u010dil Pavel Kelemen z Dukly Praha. V z\u00e1vodu elite na 60 km se startovn\u00ed [&hellip;]<\/p>\n","protected":false},"author":8,"featured_media":4923,"comment_status":"closed","ping_status":"open","sticky":false,"template":"","format":"standard","meta":{"footnotes":""},"categories":[2,18],"tags":[11],"class_list":["post-4922","post","type-post","status-publish","format-standard","has-post-thumbnail","hentry","category-novinky","category-silnice","tag-silnice"],"_links":{"self":[{"href":"https:\/\/www.czechcyclingfederation.com\/en\/wp-json\/wp\/v2\/posts\/4922","targetHints":{"allow":["GET"]}}],"collection":[{"href":"https:\/\/www.czechcyclingfederation.com\/en\/wp-json\/wp\/v2\/posts"}],"about":[{"href":"https:\/\/www.czechcyclingfederation.com\/en\/wp-json\/wp\/v2\/types\/post"}],"author":[{"embeddable":true,"href":"https:\/\/www.czechcyclingfederation.com\/en\/wp-json\/wp\/v2\/users\/8"}],"replies":[{"embeddable":true,"href":"https:\/\/www.czechcyclingfederation.com\/en\/wp-json\/wp\/v2\/comments?post=4922"}],"version-history":[{"count":1,"href":"https:\/\/www.czechcyclingfederation.com\/en\/wp-json\/wp\/v2\/posts\/4922\/revisions"}],"predecessor-version":[{"id":4925,"href":"https:\/\/www.czechcyclingfederation.com\/en\/wp-json\/wp\/v2\/posts\/4922\/revisions\/4925"}],"wp:featuredmedia":[{"embeddable":true,"href":"https:\/\/www.czechcyclingfederation.com\/en\/wp-json\/wp\/v2\/media\/4923"}],"wp:attachment":[{"href":"https:\/\/www.czechcyclingfederation.com\/en\/wp-json\/wp\/v2\/media?parent=4922"}],"wp:term":[{"taxonomy":"category","embeddable":true,"href":"https:\/\/www.czechcyclingfederation.com\/en\/wp-json\/wp\/v2\/categories?post=4922"},{"taxonomy":"post_tag","embeddable":true,"href":"https:\/\/www.czechcyclingfederation.com\/en\/wp-json\/wp\/v2\/tags?post=4922"}],"curies":[{"name":"wp","href":"https:\/\/api.w.org\/{rel}","templated":true}]}}