{"id":4883,"date":"2021-06-13T23:18:36","date_gmt":"2021-06-13T21:18:36","guid":{"rendered":"https:\/\/www.czechcyclingfederation.com\/?p=4883"},"modified":"2021-06-13T23:18:39","modified_gmt":"2021-06-13T21:18:39","slug":"schlegel-podruhe-na-stupnich-vitezu","status":"publish","type":"post","link":"https:\/\/www.czechcyclingfederation.com\/en\/schlegel-podruhe-na-stupnich-vitezu\/","title":{"rendered":"Schlegel podruh\u00e9 na stupn\u00edch v\u00edt\u011bz\u016f"},"content":{"rendered":"\n<p>Michal Schlegel z Elkov Kasper usp\u011bl v druh\u00e9m etapov\u00e9m z\u00e1vod\u011bn\u00ed po sob\u011b. Po v\u00edt\u011bzstv\u00ed na z\u00e1vodu Kolem Malopolska skon\u010dil dnes v celkov\u00e9m hodnocen\u00ed z\u00e1vodu Ober\u00f6stereichrundfahrt (2.2) na t\u0159et\u00edm m\u00edst\u011b a nav\u00edc vyhr\u00e1l i bodovac\u00ed sout\u011b\u017e. Prvn\u00ed etapu vyhr\u00e1l Daniel Turek jezd\u00edc\u00ed za rakousk\u00fd t\u00fdm Felbermayr &#8211; Simplon Wels, Schlegel v n\u00ed byl t\u0159et\u00ed, vyhr\u00e1l druhou etapu a v dne\u0161n\u00ed t\u0159et\u00ed byl t\u0159et\u00ed.<\/p>\n\n\n\n<p>Posledn\u00ed etapa byla dlouh\u00e1 125 km a bylo v\u00edce ne\u017e jasn\u00e9, \u017ee se rozhodne v c\u00edlov\u00e9m stoup\u00e1n\u00ed, kter\u00e9 m\u011b\u0159ilo p\u0159es deset kilometr\u016f s pr\u016fm\u011brn\u00fdm sklonem osm procent. Schlegel se postavil na start ve \u017elut\u00e9m dresu, ale ten nakonec neuh\u00e1jil.<\/p>\n\n\n\n<p>Sedm kilometr\u016f p\u0159ed c\u00edlem za\u00fato\u010dil Francouz Alexis Guerin a udr\u017eeli se jej pouze Schlegel, Raku\u0161an Zoidl a polsk\u00fd jezdec Cieslik. Dal\u0161\u00ed \u00fatok p\u0159i\u0161el \u010dty\u0159i kilometry p\u0159ed c\u00edlem od Zoidla, kter\u00e9ho se udr\u017eel pouze Guerin.<\/p>\n\n\n\n<p>Etapu a kone\u010dn\u00e9 v\u00edt\u011bzstv\u00ed nakonec vybojoval Guerin, kter\u00fd porazil Schlegela o 18 vte\u0159in. \u201cV\u00edt\u011bzstv\u00ed v druh\u00e9m etapov\u00e9m z\u00e1vod\u011b po sob\u011b by bylo super, ale i s t\u0159et\u00edm m\u00edstem jsem spokojen\u00fd. Zoidl s Guerinem dnes byli lep\u0161\u00ed. V\u011b\u0159\u00edm, \u017ee v leto\u0161n\u00edm roce p\u0159id\u00e1m je\u0161t\u011b dal\u0161\u00ed podobn\u00e9 v\u00fdsledky,\u201d \u0159ekl Michal Schlegel.<\/p>\n\n\n\n<p>V prvn\u00ed des\u00edtce celkov\u00e9ho hodnocen\u00ed se skon\u010dili je\u0161t\u011b osm\u00fd Michael Kukrle a des\u00e1t\u00fd Jakub Otruba. Elkov Kasper si odv\u00e1\u017e\u00ed z Rakouska i v\u00edt\u011bzstv\u00ed v t\u00fdmov\u00e9 sout\u011b\u017ei a celkov\u011b tak\u00e9 40 UCI bod\u016f.<\/p>\n\n\n\n<p>Kone\u010dn\u00e9 po\u0159ad\u00ed:<\/p>\n\n\n\n<p>1. Guerin (Fr.) 10:51:10, 2. Zoidl (Rak.) +1, 3. Schlegel +18, &#8230;8. Kukrle +3:09, 10. Otruba (v\u0161ichni \u010cR) +3:19.<\/p>\n\n\n\n<p>FOTO Elkov Kasper<\/p>\n\n\n\n<figure class=\"wp-block-image size-large\"><img loading=\"lazy\" decoding=\"async\" width=\"1004\" height=\"1024\" src=\"https:\/\/www.czechcyclingfederation.com\/wp-content\/uploads\/2021\/06\/4bc37d7e-35ac-4c1c-b3e2-6e4b53bb5fc1-1004x1024.jpg\" alt=\"\" class=\"wp-image-4885\" srcset=\"https:\/\/www.czechcyclingfederation.com\/wp-content\/uploads\/2021\/06\/4bc37d7e-35ac-4c1c-b3e2-6e4b53bb5fc1-1004x1024.jpg 1004w, https:\/\/www.czechcyclingfederation.com\/wp-content\/uploads\/2021\/06\/4bc37d7e-35ac-4c1c-b3e2-6e4b53bb5fc1-196x200.jpg 196w, https:\/\/www.czechcyclingfederation.com\/wp-content\/uploads\/2021\/06\/4bc37d7e-35ac-4c1c-b3e2-6e4b53bb5fc1-768x784.jpg 768w, https:\/\/www.czechcyclingfederation.com\/wp-content\/uploads\/2021\/06\/4bc37d7e-35ac-4c1c-b3e2-6e4b53bb5fc1.jpg 1176w\" sizes=\"auto, (max-width: 1004px) 100vw, 1004px\" \/><\/figure>\n","protected":false},"excerpt":{"rendered":"<p>Michal Schlegel z Elkov Kasper usp\u011bl v druh\u00e9m etapov\u00e9m z\u00e1vod\u011bn\u00ed po sob\u011b. Po v\u00edt\u011bzstv\u00ed na z\u00e1vodu Kolem Malopolska skon\u010dil dnes v celkov\u00e9m hodnocen\u00ed z\u00e1vodu Ober\u00f6stereichrundfahrt (2.2) na t\u0159et\u00edm m\u00edst\u011b a nav\u00edc vyhr\u00e1l i bodovac\u00ed sout\u011b\u017e. Prvn\u00ed etapu vyhr\u00e1l Daniel Turek jezd\u00edc\u00ed za rakousk\u00fd t\u00fdm Felbermayr &#8211; Simplon Wels, Schlegel v n\u00ed byl t\u0159et\u00ed, vyhr\u00e1l druhou [&hellip;]<\/p>\n","protected":false},"author":8,"featured_media":4884,"comment_status":"closed","ping_status":"open","sticky":false,"template":"","format":"standard","meta":{"footnotes":""},"categories":[2,18],"tags":[11],"class_list":["post-4883","post","type-post","status-publish","format-standard","has-post-thumbnail","hentry","category-novinky","category-silnice","tag-silnice"],"_links":{"self":[{"href":"https:\/\/www.czechcyclingfederation.com\/en\/wp-json\/wp\/v2\/posts\/4883","targetHints":{"allow":["GET"]}}],"collection":[{"href":"https:\/\/www.czechcyclingfederation.com\/en\/wp-json\/wp\/v2\/posts"}],"about":[{"href":"https:\/\/www.czechcyclingfederation.com\/en\/wp-json\/wp\/v2\/types\/post"}],"author":[{"embeddable":true,"href":"https:\/\/www.czechcyclingfederation.com\/en\/wp-json\/wp\/v2\/users\/8"}],"replies":[{"embeddable":true,"href":"https:\/\/www.czechcyclingfederation.com\/en\/wp-json\/wp\/v2\/comments?post=4883"}],"version-history":[{"count":1,"href":"https:\/\/www.czechcyclingfederation.com\/en\/wp-json\/wp\/v2\/posts\/4883\/revisions"}],"predecessor-version":[{"id":4886,"href":"https:\/\/www.czechcyclingfederation.com\/en\/wp-json\/wp\/v2\/posts\/4883\/revisions\/4886"}],"wp:featuredmedia":[{"embeddable":true,"href":"https:\/\/www.czechcyclingfederation.com\/en\/wp-json\/wp\/v2\/media\/4884"}],"wp:attachment":[{"href":"https:\/\/www.czechcyclingfederation.com\/en\/wp-json\/wp\/v2\/media?parent=4883"}],"wp:term":[{"taxonomy":"category","embeddable":true,"href":"https:\/\/www.czechcyclingfederation.com\/en\/wp-json\/wp\/v2\/categories?post=4883"},{"taxonomy":"post_tag","embeddable":true,"href":"https:\/\/www.czechcyclingfederation.com\/en\/wp-json\/wp\/v2\/tags?post=4883"}],"curies":[{"name":"wp","href":"https:\/\/api.w.org\/{rel}","templated":true}]}}