{"id":4857,"date":"2021-06-13T14:44:46","date_gmt":"2021-06-13T12:44:46","guid":{"rendered":"https:\/\/www.czechcyclingfederation.com\/?p=4857"},"modified":"2021-06-13T14:44:49","modified_gmt":"2021-06-13T12:44:49","slug":"techniserv-cup-pokracoval-v-kyjove","status":"publish","type":"post","link":"https:\/\/www.czechcyclingfederation.com\/en\/techniserv-cup-pokracoval-v-kyjove\/","title":{"rendered":"Techniserv Cup pokra\u010doval v Kyjov\u011b"},"content":{"rendered":"\n<p>T\u0159et\u00ed d\u00edl seri\u00e1lu Techniserv Cup pro \u017eeny a ml\u00e1de\u017e &#8220;Na kole regionem Kyjovsk\u00e9ho Slov\u00e1cka 2021\u201c p\u0159inesl v Kyjov\u011b op\u011bt zaj\u00edmav\u00e9 boje. V z\u00e1vodu \u017een tentokr\u00e1t nestartovala vedouc\u00ed cyklistka pr\u016fb\u011b\u017en\u00e9ho hodnocen\u00ed Martina S\u00e1bl\u00edkov\u00e1, a tak se cesta k triumfu otev\u0159ela pro dal\u0161\u00ed. Nejl\u00e9pe ji vyu\u017eila \u00fa\u0159aduj\u00edc\u00ed \u010desk\u00e1 \u0161ampionka Jarmila Macha\u010dov\u00e1 z Dukly Praha, kter\u00e1 vyhr\u00e1l o deset vte\u0159in p\u0159ed svoji odd\u00edlovou kolegyn\u00ed Nikolou Bajgerovou, t\u0159et\u00ed skon\u010dila n\u011bmeck\u00e1 z\u00e1vodnice Friederike Sternov\u00e1, kter\u00e1 m\u011bla odstup 33 vte\u0159in.<\/p>\n\n\n\n<p>Mezi juniory ovl\u00e1dli stupn\u011b v\u00edt\u011bz\u016f kompletn\u011b nad\u011bje Favoritu Brno, ve spurtu zv\u00edt\u011bzil \u0160t\u011bp\u00e1n \u0160irok\u00fd p\u0159ed Markem Jel\u00ednkem a Martinenm \u010cepkem. Z\u00e1vod juniorek vyhr\u00e1la Eli\u0161ka Kvasni\u010dkov\u00e1 (Sportraces Cycling Team).<\/p>\n\n\n\n<p>V\u00fdsledky:<\/p>\n\n\n\n<p>Junio\u0159i:<\/p>\n\n\n\n<p>1. \u0160irok\u00fd 1:58:04, 2. Jel\u00ednek, 3. \u010cepek (v\u0161ichni TJ Favorit Brno), 4. R. Vl\u010dek (Tufo Pardus Prost\u011bjov), 5. Obdr\u017e\u00e1lek, 6. Mr\u00e1z (oba Mapei Merida Ka\u0148kovsk\u00fd) v\u0161ichni stejn\u00fd \u010das.<\/p>\n\n\n\n<p>Kadeti:<\/p>\n\n\n\n<p>1. V. Kobl\u00ed\u017eek (Tufo Pardus Prost\u011bjov) 1:22:46, 2. Kohout (Roman Kreuziger Cycling Academy), 3. Nov\u00e1k (SR) oba stejn\u00fd \u010das.<\/p>\n\n\n\n<p>Star\u0161\u00ed \u017e\u00e1ci:<\/p>\n\n\n\n<p>1. H\u00e1jek (Brilon Racing Team MB) 1:17:11, 12. Halu\u0161ka (SR), 3. Ra\u0161ka (Mapei Merida Ka\u0148kovsk\u00fd) oba stejn\u00fd \u010das.<\/p>\n\n\n\n<p>Mlad\u0161\u00ed \u017e\u00e1ci:<\/p>\n\n\n\n<p>1. Vl\u010dek 41:02, 2. Dru\u017ekovsk\u00fd, 3. H\u00fasenica (v\u0161ichni SR) oba stejn\u00fd \u010das.<\/p>\n\n\n\n<p>\u017deny:<\/p>\n\n\n\n<p>1. Macha\u010dov\u00e1 2:08:57, 2. Bajgerov\u00e1 (ob\u011b Dukla Praha) +10, 3. Sternov\u00e1 (N\u011bm.) +33, 4. Burlov\u00e1 +2:10, 5. Kohoutkov\u00e1, 6. Hartychov\u00e1 (v\u0161echny Dukla Praha) ob\u011b +6:06.<\/p>\n\n\n\n<p>Juniorky:<\/p>\n\n\n\n<p>1. Kvasni\u010dkov\u00e1 (Sportraces Cycling Team) 2:09:33, 2. Parmov\u00e1 (TJ Stadion Louny), 3. Zemanov\u00e1 (Brilon Racing Team MB), 4. Slan\u00edkov\u00e1 (Roman Kreuziger Cycling Academy), 5. R\u016f\u017ei\u010dkov\u00e1 (Dukla Praha) v\u0161echny +1:15, 6. Schmidbergerov\u00e1 (Rak.) +3:29.<\/p>\n\n\n\n<p>Kadetky:<\/p>\n\n\n\n<p>1. Dost\u00e1lov\u00e1 (Lyko Klub Prachatice) 59:55, 2. Kova\u0159\u00edkov\u00e1 (\u00dasteck\u00e9 centrum cyklistiky), 3. Doud\u011brov\u00e1 (Jaroslav Kulhavy Cycling Team) ob\u011b stejn\u00fd \u010das.<\/p>\n\n\n\n<p>Star\u0161\u00ed \u017e\u00e1kyn\u011b:<\/p>\n\n\n\n<p>1. Dlouh\u00e1 (Brilon Racing Team MB) 39:46, 2. Strakat\u00e1 (Dukla Praha), 3. Hezinov\u00e1 (TJ Stadion Louny) ob\u011b stejn\u00fd \u010das.<\/p>\n\n\n\n<p>Mlad\u0161\u00ed \u017e\u00e1kyn\u011b:<\/p>\n\n\n\n<p>1. S\u00edtkov\u00e1 (ACK Star\u00e1 Ves nad Ond\u0159ejnic\u00ed) 40:18, 2. Frydrychov\u00e1, 3. Kol\u00e1\u0159ov\u00e1 (ob\u011b Auto \u0160koda Mlad\u00e1 Boleslav) ob\u011b +10.<\/p>\n\n\n\n<p>FOTO Michal Frant\u00edk<\/p>\n\n\n\n<figure class=\"wp-block-image size-large\"><img loading=\"lazy\" decoding=\"async\" width=\"1024\" height=\"768\" src=\"https:\/\/www.czechcyclingfederation.com\/wp-content\/uploads\/2021\/06\/Juniori-IMG-20210613-WA0005-1024x768.jpg\" alt=\"\" class=\"wp-image-4859\" srcset=\"https:\/\/www.czechcyclingfederation.com\/wp-content\/uploads\/2021\/06\/Juniori-IMG-20210613-WA0005-1024x768.jpg 1024w, https:\/\/www.czechcyclingfederation.com\/wp-content\/uploads\/2021\/06\/Juniori-IMG-20210613-WA0005-267x200.jpg 267w, https:\/\/www.czechcyclingfederation.com\/wp-content\/uploads\/2021\/06\/Juniori-IMG-20210613-WA0005-768x576.jpg 768w, https:\/\/www.czechcyclingfederation.com\/wp-content\/uploads\/2021\/06\/Juniori-IMG-20210613-WA0005-1536x1152.jpg 1536w, https:\/\/www.czechcyclingfederation.com\/wp-content\/uploads\/2021\/06\/Juniori-IMG-20210613-WA0005-1320x990.jpg 1320w, https:\/\/www.czechcyclingfederation.com\/wp-content\/uploads\/2021\/06\/Juniori-IMG-20210613-WA0005.jpg 1600w\" sizes=\"auto, (max-width: 1024px) 100vw, 1024px\" \/><\/figure>\n\n\n\n<figure class=\"wp-block-image size-large\"><img loading=\"lazy\" decoding=\"async\" width=\"1024\" height=\"768\" src=\"https:\/\/www.czechcyclingfederation.com\/wp-content\/uploads\/2021\/06\/zeny-IMG-20210613-WA0010-1024x768.jpg\" alt=\"\" class=\"wp-image-4860\" srcset=\"https:\/\/www.czechcyclingfederation.com\/wp-content\/uploads\/2021\/06\/zeny-IMG-20210613-WA0010-1024x768.jpg 1024w, https:\/\/www.czechcyclingfederation.com\/wp-content\/uploads\/2021\/06\/zeny-IMG-20210613-WA0010-267x200.jpg 267w, https:\/\/www.czechcyclingfederation.com\/wp-content\/uploads\/2021\/06\/zeny-IMG-20210613-WA0010-768x576.jpg 768w, https:\/\/www.czechcyclingfederation.com\/wp-content\/uploads\/2021\/06\/zeny-IMG-20210613-WA0010-1536x1152.jpg 1536w, https:\/\/www.czechcyclingfederation.com\/wp-content\/uploads\/2021\/06\/zeny-IMG-20210613-WA0010-1320x990.jpg 1320w, https:\/\/www.czechcyclingfederation.com\/wp-content\/uploads\/2021\/06\/zeny-IMG-20210613-WA0010.jpg 1600w\" sizes=\"auto, (max-width: 1024px) 100vw, 1024px\" \/><\/figure>\n","protected":false},"excerpt":{"rendered":"<p>T\u0159et\u00ed d\u00edl seri\u00e1lu Techniserv Cup pro \u017eeny a ml\u00e1de\u017e &#8220;Na kole regionem Kyjovsk\u00e9ho Slov\u00e1cka 2021\u201c p\u0159inesl v Kyjov\u011b op\u011bt zaj\u00edmav\u00e9 boje. V z\u00e1vodu \u017een tentokr\u00e1t nestartovala vedouc\u00ed cyklistka pr\u016fb\u011b\u017en\u00e9ho hodnocen\u00ed Martina S\u00e1bl\u00edkov\u00e1, a tak se cesta k triumfu otev\u0159ela pro dal\u0161\u00ed. Nejl\u00e9pe ji vyu\u017eila \u00fa\u0159aduj\u00edc\u00ed \u010desk\u00e1 \u0161ampionka Jarmila Macha\u010dov\u00e1 z Dukly Praha, kter\u00e1 vyhr\u00e1l o [&hellip;]<\/p>\n","protected":false},"author":8,"featured_media":4858,"comment_status":"closed","ping_status":"open","sticky":false,"template":"","format":"standard","meta":{"footnotes":""},"categories":[2,18],"tags":[11],"class_list":["post-4857","post","type-post","status-publish","format-standard","has-post-thumbnail","hentry","category-novinky","category-silnice","tag-silnice"],"_links":{"self":[{"href":"https:\/\/www.czechcyclingfederation.com\/en\/wp-json\/wp\/v2\/posts\/4857","targetHints":{"allow":["GET"]}}],"collection":[{"href":"https:\/\/www.czechcyclingfederation.com\/en\/wp-json\/wp\/v2\/posts"}],"about":[{"href":"https:\/\/www.czechcyclingfederation.com\/en\/wp-json\/wp\/v2\/types\/post"}],"author":[{"embeddable":true,"href":"https:\/\/www.czechcyclingfederation.com\/en\/wp-json\/wp\/v2\/users\/8"}],"replies":[{"embeddable":true,"href":"https:\/\/www.czechcyclingfederation.com\/en\/wp-json\/wp\/v2\/comments?post=4857"}],"version-history":[{"count":1,"href":"https:\/\/www.czechcyclingfederation.com\/en\/wp-json\/wp\/v2\/posts\/4857\/revisions"}],"predecessor-version":[{"id":4861,"href":"https:\/\/www.czechcyclingfederation.com\/en\/wp-json\/wp\/v2\/posts\/4857\/revisions\/4861"}],"wp:featuredmedia":[{"embeddable":true,"href":"https:\/\/www.czechcyclingfederation.com\/en\/wp-json\/wp\/v2\/media\/4858"}],"wp:attachment":[{"href":"https:\/\/www.czechcyclingfederation.com\/en\/wp-json\/wp\/v2\/media?parent=4857"}],"wp:term":[{"taxonomy":"category","embeddable":true,"href":"https:\/\/www.czechcyclingfederation.com\/en\/wp-json\/wp\/v2\/categories?post=4857"},{"taxonomy":"post_tag","embeddable":true,"href":"https:\/\/www.czechcyclingfederation.com\/en\/wp-json\/wp\/v2\/tags?post=4857"}],"curies":[{"name":"wp","href":"https:\/\/api.w.org\/{rel}","templated":true}]}}