{"id":4853,"date":"2021-06-12T22:15:38","date_gmt":"2021-06-12T20:15:38","guid":{"rendered":"https:\/\/www.czechcyclingfederation.com\/?p=4853"},"modified":"2021-06-13T15:34:30","modified_gmt":"2021-06-13T13:34:30","slug":"burlova-a-babor-vyhrali-dalsi-dil-carla-kriterijini-ligy","status":"publish","type":"post","link":"https:\/\/www.czechcyclingfederation.com\/en\/burlova-a-babor-vyhrali-dalsi-dil-carla-kriterijini-ligy\/","title":{"rendered":"Burlov\u00e1 a Babor vyhr\u00e1li dal\u0161\u00ed d\u00edl Carla krit\u00e9rijin\u00ed ligy"},"content":{"rendered":"\n<p>Dal\u0161\u00ed d\u00edl Carla krit\u00e9rijn\u00ed ligy pokra\u010doval podnikem \u201eNa kole regionem Kyjovsk\u00e9ho Slov\u00e1cka 2021\u201c.&nbsp; Z\u00e1vodu mu\u017e\u016f zcela bezpe\u010dn\u011b kraloval Daniel Babor z Tufo Pardus Prost\u011bjov. V&nbsp;bodovan\u00fdch spurtech nasb\u00edral dvacet bod\u016f, nav\u00edc v\u0161em soupe\u0159\u016fm \u00b4nad\u011blil\u00b4 kolo n\u00e1skoku.<\/p>\n\n\n\n<p>A\u017e desetibodov\u00fdm ziskem za z\u00e1v\u011bre\u010dn\u00fd spurt vyhr\u00e1la z\u00e1vod \u017een Krist\u00fdna Burlov\u00e1, kter\u00e1 tak vyrovnala bodov\u00fd zisk sv\u00e9 odd\u00edlov\u00e9 kolegyn\u011b z Dukly Praha Nikoly Bajgerov\u00e9 (ob\u011b Dukla Praha). Mezi juniory Maty\u00e1\u0161 Kobl\u00ed\u017eek (Tufo Pardus Prost\u011bjov) ziskem \u010dty\u0159 bod\u016f za t\u0159et\u00ed m\u00edsto v z\u00e1v\u011bre\u010dn\u00e9m bodov\u00e1n\u00ed o dva body p\u0159esko\u010dil \u0160t\u011bp\u00e1na \u0160irok\u00e9ho (TJ Favorit Brno).<\/p>\n\n\n\n<p>V\u00fdsledky:<\/p>\n\n\n\n<p>\u017deny:<\/p>\n\n\n\n<p>1. Burlov\u00e1 24, 2. Bajgerov\u00e1 (ob\u011b Dukla Praha) 24, 3. Sternov\u00e1 (N\u011bm.) 13, 4. Kohoutkov\u00e1 (Dukla Praha) 11, 3. Barton\u00edkov\u00e1 (Dukla Brno) 10, 3. Noskov\u00e1 (SD Worx) 5.<\/p>\n\n\n\n<p>Juniorky:<\/p>\n\n\n\n<p>1. B\u00e1rtov\u00e1 (Tufo Pardus Prost\u011bjov) 19, 2. Tarabov\u00e1 (SR) 18, 3. Kvasni\u010dkov\u00e1 (Sportraces Cycling Team) 15.<\/p>\n\n\n\n<p>Kadetky:<\/p>\n\n\n\n<p>1. M\u00fcllerov\u00e1 (Tufo Pardus Prost\u011bjov) 13, 2. Dost\u00e1lov\u00e1 (Lyko Klub Prachatice) 13, 3. Markov\u00e1 (Dukla Praha) 9.<\/p>\n\n\n\n<p>Star\u0161\u00ed \u017e\u00e1kyn\u011b:<\/p>\n\n\n\n<p>1. Cermanov\u00e1 (AUTHOR Team Stupno) 20, 2. Hermanov\u00e1 (Sportcomplex B\u0159eclav) 14, 3. Strakat\u00e1 (Dukla Praha) 6.<\/p>\n\n\n\n<p>Mlad\u0161\u00ed \u017e\u00e1kyn\u011b:<\/p>\n\n\n\n<p>1. Frydrychov\u00e1 (Auto \u0160koda Mlad\u00e1 Boleslav) 13, 2. S\u00edtkov\u00e1 (ACK Star\u00e1 Ves nad Ond\u0159ejnic\u00ed) 13, 3. Kol\u00e1\u0159ov\u00e1 (Auto \u0160koda Mlad\u00e1 Boleslav) 7.<\/p>\n\n\n\n<p>Mu\u017ei:<\/p>\n\n\n\n<p>1. Babor (Tufo Pardus Prost\u011bjov) 30, 2. B\u00e1rta (Topforex &#8211; Att Investments Pro Cycling Team) 12, 3. Ka\u0148kovsk\u00fd (Elkov Kasper) 11, 4. \u0160to\u010dek (SR\/Topforex &#8211; Att Investments Pro Cycling Team) 11, 5. Oelke (N\u011bm.) 9, 6. Rugovac (Dukla Praha) 7.<\/p>\n\n\n\n<p>Junio\u0159i:<\/p>\n\n\n\n<p>1. M. Kobl\u00ed\u017eek (Tufo Pardus Prost\u011bjov) 17, 2.\u0160irok\u00fd (TJ Favorit Brno) 15, 3. Mr\u00e1z (Mapei Merida Ka\u0148kovsk\u00fd) 14, 4. Purtscheller (Rak.) 11, 5. Jel\u00ednek (TJ Favorit Brno) 10, 6. Po\u0159\u00edzk (Kovo Praha) 10.<\/p>\n\n\n\n<p>Kadeti:<\/p>\n\n\n\n<p>1. Vl\u010dek (Roman Kreuziger Cycling Academy) 19, 2. V. Kobl\u00ed\u017eek (Tufo Pardus Prost\u011bjov) 11, 3. Nov\u00e1k (SR) 11.<\/p>\n\n\n\n<p>Star\u0161\u00ed \u017e\u00e1ci:<\/p>\n\n\n\n<p>1. Ra\u0161ka (Mapei Merida Ka\u0148kovsk\u00fd) 17, 2. Halu\u0161ka (SR) 15, 3. H\u00e1jek (Brilon Racing Team MB) 15.<\/p>\n\n\n\n<p>Mlad\u0161\u00ed \u017e\u00e1ci:<\/p>\n\n\n\n<p>1.Vl\u010dek (SR) 25, 2. Kr\u00e1l (Dukla Praha) 8, 3. H\u00fasenica (SR) 8.<\/p>\n\n\n\n<p>FOTO Jakub Kratochv\u00edla<\/p>\n","protected":false},"excerpt":{"rendered":"<p>Dal\u0161\u00ed d\u00edl Carla krit\u00e9rijn\u00ed ligy pokra\u010doval podnikem \u201eNa kole regionem Kyjovsk\u00e9ho Slov\u00e1cka 2021\u201c.&nbsp; Z\u00e1vodu mu\u017e\u016f zcela bezpe\u010dn\u011b kraloval Daniel Babor z Tufo Pardus Prost\u011bjov. V&nbsp;bodovan\u00fdch spurtech nasb\u00edral dvacet bod\u016f, nav\u00edc v\u0161em soupe\u0159\u016fm \u00b4nad\u011blil\u00b4 kolo n\u00e1skoku. A\u017e desetibodov\u00fdm ziskem za z\u00e1v\u011bre\u010dn\u00fd spurt vyhr\u00e1la z\u00e1vod \u017een Krist\u00fdna Burlov\u00e1, kter\u00e1 tak vyrovnala bodov\u00fd zisk sv\u00e9 odd\u00edlov\u00e9 kolegyn\u011b z [&hellip;]<\/p>\n","protected":false},"author":8,"featured_media":4854,"comment_status":"closed","ping_status":"open","sticky":false,"template":"","format":"standard","meta":{"footnotes":""},"categories":[2,18],"tags":[11],"class_list":["post-4853","post","type-post","status-publish","format-standard","has-post-thumbnail","hentry","category-novinky","category-silnice","tag-silnice"],"_links":{"self":[{"href":"https:\/\/www.czechcyclingfederation.com\/en\/wp-json\/wp\/v2\/posts\/4853","targetHints":{"allow":["GET"]}}],"collection":[{"href":"https:\/\/www.czechcyclingfederation.com\/en\/wp-json\/wp\/v2\/posts"}],"about":[{"href":"https:\/\/www.czechcyclingfederation.com\/en\/wp-json\/wp\/v2\/types\/post"}],"author":[{"embeddable":true,"href":"https:\/\/www.czechcyclingfederation.com\/en\/wp-json\/wp\/v2\/users\/8"}],"replies":[{"embeddable":true,"href":"https:\/\/www.czechcyclingfederation.com\/en\/wp-json\/wp\/v2\/comments?post=4853"}],"version-history":[{"count":2,"href":"https:\/\/www.czechcyclingfederation.com\/en\/wp-json\/wp\/v2\/posts\/4853\/revisions"}],"predecessor-version":[{"id":4862,"href":"https:\/\/www.czechcyclingfederation.com\/en\/wp-json\/wp\/v2\/posts\/4853\/revisions\/4862"}],"wp:featuredmedia":[{"embeddable":true,"href":"https:\/\/www.czechcyclingfederation.com\/en\/wp-json\/wp\/v2\/media\/4854"}],"wp:attachment":[{"href":"https:\/\/www.czechcyclingfederation.com\/en\/wp-json\/wp\/v2\/media?parent=4853"}],"wp:term":[{"taxonomy":"category","embeddable":true,"href":"https:\/\/www.czechcyclingfederation.com\/en\/wp-json\/wp\/v2\/categories?post=4853"},{"taxonomy":"post_tag","embeddable":true,"href":"https:\/\/www.czechcyclingfederation.com\/en\/wp-json\/wp\/v2\/tags?post=4853"}],"curies":[{"name":"wp","href":"https:\/\/api.w.org\/{rel}","templated":true}]}}