{"id":4816,"date":"2021-06-14T12:30:00","date_gmt":"2021-06-14T10:30:00","guid":{"rendered":"https:\/\/www.czechcyclingfederation.com\/?p=4816"},"modified":"2021-06-14T13:36:37","modified_gmt":"2021-06-14T11:36:37","slug":"covid-manual-pro-msr-mcr-banovce-nad-bebravou-17-a-19-20-6-2021","status":"publish","type":"post","link":"https:\/\/www.czechcyclingfederation.com\/en\/covid-manual-pro-msr-mcr-banovce-nad-bebravou-17-a-19-20-6-2021\/","title":{"rendered":"AKTUALIZACE!!! COVID manu\u00e1l pro MSR\/M\u010cR B\u00e1novce nad Bebravou 17. a 19.-20.6.2021"},"content":{"rendered":"\n<p>V p\u0159ilo\u017een\u00e9m souboru naleznete kompletn\u00ed informace ohledn\u011b opat\u0159en\u00ed Covid 19 p\u0159i z\u00e1vodech a vstupu na Slovensko.<\/p>\n\n\n<div class=\"wp-block-file\">\r\n                <a target=\"_blank\" rel=\"noopener\" href=\"https:\/\/www.czechcyclingfederation.com\/wp-content\/uploads\/2021\/06\/covidfb5df5940d6a0e611bf36423f.pdf\" class=\"wp-block-file__button wp-element-button\">\r\n                    <span class=\"wp-block-file__icon\"><\/span>\r\n                    COVID_MSR\/M\u010cR_2021\r\n                <\/a>\r\n            <\/div>\n\n\n<p><\/p>\n","protected":false},"excerpt":{"rendered":"<p>V p\u0159ilo\u017een\u00e9m souboru naleznete kompletn\u00ed informace ohledn\u011b opat\u0159en\u00ed Covid 19 p\u0159i z\u00e1vodech a vstupu na Slovensko.<\/p>\n","protected":false},"author":2,"featured_media":3970,"comment_status":"closed","ping_status":"open","sticky":false,"template":"","format":"standard","meta":{"footnotes":""},"categories":[2],"tags":[119],"class_list":["post-4816","post","type-post","status-publish","format-standard","has-post-thumbnail","hentry","category-novinky","tag-csc"],"_links":{"self":[{"href":"https:\/\/www.czechcyclingfederation.com\/en\/wp-json\/wp\/v2\/posts\/4816","targetHints":{"allow":["GET"]}}],"collection":[{"href":"https:\/\/www.czechcyclingfederation.com\/en\/wp-json\/wp\/v2\/posts"}],"about":[{"href":"https:\/\/www.czechcyclingfederation.com\/en\/wp-json\/wp\/v2\/types\/post"}],"author":[{"embeddable":true,"href":"https:\/\/www.czechcyclingfederation.com\/en\/wp-json\/wp\/v2\/users\/2"}],"replies":[{"embeddable":true,"href":"https:\/\/www.czechcyclingfederation.com\/en\/wp-json\/wp\/v2\/comments?post=4816"}],"version-history":[{"count":2,"href":"https:\/\/www.czechcyclingfederation.com\/en\/wp-json\/wp\/v2\/posts\/4816\/revisions"}],"predecessor-version":[{"id":4901,"href":"https:\/\/www.czechcyclingfederation.com\/en\/wp-json\/wp\/v2\/posts\/4816\/revisions\/4901"}],"wp:featuredmedia":[{"embeddable":true,"href":"https:\/\/www.czechcyclingfederation.com\/en\/wp-json\/wp\/v2\/media\/3970"}],"wp:attachment":[{"href":"https:\/\/www.czechcyclingfederation.com\/en\/wp-json\/wp\/v2\/media?parent=4816"}],"wp:term":[{"taxonomy":"category","embeddable":true,"href":"https:\/\/www.czechcyclingfederation.com\/en\/wp-json\/wp\/v2\/categories?post=4816"},{"taxonomy":"post_tag","embeddable":true,"href":"https:\/\/www.czechcyclingfederation.com\/en\/wp-json\/wp\/v2\/tags?post=4816"}],"curies":[{"name":"wp","href":"https:\/\/api.w.org\/{rel}","templated":true}]}}