{"id":4812,"date":"2021-06-21T15:02:00","date_gmt":"2021-06-21T13:02:00","guid":{"rendered":"https:\/\/www.czechcyclingfederation.com\/?p=4812"},"modified":"2021-06-28T10:31:55","modified_gmt":"2021-06-28T08:31:55","slug":"vyzva-pro-zajemce-o-poradani-mcr-msr-2022","status":"publish","type":"post","link":"https:\/\/www.czechcyclingfederation.com\/en\/vyzva-pro-zajemce-o-poradani-mcr-msr-2022\/","title":{"rendered":"V\u00fdzva pro z\u00e1jemce o po\u0159\u00e1d\u00e1n\u00ed M\u010cR\/MSR 2022"},"content":{"rendered":"\n<p>\u010cSC vypisuje v\u00fdzvu pro z\u00e1jemce o po\u0159\u00e1d\u00e1n\u00ed silni\u010dn\u00edho n\u00e1rodn\u00edho \u0161ampion\u00e1tu v roce 2022. Mistrovstv\u00ed bude op\u011bt spole\u010dn\u00e9 pro \u010cR i SR a je vyps\u00e1no pro kategorie Junio\u0159i, Juniorky, \u017deny a Mu\u017ei. <\/p>\n\n\n\n<p>V p\u0159\u00edpad\u011b z\u00e1jmu o po\u0159adatelstv\u00ed za\u0161lete nab\u00eddku na edr@ceskysvazcyklistiky.cz. Nab\u00eddka mus\u00ed obsahovat &#8211; destinaci, r\u00e1mcov\u00e9 n\u00e1vrhy trat\u00ed, \u010dasov\u00fd harmonogram a doprovodn\u00fd program. Nab\u00eddka mus\u00ed b\u00fdt zasl\u00e1na nejpozd\u011bji do 30.6.2021. <\/p>\n\n\n\n<p>\u010cSC na akci zaji\u0161\u0165uje:<\/p>\n\n\n\n<ul class=\"wp-block-list\"><li>Sbor rozhod\u010d\u00edch (odm\u011bny + ubytov\u00e1n\u00ed)<\/li><li>V\u00fdsledkov\u00fd servis (p\u0159ihl\u00e1\u0161ky, startovn\u00e9, v\u00fdsledky)<\/li><li>Vozov\u00fd park od \u0160KODA AUTO<\/li><li>Opl\u016ftky v&nbsp;d\u00e9lce 300m<\/li><li>Vys\u00edla\u010dky Motorola v&nbsp;po\u010dtu 40ks<\/li><li>Iveco (n\u00e1kladn\u00ed v\u016fz pro rozhod\u010d\u00ed v c\u00edli)<\/li><li>P\u0159\u00edsp\u011bvek na VIP prostor<\/li><li>C\u00edlov\u00e1 br\u00e1na (z hlin\u00edkov\u00fdch modul\u016f)<\/li><li>P\u0159\u00edm\u00fd p\u0159enos do TV ze z\u00e1vod\u016f mu\u017e\u016f Elite<\/li><\/ul>\n\n\n\n<p><strong>Po\u0159adatel m\u00e1 mo\u017enost um\u00edst\u011bn\u00ed gener\u00e1ln\u00edho partnera do n\u00e1zvu \u0161ampion\u00e1tu sou\u010dasn\u011b se \u0160KODA AUTO<\/strong><\/p>\n","protected":false},"excerpt":{"rendered":"<p>\u010cSC vypisuje v\u00fdzvu pro z\u00e1jemce o po\u0159\u00e1d\u00e1n\u00ed silni\u010dn\u00edho n\u00e1rodn\u00edho \u0161ampion\u00e1tu v roce 2022. Mistrovstv\u00ed bude op\u011bt spole\u010dn\u00e9 pro \u010cR i SR a je vyps\u00e1no pro kategorie Junio\u0159i, Juniorky, \u017deny a Mu\u017ei. V p\u0159\u00edpad\u011b z\u00e1jmu o po\u0159adatelstv\u00ed za\u0161lete nab\u00eddku na edr@ceskysvazcyklistiky.cz. Nab\u00eddka mus\u00ed obsahovat &#8211; destinaci, r\u00e1mcov\u00e9 n\u00e1vrhy trat\u00ed, \u010dasov\u00fd harmonogram a doprovodn\u00fd program. Nab\u00eddka mus\u00ed [&hellip;]<\/p>\n","protected":false},"author":2,"featured_media":1933,"comment_status":"closed","ping_status":"open","sticky":false,"template":"","format":"standard","meta":{"footnotes":""},"categories":[28,2],"tags":[119],"class_list":["post-4812","post","type-post","status-publish","format-standard","has-post-thumbnail","hentry","category-cesky-svaz-cyklistiky","category-novinky","tag-csc"],"_links":{"self":[{"href":"https:\/\/www.czechcyclingfederation.com\/en\/wp-json\/wp\/v2\/posts\/4812","targetHints":{"allow":["GET"]}}],"collection":[{"href":"https:\/\/www.czechcyclingfederation.com\/en\/wp-json\/wp\/v2\/posts"}],"about":[{"href":"https:\/\/www.czechcyclingfederation.com\/en\/wp-json\/wp\/v2\/types\/post"}],"author":[{"embeddable":true,"href":"https:\/\/www.czechcyclingfederation.com\/en\/wp-json\/wp\/v2\/users\/2"}],"replies":[{"embeddable":true,"href":"https:\/\/www.czechcyclingfederation.com\/en\/wp-json\/wp\/v2\/comments?post=4812"}],"version-history":[{"count":3,"href":"https:\/\/www.czechcyclingfederation.com\/en\/wp-json\/wp\/v2\/posts\/4812\/revisions"}],"predecessor-version":[{"id":4869,"href":"https:\/\/www.czechcyclingfederation.com\/en\/wp-json\/wp\/v2\/posts\/4812\/revisions\/4869"}],"wp:featuredmedia":[{"embeddable":true,"href":"https:\/\/www.czechcyclingfederation.com\/en\/wp-json\/wp\/v2\/media\/1933"}],"wp:attachment":[{"href":"https:\/\/www.czechcyclingfederation.com\/en\/wp-json\/wp\/v2\/media?parent=4812"}],"wp:term":[{"taxonomy":"category","embeddable":true,"href":"https:\/\/www.czechcyclingfederation.com\/en\/wp-json\/wp\/v2\/categories?post=4812"},{"taxonomy":"post_tag","embeddable":true,"href":"https:\/\/www.czechcyclingfederation.com\/en\/wp-json\/wp\/v2\/tags?post=4812"}],"curies":[{"name":"wp","href":"https:\/\/api.w.org\/{rel}","templated":true}]}}