{"id":4796,"date":"2021-06-09T22:49:59","date_gmt":"2021-06-09T20:49:59","guid":{"rendered":"https:\/\/www.czechcyclingfederation.com\/?p=4796"},"modified":"2021-06-10T08:36:17","modified_gmt":"2021-06-10T06:36:17","slug":"cyklisticky-vikend-v-kyjove","status":"publish","type":"post","link":"https:\/\/www.czechcyclingfederation.com\/en\/cyklisticky-vikend-v-kyjove\/","title":{"rendered":"Cyklistick\u00fd v\u00edkend v Kyjov\u011b"},"content":{"rendered":"\n<p>Opravdov\u00e9 cyklistick\u00e9 hody \u201eNa kole regionem Kyjovsk\u00e9ho Slov\u00e1cka 2021\u201c za\u017eije o nadch\u00e1zej\u00edc\u00edm v\u00edkendu m\u011bsto Kyjov. V&nbsp;sobotu 12. \u010dervna se tam pojede t\u0159et\u00ed d\u00edl Carla krit\u00e9rijn\u00ed ligy a o den pozd\u011bji t\u0159et\u00ed z\u00e1vod Techniserv Cupu \u2013 \u010cesk\u00e9ho poh\u00e1ru pro ml\u00e1de\u017e a \u017eeny a tak\u00e9 t\u0159et\u00ed d\u00edl \u0160KODA Cupu. Po cel\u00e9 dva dny pochopiteln\u011b budou prov\u00e1zet p\u0159\u00edsn\u00e1 hygienick\u00e1 opat\u0159en\u00ed a p\u0159i prezentaci je nutn\u00e9 odevzdat vypln\u011bn\u00fd selfreport (v p\u0159\u00edloze).<\/p>\n\n\n\n<p>\u201eBylo to letos trochu slo\u017eit\u00e9, to co se d\u011blo s&nbsp;opravami silnici jsem je\u0161t\u011b neza\u017eil. Ale zvl\u00e1d\u00e1me, jen pot\u0159ebujeme v\u00edce po\u0159adatel\u016f a v\u011bt\u0161\u00ed zabezpe\u010den\u00ed,\u201c \u0159ekl&nbsp; \u0159editel v\u0161ech t\u0159\u00ed podnik\u016f Vladim\u00edr Hu\u0161ek s&nbsp;t\u00edm, \u017ee z\u00e1zem\u00ed pro jezdce i doprovod z\u016fst\u00e1v\u00e1 v Sokolovn\u011b v ulici Komensk\u00e9ho, kde je start i c\u00edl krit\u00e9ria, pro ned\u011bln\u00ed z\u00e1vody tam bude start slavnostn\u00ed.<\/p>\n\n\n\n<p>Carla krit\u00e9rijn\u00ed liga se jede na m\u011bstsk\u00e9m okruh ulicemi Komensk\u00e9ho, Dobrovsk\u00e9ho, N\u00e1dra\u017en\u00ed a okruh je dlouh\u00fd 1600 m. Pro ve\u0159ejnou dopravu bud uzav\u0159en od 10:30 a\u017e do konce z\u00e1vodu. \u201eM\u011bsto Kyjov n\u00e1m vy\u0161lo vst\u0159\u00edc a krit\u00e9rium se pojede na zbrusu nov\u00e9m asfalt,&#8221; pokra\u010doval p\u0159idal Vladim\u00edr Hu\u0161ek.<\/p>\n\n\n\n<p>V ned\u011bli se bude pokra\u010dovat Techniserv Cupem, na staronov\u00e9m okruhu. Letos cyklist\u00e9 nezav\u00edtaj\u00ed na b\u00e1jn\u00fd Str\u00e1\u017eovsk\u00fd kopec, ale budou pendlovat mezi Kyjovem, Kostelcem, Morany H\u00fdsly a Kyjovem. Jeden\u00e1ctikilometrov\u00fd okruh nen\u00ed tak n\u00e1ro\u010dn\u00fd jako ten Str\u00e1\u017eovsk\u00fd, ale v Moravanech na cyklisty \u010dek\u00e1 prudk\u00e9 stoup\u00e1n\u00ed a v p\u0159\u00edpad\u011b v\u011btrn\u00e9ho po\u010das\u00ed se maj\u00ed div\u00e1ci na co t\u011b\u0161it. Vyvrcholen\u00edm bude \u0160KODA Cup z\u00e1vod mu\u017e\u016f, kde z\u00e1vodn\u00edci pom\u011b\u0159\u00ed s\u00edly p\u0159ed mistrovsk\u00fdm z\u00e1vodem, kter\u00fd se bude konat p\u0159\u00ed\u0161t\u00ed t\u00fdden na Slovensku v B\u00e1novc\u00edch na Bebravou. Prvn\u00ed prvn\u00ed z\u00e1vodn\u00ed vlna odstartuje v\u00a011:00, elitn\u00ed kategorie vyraz\u00ed do z\u00e1vodu ve 14:30. <\/p>\n\n\n\n<p>V&nbsp;zelen\u00e9m trikotu l\u00eddra seri\u00e1lu pojede v\u00edt\u011bz obou dosud odjet\u00fdch z\u00e1vod\u016f&nbsp; Michael Kukrle (Elkov Kasper), poka\u017ed\u00e9 za n\u00edm skon\u010dil Daniel Turek(Team Felbermayer Simplon Wels). V&nbsp;trikotu nejlep\u0161\u00edho jezdce kategorie U23 nastoup\u00ed Karel Camrda (Topforex &#8211; Att Investments Pro Cycling Team). Na mu\u017ee \u010dek\u00e1 patn\u00e1ct okruh\u016f, tedy 165 km.<\/p>\n\n\n\n<p>Po\u0159ad\u00ed seri\u00e1l\u016f:<\/p>\n\n\n\n<p>\u0160KODA Cup:<\/p>\n\n\n\n<p>1. Kukrle (Elkov Kasper) 115, 2. Turek (Team Felbermayer Simplon Wels) 90, 3. Otruba (Elkov Kasper) 50, 4. Camrda (Topforex &#8211; Att Investments Pro Cycling Team) 35, 5. Neuman 33, 6. A. \u0164oupal\u00edk (oba Elkov Kasper) 28.<\/p>\n\n\n\n<p>Techniserv Cup:<\/p>\n\n\n\n<p>\u017deny:<\/p>\n\n\n\n<p>1. S\u00e1bl\u00edkov\u00e1 (KRS Svratka) 200, 2. Bajgerov\u00e1 115, 3. Macha\u010dov\u00e1 109, 4. Burlov\u00e1 (v\u0161echny Dukla Praha) 89, 5. Van\u00ed\u010dkov\u00e1 (Brilon Racing Team MB) 79, 6. Barton\u00edkov\u00e1 (Dukla Brno) 71.<\/p>\n\n\n\n<p>Juniorky:<\/p>\n\n\n\n<p>1. Parmov\u00e1 (TJ Stadion Louny) 138, 2. Zemanov\u00e1 (Brilon Racing Team MB) 130, 3. Rl\u017ei\u010dkov\u00e1 (Dukla Praha) 100.<\/p>\n\n\n\n<p>Junio\u0159i:<\/p>\n\n\n\n<p>1.Jel\u00ednek (TJ Favorit Brno) 138, 2. Sporysch (Roman Kreuziger Cycling Academy) 124, 3. Fiala (\u010cEZ Cyklo Team T\u00e1bor) 120, 4. Mr\u00e1z (Mapei Merida Ka\u0148kovsk\u00fd) 89, 5. \u010cerv\u00ed\u010dek (Dukla Praha) 86, 6. Po\u0159\u00edzka (Kovo Praha) 81.<\/p>\n\n\n\n<p>FOTO Jan Brychta<\/p>\n\n\n\n<figure class=\"wp-block-image size-large\"><img loading=\"lazy\" decoding=\"async\" width=\"698\" height=\"960\" src=\"http:\/\/www.czechcyclingfederation.com\/wp-content\/uploads\/2021\/06\/196833892_1576220686102677_8438822054156080407_n.jpg\" alt=\"\" class=\"wp-image-4797\" srcset=\"https:\/\/www.czechcyclingfederation.com\/wp-content\/uploads\/2021\/06\/196833892_1576220686102677_8438822054156080407_n.jpg 698w, https:\/\/www.czechcyclingfederation.com\/wp-content\/uploads\/2021\/06\/196833892_1576220686102677_8438822054156080407_n-145x200.jpg 145w\" sizes=\"auto, (max-width: 698px) 100vw, 698px\" \/><\/figure>\n\n\n\n<figure class=\"wp-block-image size-large\"><img loading=\"lazy\" decoding=\"async\" width=\"960\" height=\"638\" src=\"https:\/\/www.czechcyclingfederation.com\/wp-content\/uploads\/2021\/06\/120401261_1384694938588587_1197147864958969638_n.jpg\" alt=\"\" class=\"wp-image-4801\" srcset=\"https:\/\/www.czechcyclingfederation.com\/wp-content\/uploads\/2021\/06\/120401261_1384694938588587_1197147864958969638_n.jpg 960w, https:\/\/www.czechcyclingfederation.com\/wp-content\/uploads\/2021\/06\/120401261_1384694938588587_1197147864958969638_n-300x200.jpg 300w, https:\/\/www.czechcyclingfederation.com\/wp-content\/uploads\/2021\/06\/120401261_1384694938588587_1197147864958969638_n-768x510.jpg 768w\" sizes=\"auto, (max-width: 960px) 100vw, 960px\" \/><\/figure>\n\n\n\n<figure class=\"wp-block-image size-large\"><img loading=\"lazy\" decoding=\"async\" width=\"960\" height=\"638\" src=\"https:\/\/www.czechcyclingfederation.com\/wp-content\/uploads\/2021\/06\/120321459_1384474551943959_1658280476733336056_n.jpg\" alt=\"\" class=\"wp-image-4802\" srcset=\"https:\/\/www.czechcyclingfederation.com\/wp-content\/uploads\/2021\/06\/120321459_1384474551943959_1658280476733336056_n.jpg 960w, https:\/\/www.czechcyclingfederation.com\/wp-content\/uploads\/2021\/06\/120321459_1384474551943959_1658280476733336056_n-300x200.jpg 300w, https:\/\/www.czechcyclingfederation.com\/wp-content\/uploads\/2021\/06\/120321459_1384474551943959_1658280476733336056_n-768x510.jpg 768w\" sizes=\"auto, (max-width: 960px) 100vw, 960px\" \/><\/figure>\n\n\n<div class=\"wp-block-file\">\r\n                <a target=\"_blank\" rel=\"noopener\" href=\"https:\/\/www.czechcyclingfederation.com\/wp-content\/uploads\/2021\/06\/C\u030cSC_SelfReportingForm_COVID-19-1.docx\" class=\"wp-block-file__button wp-element-button\">\r\n                    <span class=\"wp-block-file__icon\"><\/span>\r\n                    C\u030cSC_SelfReportingForm_COVID-19-1\r\n                <\/a>\r\n            <\/div>\n\n\n<p><\/p>\n","protected":false},"excerpt":{"rendered":"<p>Opravdov\u00e9 cyklistick\u00e9 hody \u201eNa kole regionem Kyjovsk\u00e9ho Slov\u00e1cka 2021\u201c za\u017eije o nadch\u00e1zej\u00edc\u00edm v\u00edkendu m\u011bsto Kyjov. V&nbsp;sobotu 12. \u010dervna se tam pojede t\u0159et\u00ed d\u00edl Carla krit\u00e9rijn\u00ed ligy a o den pozd\u011bji t\u0159et\u00ed z\u00e1vod Techniserv Cupu \u2013 \u010cesk\u00e9ho poh\u00e1ru pro ml\u00e1de\u017e a \u017eeny a tak\u00e9 t\u0159et\u00ed d\u00edl \u0160KODA Cupu. Po cel\u00e9 dva dny pochopiteln\u011b budou prov\u00e1zet p\u0159\u00edsn\u00e1 [&hellip;]<\/p>\n","protected":false},"author":8,"featured_media":4799,"comment_status":"closed","ping_status":"open","sticky":false,"template":"","format":"standard","meta":{"footnotes":""},"categories":[2,18],"tags":[11],"class_list":["post-4796","post","type-post","status-publish","format-standard","has-post-thumbnail","hentry","category-novinky","category-silnice","tag-silnice"],"_links":{"self":[{"href":"https:\/\/www.czechcyclingfederation.com\/en\/wp-json\/wp\/v2\/posts\/4796","targetHints":{"allow":["GET"]}}],"collection":[{"href":"https:\/\/www.czechcyclingfederation.com\/en\/wp-json\/wp\/v2\/posts"}],"about":[{"href":"https:\/\/www.czechcyclingfederation.com\/en\/wp-json\/wp\/v2\/types\/post"}],"author":[{"embeddable":true,"href":"https:\/\/www.czechcyclingfederation.com\/en\/wp-json\/wp\/v2\/users\/8"}],"replies":[{"embeddable":true,"href":"https:\/\/www.czechcyclingfederation.com\/en\/wp-json\/wp\/v2\/comments?post=4796"}],"version-history":[{"count":5,"href":"https:\/\/www.czechcyclingfederation.com\/en\/wp-json\/wp\/v2\/posts\/4796\/revisions"}],"predecessor-version":[{"id":4807,"href":"https:\/\/www.czechcyclingfederation.com\/en\/wp-json\/wp\/v2\/posts\/4796\/revisions\/4807"}],"wp:featuredmedia":[{"embeddable":true,"href":"https:\/\/www.czechcyclingfederation.com\/en\/wp-json\/wp\/v2\/media\/4799"}],"wp:attachment":[{"href":"https:\/\/www.czechcyclingfederation.com\/en\/wp-json\/wp\/v2\/media?parent=4796"}],"wp:term":[{"taxonomy":"category","embeddable":true,"href":"https:\/\/www.czechcyclingfederation.com\/en\/wp-json\/wp\/v2\/categories?post=4796"},{"taxonomy":"post_tag","embeddable":true,"href":"https:\/\/www.czechcyclingfederation.com\/en\/wp-json\/wp\/v2\/tags?post=4796"}],"curies":[{"name":"wp","href":"https:\/\/api.w.org\/{rel}","templated":true}]}}