{"id":4793,"date":"2021-06-09T13:56:59","date_gmt":"2021-06-09T11:56:59","guid":{"rendered":"https:\/\/www.czechcyclingfederation.com\/?p=4793"},"modified":"2021-06-09T13:56:59","modified_gmt":"2021-06-09T11:56:59","slug":"v-plzni-na-grand-prix-triumfoval-martin-boubal","status":"publish","type":"post","link":"https:\/\/www.czechcyclingfederation.com\/en\/v-plzni-na-grand-prix-triumfoval-martin-boubal\/","title":{"rendered":"V Plzni na Grand Prix triumfoval Martin Boubal"},"content":{"rendered":"\n<p>Druh\u00fd d\u00edl GIANT LIGY v Plzni, kter\u00fd se jel jako GP INKOMO-vzduchotechnika.cz, byl op\u011bt za letn\u00edho po\u010das\u00ed, kdy teplom\u011br na Rapidu ukazoval p\u0159\u00edjemn\u00fdch 25 stup\u0148\u016f. D\u00edky v\u011btru se v\u0161ak poda\u0159il letos nejdel\u0161\u00ed \u00fanik dvojice Martin Boubal (Hello CTW) a Martin Voltr (Topforex \u2013 ATT Investments Pro Cycling Team). T\u011bm nasb\u00edran\u00e9 body sta\u010dili k v\u00edt\u011bzstv\u00ed a druh\u00e9mu m\u00edstu. T\u0159et\u00ed skon\u010dil Denis Rugovac z Dukly Praha.<\/p>\n\n\n\n<p>Boubal s Voltrem unikli ji\u017e na dev\u00e1t\u00e9m kilometru a po\u010detn\u00fd peloton je dostihl po osmn\u00e1cti okruz\u00edch. Vyzdvihnout se mus\u00ed v\u00fdkon juniora Daniela Sporysche (Roman Kreuziger Cycling Academy), kter\u00fd nasb\u00edral 17 bod\u016f a to by mu sta\u010dilo v kategorii elite na skv\u011bl\u00e9 t\u0159et\u00ed m\u00edsto.<\/p>\n\n\n\n<p>V\u00fdsledky:<\/p>\n\n\n\n<p>1. Boubal (Hello CTW ) 25, 2. Voltr (Topforex &#8211; ATT Investments Pro Cycling Team) 21, 3. Rugovac (Dukla Praha) 16, 4. Habermann (Sparta Praha) 13, 5. Boro\u0161 (\u010cEZ Cyklo Team T\u00e1bor) 13, 6. Pavel Kelemen (Dukla Praha) 10.<\/p>\n\n\n\n<p>Junio\u0159i:<\/p>\n\n\n\n<p>1. Sporysch (Roman Kreuziger Cycling) 17, 2. Kadlec 2, 3. V\u00e1vra (oba Dukla Praha) 1.<\/p>\n\n\n\n<p>\u017deny:<\/p>\n\n\n\n<p>1. Burlov\u00e1 (Dukla Praha)<\/p>\n\n\n\n<p>FOTO Tom\u00e1\u0161 Tesa\u0159<\/p>\n","protected":false},"excerpt":{"rendered":"<p>Druh\u00fd d\u00edl GIANT LIGY v Plzni, kter\u00fd se jel jako GP INKOMO-vzduchotechnika.cz, byl op\u011bt za letn\u00edho po\u010das\u00ed, kdy teplom\u011br na Rapidu ukazoval p\u0159\u00edjemn\u00fdch 25 stup\u0148\u016f. D\u00edky v\u011btru se v\u0161ak poda\u0159il letos nejdel\u0161\u00ed \u00fanik dvojice Martin Boubal (Hello CTW) a Martin Voltr (Topforex \u2013 ATT Investments Pro Cycling Team). T\u011bm nasb\u00edran\u00e9 body sta\u010dili k v\u00edt\u011bzstv\u00ed a [&hellip;]<\/p>\n","protected":false},"author":8,"featured_media":4794,"comment_status":"closed","ping_status":"open","sticky":false,"template":"","format":"standard","meta":{"footnotes":""},"categories":[2,18],"tags":[11],"class_list":["post-4793","post","type-post","status-publish","format-standard","has-post-thumbnail","hentry","category-novinky","category-silnice","tag-silnice"],"_links":{"self":[{"href":"https:\/\/www.czechcyclingfederation.com\/en\/wp-json\/wp\/v2\/posts\/4793","targetHints":{"allow":["GET"]}}],"collection":[{"href":"https:\/\/www.czechcyclingfederation.com\/en\/wp-json\/wp\/v2\/posts"}],"about":[{"href":"https:\/\/www.czechcyclingfederation.com\/en\/wp-json\/wp\/v2\/types\/post"}],"author":[{"embeddable":true,"href":"https:\/\/www.czechcyclingfederation.com\/en\/wp-json\/wp\/v2\/users\/8"}],"replies":[{"embeddable":true,"href":"https:\/\/www.czechcyclingfederation.com\/en\/wp-json\/wp\/v2\/comments?post=4793"}],"version-history":[{"count":1,"href":"https:\/\/www.czechcyclingfederation.com\/en\/wp-json\/wp\/v2\/posts\/4793\/revisions"}],"predecessor-version":[{"id":4795,"href":"https:\/\/www.czechcyclingfederation.com\/en\/wp-json\/wp\/v2\/posts\/4793\/revisions\/4795"}],"wp:featuredmedia":[{"embeddable":true,"href":"https:\/\/www.czechcyclingfederation.com\/en\/wp-json\/wp\/v2\/media\/4794"}],"wp:attachment":[{"href":"https:\/\/www.czechcyclingfederation.com\/en\/wp-json\/wp\/v2\/media?parent=4793"}],"wp:term":[{"taxonomy":"category","embeddable":true,"href":"https:\/\/www.czechcyclingfederation.com\/en\/wp-json\/wp\/v2\/categories?post=4793"},{"taxonomy":"post_tag","embeddable":true,"href":"https:\/\/www.czechcyclingfederation.com\/en\/wp-json\/wp\/v2\/tags?post=4793"}],"curies":[{"name":"wp","href":"https:\/\/api.w.org\/{rel}","templated":true}]}}