{"id":4787,"date":"2021-06-08T09:26:16","date_gmt":"2021-06-08T07:26:16","guid":{"rendered":"https:\/\/www.czechcyclingfederation.com\/?p=4787"},"modified":"2021-06-08T09:26:16","modified_gmt":"2021-06-08T07:26:16","slug":"novym-predsedou-silnicni-komise-je-ludek-telecky","status":"publish","type":"post","link":"https:\/\/www.czechcyclingfederation.com\/en\/novym-predsedou-silnicni-komise-je-ludek-telecky\/","title":{"rendered":"Nov\u00fdm p\u0159edsedou silni\u010dn\u00ed komise je Lud\u011bk Teleck\u00fd"},"content":{"rendered":"\n<p>Silni\u010dn\u00ed komisi \u010cesk\u00e9ho svazu cyklistiky nov\u011b vede Lud\u011bk Teleck\u00fd. Pot\u00e9, co na ned\u00e1vn\u00e9 konferenci nebyl zvolen do prezidia \u010cSC dosavadn\u00ed p\u0159edseda komise Petr Kov\u00e1\u010d, je proto celkem logick\u00e9 i z pohledu prezidenta svazu Petra Marka tento posun.<\/p>\n\n\n\n<p>Lud\u011bk Teleck\u00fd byl \u010dlenem prezidia ji\u017e v p\u0159edchoz\u00edm obdob\u00ed a dlouho spolupracoval s komis\u00ed ml\u00e1de\u017ee i silni\u010dn\u00ed komis\u00ed.&nbsp; Se silnic\u00ed je spojen i p\u0159es Favorit Brno, kde p\u016fsob\u00ed jako m\u00edstop\u0159edseda odd\u00edlu. &#8220;<em>V\u00fdznamnou \u010d\u00e1st TJ Favoritu Brno tvo\u0159\u00ed silnice a dr\u00e1ha. K silnici m\u00e1m hodn\u011b bl\u00edzko, tak\u017ee to rozhodn\u011b nen\u00ed odv\u011btv\u00ed, kter\u00e9 bych neznal. J\u00e1 s\u00e1m jsem na kole tak\u00e9 z\u00e1vodil, u\u017eil si ml\u00e1de\u017enick\u00e9 kategorie, ale ve\u0161ker\u00e9 z\u00e1vod\u011bn\u00ed skon\u010dilo, kdy\u017e jsem nastoupil na vysokou \u0161kolu. Na kole ale jezd\u00edm i d\u00e1le, ov\u0161em jen pro radost, rekrea\u010dn\u011b.<\/em>&#8221; \u0159\u00edk\u00e1 Lud\u011bk Teleck\u00fd.<\/p>\n\n\n\n<p>Nejv\u00edce je silnic\u00ed spojen p\u0159es spole\u010dnost TECHNISERV IT, kde je \u0159editelem a spole\u010dnost je sponzorem TECHNISEV IT&nbsp; Cup &#8211; \u010cesk\u00fd poh\u00e1r ml\u00e1de\u017ee a \u017een. &#8220;<em>\u010c\u00e1ste\u010dn\u00fd p\u0159ehled o pr\u00e1ci cel\u00e9 komise m\u00e1m, plno v\u011bc\u00ed se projedn\u00e1valo a projedn\u00e1v\u00e1 na prezidiu, ob\u010das jsem z\u00e1le\u017eitosti k&nbsp;ml\u00e1de\u017enick\u00e9 cyklistice projedn\u00e1val s&nbsp;\u010dleny komise. Bylo by ale lacin\u00e9 hodnotit pr\u00e1ci komise a b\u00fdval\u00e9ho p\u0159edsedy z&nbsp;pozice vn\u011bj\u0161\u00edho pozorovatele. Ur\u010dit\u011b n\u00e1s \u010dek\u00e1 hodn\u011b zodpov\u011bdn\u00e9&nbsp; a n\u00e1ro\u010dn\u00e9 pr\u00e1ce a rozhodn\u011b bych cht\u011bl na n\u011bkter\u00e9 konkr\u00e9tn\u00ed poveden\u00e9 v\u011bci nav\u00e1zat.<\/em>&#8221; pokra\u010duje.<\/p>\n\n\n\n<p>Nen\u00ed pr\u00fd zast\u00e1ncem, pokud to nen\u00ed nezbytn\u00e9, revolu\u010dn\u00edch zm\u011bn. &#8220;<em>Naopak m\u00e1m p\u0159edstavu cesty evolu\u010dn\u00ed. Pokud m\u00e1me zlep\u0161it postaven\u00ed silni\u010dn\u00ed cyklistiky v&nbsp;r\u00e1mci \u010cSC i p\u0159ed ve\u0159ejnost\u00ed, ur\u010dit\u011b je nutn\u00e1 shoda na sm\u011b\u0159ov\u00e1n\u00ed s&nbsp;\u010dleny komise. Pokud \u010dlenov\u00e9 nebudou ztoto\u017en\u011bni s&nbsp;c\u00edli a strategi\u00ed, jak t\u011bchto c\u00edl\u016f dos\u00e1hnout, bude velmi t\u011b\u017ek\u00e9 vylep\u0161it podm\u00ednky z\u00e1vodn\u00edk\u016f v&nbsp;r\u00e1mci silnice. Z\u00e1sadn\u00ed person\u00e1ln\u00ed zm\u011bny nepl\u00e1nuji, lidi z komise v\u011bt\u0161inou zn\u00e1m, ur\u010dit\u011b to jsou odborn\u00edci, kte\u0159\u00ed zpravidla silnici zasv\u011btili t\u00e9m\u011b\u0159 cel\u00fd \u017eivot&#8221;<\/em> \u0159\u00edk\u00e1 Lud\u011bk Teleck\u00fd.<\/p>\n\n\n\n<p>Poprv\u00e9 se komise pod jeho veden\u00edm sejde o nast\u00e1vaj\u00edc\u00edm v\u00edkendu v Kyjov\u011b p\u0159i dal\u0161\u00edm z\u00e1vodu TECHNISERV a \u0160KODA Cupu. &#8220;<em>P\u0159edpokl\u00e1d\u00e1m, \u017ee pokud v\u0161ichni budou cht\u00edt pracovat, tak by slo\u017een\u00ed komise m\u011blo z\u016fstat prakticky stejn\u00e9. Mo\u017en\u00e1 m\u00e1m je\u0161t\u011b jeden nebo dva tipy na jej\u00ed roz\u0161\u00ed\u0159en\u00ed.<\/em>&#8220;<\/p>\n\n\n\n<p>V hlav\u011b pr\u00fd i n\u011bjak\u00e9 n\u00e1pady m\u00e1. &#8220;<em>Nejprve je ale ur\u010dit\u011b chci probrat se \u010dleny st\u00e1vaj\u00edc\u00ed komise a shodnout se, kam chceme a budeme sm\u011b\u0159ovat. V\u011b\u0159\u00edm, \u017ee najdeme shodu nad kl\u00ed\u010dov\u00fdmi v\u011bcmi a poda\u0159\u00ed se t\u00e1hnout za jeden provaz.<\/em>\u201c.<\/p>\n\n\n\n<p>Jasno m\u00e1 na roli a funkci p\u0159edsedy <em>\u201eMoje role je prim\u00e1rn\u011b mana\u017eersk\u00e1, tj. organiza\u010dn\u00ed, \u0159\u00edd\u00edc\u00ed a komunika\u010dn\u00ed. Odbornou \u010dinnost by m\u011bli zast\u00e1vat jednotliv\u00ed \u010dlenov\u00e9 komise, kte\u0159\u00ed jsou v\u00a0t\u011bchto oblastech ur\u010dit\u011b kompeten\u010dn\u011b na v\u00fd\u0161i. Osobn\u011b si p\u0159eji, aby n\u00e1m spolupr\u00e1ce fungovala a ka\u017ed\u00fd si na\u0161el svoji nezastupitelnou a d\u016fle\u017eitou roli.\u201c <\/em>zd\u016fraznil Lud\u011bk Teleck\u00fd.<\/p>\n\n\n\n<figure class=\"wp-block-image size-large\"><img loading=\"lazy\" decoding=\"async\" width=\"1024\" height=\"768\" src=\"https:\/\/www.czechcyclingfederation.com\/wp-content\/uploads\/2021\/06\/Telecky-IMG_4128-1024x768.jpg\" alt=\"\" class=\"wp-image-4789\" srcset=\"https:\/\/www.czechcyclingfederation.com\/wp-content\/uploads\/2021\/06\/Telecky-IMG_4128-1024x768.jpg 1024w, https:\/\/www.czechcyclingfederation.com\/wp-content\/uploads\/2021\/06\/Telecky-IMG_4128-267x200.jpg 267w, https:\/\/www.czechcyclingfederation.com\/wp-content\/uploads\/2021\/06\/Telecky-IMG_4128-768x576.jpg 768w, https:\/\/www.czechcyclingfederation.com\/wp-content\/uploads\/2021\/06\/Telecky-IMG_4128-1536x1152.jpg 1536w, https:\/\/www.czechcyclingfederation.com\/wp-content\/uploads\/2021\/06\/Telecky-IMG_4128-1320x990.jpg 1320w, https:\/\/www.czechcyclingfederation.com\/wp-content\/uploads\/2021\/06\/Telecky-IMG_4128.jpg 2016w\" sizes=\"auto, (max-width: 1024px) 100vw, 1024px\" \/><\/figure>\n","protected":false},"excerpt":{"rendered":"<p>Silni\u010dn\u00ed komisi \u010cesk\u00e9ho svazu cyklistiky nov\u011b vede Lud\u011bk Teleck\u00fd. Pot\u00e9, co na ned\u00e1vn\u00e9 konferenci nebyl zvolen do prezidia \u010cSC dosavadn\u00ed p\u0159edseda komise Petr Kov\u00e1\u010d, je proto celkem logick\u00e9 i z pohledu prezidenta svazu Petra Marka tento posun. Lud\u011bk Teleck\u00fd byl \u010dlenem prezidia ji\u017e v p\u0159edchoz\u00edm obdob\u00ed a dlouho spolupracoval s komis\u00ed ml\u00e1de\u017ee i silni\u010dn\u00ed komis\u00ed.&nbsp; [&hellip;]<\/p>\n","protected":false},"author":8,"featured_media":4788,"comment_status":"closed","ping_status":"open","sticky":false,"template":"","format":"standard","meta":{"footnotes":""},"categories":[2,18],"tags":[11],"class_list":["post-4787","post","type-post","status-publish","format-standard","has-post-thumbnail","hentry","category-novinky","category-silnice","tag-silnice"],"_links":{"self":[{"href":"https:\/\/www.czechcyclingfederation.com\/en\/wp-json\/wp\/v2\/posts\/4787","targetHints":{"allow":["GET"]}}],"collection":[{"href":"https:\/\/www.czechcyclingfederation.com\/en\/wp-json\/wp\/v2\/posts"}],"about":[{"href":"https:\/\/www.czechcyclingfederation.com\/en\/wp-json\/wp\/v2\/types\/post"}],"author":[{"embeddable":true,"href":"https:\/\/www.czechcyclingfederation.com\/en\/wp-json\/wp\/v2\/users\/8"}],"replies":[{"embeddable":true,"href":"https:\/\/www.czechcyclingfederation.com\/en\/wp-json\/wp\/v2\/comments?post=4787"}],"version-history":[{"count":1,"href":"https:\/\/www.czechcyclingfederation.com\/en\/wp-json\/wp\/v2\/posts\/4787\/revisions"}],"predecessor-version":[{"id":4790,"href":"https:\/\/www.czechcyclingfederation.com\/en\/wp-json\/wp\/v2\/posts\/4787\/revisions\/4790"}],"wp:featuredmedia":[{"embeddable":true,"href":"https:\/\/www.czechcyclingfederation.com\/en\/wp-json\/wp\/v2\/media\/4788"}],"wp:attachment":[{"href":"https:\/\/www.czechcyclingfederation.com\/en\/wp-json\/wp\/v2\/media?parent=4787"}],"wp:term":[{"taxonomy":"category","embeddable":true,"href":"https:\/\/www.czechcyclingfederation.com\/en\/wp-json\/wp\/v2\/categories?post=4787"},{"taxonomy":"post_tag","embeddable":true,"href":"https:\/\/www.czechcyclingfederation.com\/en\/wp-json\/wp\/v2\/tags?post=4787"}],"curies":[{"name":"wp","href":"https:\/\/api.w.org\/{rel}","templated":true}]}}