{"id":4776,"date":"2021-06-07T13:26:08","date_gmt":"2021-06-07T11:26:08","guid":{"rendered":"https:\/\/www.czechcyclingfederation.com\/?p=4776"},"modified":"2021-06-07T13:26:08","modified_gmt":"2021-06-07T11:26:08","slug":"vitezem-etapoveho-zavodu-rbb-tour-se-stal-ryba","status":"publish","type":"post","link":"https:\/\/www.czechcyclingfederation.com\/en\/vitezem-etapoveho-zavodu-rbb-tour-se-stal-ryba\/","title":{"rendered":"V\u00edt\u011bzem etapov\u00e9ho z\u00e1vodu RBB Tour se stal Ryba"},"content":{"rendered":"\n<p>V\u00edt\u011bzstv\u00edm v posledn\u00ed t\u0159et\u00ed etap\u011b z\u00e1vodu RBB Tour \u2013 Mamori\u00e1l Ji\u0159\u00edho Hud\u00ednka rozhodl o sv\u00e9m celkov\u00e9m triumfu Jan Ryba ze Sparty Praha. T\u0159et\u00ed t\u011b\u017ek\u00e1 kopcovit\u00e1 etapa dlouh\u00e1 155 km posunula Rybu do \u017elut\u00e9ho dresu z pr\u016fb\u011b\u017en\u00e9ho p\u00e1t\u00e9ho m\u00edsta, kter\u00e9 dr\u017eel po druh\u00e9 etap\u011b. Ji\u017e v n\u00ed byl v \u00faniku p\u011bti\u010dlenn\u00e9 skupiny a skon\u010dil t\u0159et\u00ed.<\/p>\n\n\n\n<p>V&nbsp;z\u00e1vod\u011b se p\u0159edstavili krom\u011b jezdc\u016f nejlep\u0161\u00ed \u010desk\u00e9 st\u00e1je Elkov Kasper prakticky v\u0161echny dom\u00e1c\u00ed t\u00fdmy a startovali i cyklist\u00e9 ze zahrani\u010d\u00ed. Ve t\u0159et\u00ed etap\u011b rozhodl \u00fanik sedmi\u010dlenn\u00e9 skupiny 50 km p\u0159ed c\u00edlem. Peloton m\u011bl dlouho ztr\u00e1tu pouh\u00fdch 20 a\u017e 40 vte\u0159in, ale n\u00e1skok se pomalu za\u010dal navy\u0161ovat. V n\u00e1jezdu do posledn\u00edho okruhu vyhr\u00e1l rychlostn\u00ed pr\u00e9mii Ryba a stal se nejlep\u0161\u00edm sprinterem RBB Tour.<\/p>\n\n\n\n<p>V posledn\u00edm stoup\u00e1n\u00ed rozjel tempo Jan Br\u0148\u00e1k ze Sparty a pod vrcholem stoup\u00e1n\u00ed za\u00fato\u010dil Ji\u0159\u00ed Petru\u0161 (Topforex &#8211; ATT Investtment Pro Cycling) a na \u010dele z\u016fstala trojice Ryba, Petru\u0161 a Adam Dole\u017eel (\u010cEZ Cyklo Team T\u00e1bor). Ve spurtu si Ryba z prvn\u00ed pozice pohl\u00eddal v\u00edt\u011bzstv\u00ed v etap\u011b a t\u00edm i celkov\u00e9 prvenstv\u00ed.<\/p>\n\n\n\n<p>V\u00fdsledky:<\/p>\n\n\n\n<p>1. etapa \u2013 \u010dasovka (8 km):<\/p>\n\n\n\n<p>1. Boro\u0161 (\u010cEZ Cyklo Team T\u00e1bor) 10:18, 2. Pietrula (Dukla Praha) +1, 3. Rotter (Favorit Brno) +3.<\/p>\n\n\n\n<p>2. etapa (163 km):<\/p>\n\n\n\n<p>1. Fiala (Topforex &#8211; ATT Investmets Pro Cyclig) 3:47:16, 2. Roelen (Niz.), 3. Ryba (Sparta Praha) oba stejn\u00fd \u010das.<\/p>\n\n\n\n<p>3. etapa (155 km):<\/p>\n\n\n\n<p>1. Ryba 3:58:36, 2. Petru\u0161 (Topforex &#8211; ATT Investmets Pro Cyclig), 3. Dile\u017eal (CEC Cyklo Team T\u00e1bor) oba stejn\u00fd \u010das.Kone\u010dn\u00e9 po\u0159ad\u00ed:<\/p>\n\n\n\n<p>Kone\u010dn\u00e9 po\u0159ad\u00ed:<\/p>\n\n\n\n<p>1. Ryba 7:56:19, 2. Petru\u0161 +30, 3. de Leng (Niz.) +41, 4. Dole\u017eal +1:00, 5. K\u0159enek (TJ Favorit Brno) +1:05, 6. Rasenberg (Niz.) +3:18.<\/p>\n\n\n\n<p>FOTO Sparta Praha, Favorit Brno<\/p>\n\n\n\n<figure class=\"wp-block-image size-large\"><img loading=\"lazy\" decoding=\"async\" width=\"1024\" height=\"768\" src=\"https:\/\/www.czechcyclingfederation.com\/wp-content\/uploads\/2021\/06\/Ryba-Sparta-3.etapa-vitez.jpg\" alt=\"\" class=\"wp-image-4778\" srcset=\"https:\/\/www.czechcyclingfederation.com\/wp-content\/uploads\/2021\/06\/Ryba-Sparta-3.etapa-vitez.jpg 1024w, https:\/\/www.czechcyclingfederation.com\/wp-content\/uploads\/2021\/06\/Ryba-Sparta-3.etapa-vitez-267x200.jpg 267w, https:\/\/www.czechcyclingfederation.com\/wp-content\/uploads\/2021\/06\/Ryba-Sparta-3.etapa-vitez-768x576.jpg 768w\" sizes=\"auto, (max-width: 1024px) 100vw, 1024px\" \/><\/figure>\n\n\n\n<figure class=\"wp-block-image size-large\"><img loading=\"lazy\" decoding=\"async\" width=\"650\" height=\"433\" src=\"https:\/\/www.czechcyclingfederation.com\/wp-content\/uploads\/2021\/06\/IMG_5810.jpg\" alt=\"\" class=\"wp-image-4779\" srcset=\"https:\/\/www.czechcyclingfederation.com\/wp-content\/uploads\/2021\/06\/IMG_5810.jpg 650w, https:\/\/www.czechcyclingfederation.com\/wp-content\/uploads\/2021\/06\/IMG_5810-300x200.jpg 300w\" sizes=\"auto, (max-width: 650px) 100vw, 650px\" \/><\/figure>\n\n\n\n<figure class=\"wp-block-image size-large\"><img loading=\"lazy\" decoding=\"async\" width=\"657\" height=\"438\" src=\"https:\/\/www.czechcyclingfederation.com\/wp-content\/uploads\/2021\/06\/IMG_5821.jpg\" alt=\"\" class=\"wp-image-4780\" srcset=\"https:\/\/www.czechcyclingfederation.com\/wp-content\/uploads\/2021\/06\/IMG_5821.jpg 657w, https:\/\/www.czechcyclingfederation.com\/wp-content\/uploads\/2021\/06\/IMG_5821-300x200.jpg 300w\" sizes=\"auto, (max-width: 657px) 100vw, 657px\" \/><\/figure>\n","protected":false},"excerpt":{"rendered":"<p>V\u00edt\u011bzstv\u00edm v posledn\u00ed t\u0159et\u00ed etap\u011b z\u00e1vodu RBB Tour \u2013 Mamori\u00e1l Ji\u0159\u00edho Hud\u00ednka rozhodl o sv\u00e9m celkov\u00e9m triumfu Jan Ryba ze Sparty Praha. T\u0159et\u00ed t\u011b\u017ek\u00e1 kopcovit\u00e1 etapa dlouh\u00e1 155 km posunula Rybu do \u017elut\u00e9ho dresu z pr\u016fb\u011b\u017en\u00e9ho p\u00e1t\u00e9ho m\u00edsta, kter\u00e9 dr\u017eel po druh\u00e9 etap\u011b. Ji\u017e v n\u00ed byl v \u00faniku p\u011bti\u010dlenn\u00e9 skupiny a skon\u010dil t\u0159et\u00ed. V&nbsp;z\u00e1vod\u011b [&hellip;]<\/p>\n","protected":false},"author":8,"featured_media":4777,"comment_status":"closed","ping_status":"open","sticky":false,"template":"","format":"standard","meta":{"footnotes":""},"categories":[2,18],"tags":[11],"class_list":["post-4776","post","type-post","status-publish","format-standard","has-post-thumbnail","hentry","category-novinky","category-silnice","tag-silnice"],"_links":{"self":[{"href":"https:\/\/www.czechcyclingfederation.com\/en\/wp-json\/wp\/v2\/posts\/4776","targetHints":{"allow":["GET"]}}],"collection":[{"href":"https:\/\/www.czechcyclingfederation.com\/en\/wp-json\/wp\/v2\/posts"}],"about":[{"href":"https:\/\/www.czechcyclingfederation.com\/en\/wp-json\/wp\/v2\/types\/post"}],"author":[{"embeddable":true,"href":"https:\/\/www.czechcyclingfederation.com\/en\/wp-json\/wp\/v2\/users\/8"}],"replies":[{"embeddable":true,"href":"https:\/\/www.czechcyclingfederation.com\/en\/wp-json\/wp\/v2\/comments?post=4776"}],"version-history":[{"count":1,"href":"https:\/\/www.czechcyclingfederation.com\/en\/wp-json\/wp\/v2\/posts\/4776\/revisions"}],"predecessor-version":[{"id":4781,"href":"https:\/\/www.czechcyclingfederation.com\/en\/wp-json\/wp\/v2\/posts\/4776\/revisions\/4781"}],"wp:featuredmedia":[{"embeddable":true,"href":"https:\/\/www.czechcyclingfederation.com\/en\/wp-json\/wp\/v2\/media\/4777"}],"wp:attachment":[{"href":"https:\/\/www.czechcyclingfederation.com\/en\/wp-json\/wp\/v2\/media?parent=4776"}],"wp:term":[{"taxonomy":"category","embeddable":true,"href":"https:\/\/www.czechcyclingfederation.com\/en\/wp-json\/wp\/v2\/categories?post=4776"},{"taxonomy":"post_tag","embeddable":true,"href":"https:\/\/www.czechcyclingfederation.com\/en\/wp-json\/wp\/v2\/tags?post=4776"}],"curies":[{"name":"wp","href":"https:\/\/api.w.org\/{rel}","templated":true}]}}