{"id":4746,"date":"2021-06-06T08:53:55","date_gmt":"2021-06-06T06:53:55","guid":{"rendered":"https:\/\/www.czechcyclingfederation.com\/?p=4746"},"modified":"2021-06-06T22:02:03","modified_gmt":"2021-06-06T20:02:03","slug":"bajgerova-vyhrala-belkovicko-lastanske-krierium","status":"publish","type":"post","link":"https:\/\/www.czechcyclingfederation.com\/en\/bajgerova-vyhrala-belkovicko-lastanske-krierium\/","title":{"rendered":"Bajgerov\u00e1 vyhr\u00e1la B\u011blkovicko-la\u0161\u0165ansk\u00e9 kri\u00e9rium"},"content":{"rendered":"\n<p>V\u00edt\u011bzkou druh\u00e9ho d\u00edlu Carla krit\u00e9rjin\u00ed ligy, kter\u00fdm bylo B\u011blkovicko-la\u0161\u0165ansk\u00e9 kri\u00e9rium, vyhr\u00e1la Nikola Bajgerov\u00e1 z Dukly Praha. Z\u00e1vod\u016fm v\u016fbec kralovaly cyklistky pra\u017esk\u00e9 Dukly, kdy\u017e za n\u00ed skon\u010dily Jarmila Macha\u010dov\u00e1 a Krist\u00fdna Burlov\u00e1.<\/p>\n\n\n\n<p>Meri juniory nasb\u00edral nejv\u00edce 29 bod\u016f Maty\u00e1\u0161 Kobl\u00ed\u017eek (TUFO Pardus Prost\u011bjov), druh\u00fd Maty\u00e1\u0161 Fiala&nbsp; (\u010cEZ Cyklo Team T\u00e1bor) jich m\u011bl 23 a Daniel Mr\u00e1z (Mapei Merida Ka\u0148skovsk\u00fd) \u0161estn\u00e1ct.<\/p>\n\n\n\n<p>V\u00fdsledky:<\/p>\n\n\n\n<p>Junio\u0159i:<\/p>\n\n\n\n<p>1. M. Kobl\u00ed\u017eek (TUFO Pardus Prost\u011bjov) 29, 2. Fiala Maty\u00e1\u0161 (\u010cEZ Cyklo Team T\u00e1bor) 23, 3. Mr\u00e1z (Mapei Merida Ka\u0148skovsk\u00fd) 16, 4. \u0160irok\u00fd 14, 5. \u010cepek (oba TJ Favorit Brno) 5, 6. \u010cerv\u00ed\u010dek (Dukla Praha) 5.<\/p>\n\n\n\n<p>Kadeti:<\/p>\n\n\n\n<p>1. Richard Kobr 21, 2. Roman Kobr (oba Roman Kreuziger Cycling Academy) 16, 3. Elbadri (Dukla Praha) 9.<\/p>\n\n\n\n<p>Star\u0161\u00ed \u017e\u00e1ci:<\/p>\n\n\n\n<p>1. Pit\u00e1k (Mapei Merida Ka\u0148kovsk\u00fd) 13, 2. Richter (TJ Favorit Brno) 10, 3. Sas\u00edn (ACK Star\u00e1 Ves nad Ond\u0159ejnic\u00ed) 10.<\/p>\n\n\n\n<p>Mlad\u0161\u00ed \u017e\u00e1ci:<\/p>\n\n\n\n<p>1. Kr\u00e1l (Dukla Praha) 10, 2. Kani\u0161\u010dev (TUFO Pardus Prost\u011bjov) 6, 3. Pazourek (Cycling Academy T\u00e1bor) 5.<\/p>\n\n\n\n<p>\u017deny:<\/p>\n\n\n\n<p>1. Bajgerov\u00e1 26, 2. Macha\u010dov\u00e1 21, 3. Burlov\u00e1 15, 4. \u0160ev\u010d\u00edkov\u00e1 15, 5. Kohoutkov\u00e1 (v\u0161echny Dukla Praha) 13, 6. Van\u00ed\u010dkov\u00e1 (Brilon Racing Team MB) 11.<\/p>\n\n\n\n<p>Juniorky:<\/p>\n\n\n\n<p>1. Slan\u00edkov\u00e1 (Roman Kreuziger Cycling Academy) 3, 2. Zemanov\u00e1 2, 3. Hlad\u00edkov\u00e1 (ob\u011b Brilon Racing Team MB) 1.<\/p>\n\n\n\n<p>Kadetky:<\/p>\n\n\n\n<p>1. Dost\u00e1lov\u00e1 (LYKO Klub Pracahtice) 20, 2. Markov\u00e1 (Dukla Praha) 19, 3. Dlaskov\u00e1 (TJ AUTO \u0160koda&nbsp; Mlada Boleslav) 10.<\/p>\n\n\n\n<p>\u017d\u00e1kyn\u011b:<\/p>\n\n\n\n<p>1. Cermanov\u00e1 (Author Team Stupno) 20, 2. Strakat\u00e1 (Dukla Praha) 12, 3. Str\u00e1nsk\u00e1 (Brilon Racing Team MB) 6.<\/p>\n\n\n\n<p>FOTO Dukla Praha<\/p>\n\n\n\n<figure class=\"wp-block-image size-large\"><img loading=\"lazy\" decoding=\"async\" width=\"768\" height=\"1024\" src=\"https:\/\/www.czechcyclingfederation.com\/wp-content\/uploads\/2021\/06\/IMG-20210605-WA0033-768x1024.jpg\" alt=\"\" class=\"wp-image-4748\" srcset=\"https:\/\/www.czechcyclingfederation.com\/wp-content\/uploads\/2021\/06\/IMG-20210605-WA0033-768x1024.jpg 768w, https:\/\/www.czechcyclingfederation.com\/wp-content\/uploads\/2021\/06\/IMG-20210605-WA0033-150x200.jpg 150w, https:\/\/www.czechcyclingfederation.com\/wp-content\/uploads\/2021\/06\/IMG-20210605-WA0033-1152x1536.jpg 1152w, https:\/\/www.czechcyclingfederation.com\/wp-content\/uploads\/2021\/06\/IMG-20210605-WA0033.jpg 1200w\" sizes=\"auto, (max-width: 768px) 100vw, 768px\" \/><\/figure>\n\n\n\n<figure class=\"wp-block-image size-large\"><img loading=\"lazy\" decoding=\"async\" width=\"1024\" height=\"768\" src=\"https:\/\/www.czechcyclingfederation.com\/wp-content\/uploads\/2021\/06\/IMG-20210605-WA0026-1024x768.jpg\" alt=\"\" class=\"wp-image-4749\" srcset=\"https:\/\/www.czechcyclingfederation.com\/wp-content\/uploads\/2021\/06\/IMG-20210605-WA0026-1024x768.jpg 1024w, https:\/\/www.czechcyclingfederation.com\/wp-content\/uploads\/2021\/06\/IMG-20210605-WA0026-267x200.jpg 267w, https:\/\/www.czechcyclingfederation.com\/wp-content\/uploads\/2021\/06\/IMG-20210605-WA0026-768x576.jpg 768w, https:\/\/www.czechcyclingfederation.com\/wp-content\/uploads\/2021\/06\/IMG-20210605-WA0026-1536x1152.jpg 1536w, https:\/\/www.czechcyclingfederation.com\/wp-content\/uploads\/2021\/06\/IMG-20210605-WA0026-1320x990.jpg 1320w, https:\/\/www.czechcyclingfederation.com\/wp-content\/uploads\/2021\/06\/IMG-20210605-WA0026.jpg 1600w\" sizes=\"auto, (max-width: 1024px) 100vw, 1024px\" \/><\/figure>\n\n\n\n\n\n<figure class=\"wp-block-image size-large\"><img loading=\"lazy\" decoding=\"async\" width=\"768\" height=\"1024\" src=\"https:\/\/www.czechcyclingfederation.com\/wp-content\/uploads\/2021\/06\/IMG-20210605-WA0005.jpg\" alt=\"\" class=\"wp-image-4750\" srcset=\"https:\/\/www.czechcyclingfederation.com\/wp-content\/uploads\/2021\/06\/IMG-20210605-WA0005.jpg 768w, https:\/\/www.czechcyclingfederation.com\/wp-content\/uploads\/2021\/06\/IMG-20210605-WA0005-150x200.jpg 150w\" sizes=\"auto, (max-width: 768px) 100vw, 768px\" \/><\/figure>\n","protected":false},"excerpt":{"rendered":"<p>V\u00edt\u011bzkou druh\u00e9ho d\u00edlu Carla krit\u00e9rjin\u00ed ligy, kter\u00fdm bylo B\u011blkovicko-la\u0161\u0165ansk\u00e9 kri\u00e9rium, vyhr\u00e1la Nikola Bajgerov\u00e1 z Dukly Praha. Z\u00e1vod\u016fm v\u016fbec kralovaly cyklistky pra\u017esk\u00e9 Dukly, kdy\u017e za n\u00ed skon\u010dily Jarmila Macha\u010dov\u00e1 a Krist\u00fdna Burlov\u00e1. Meri juniory nasb\u00edral nejv\u00edce 29 bod\u016f Maty\u00e1\u0161 Kobl\u00ed\u017eek (TUFO Pardus Prost\u011bjov), druh\u00fd Maty\u00e1\u0161 Fiala&nbsp; (\u010cEZ Cyklo Team T\u00e1bor) jich m\u011bl 23 a Daniel Mr\u00e1z [&hellip;]<\/p>\n","protected":false},"author":8,"featured_media":4747,"comment_status":"closed","ping_status":"open","sticky":false,"template":"","format":"standard","meta":{"footnotes":""},"categories":[2,18],"tags":[11],"class_list":["post-4746","post","type-post","status-publish","format-standard","has-post-thumbnail","hentry","category-novinky","category-silnice","tag-silnice"],"_links":{"self":[{"href":"https:\/\/www.czechcyclingfederation.com\/en\/wp-json\/wp\/v2\/posts\/4746","targetHints":{"allow":["GET"]}}],"collection":[{"href":"https:\/\/www.czechcyclingfederation.com\/en\/wp-json\/wp\/v2\/posts"}],"about":[{"href":"https:\/\/www.czechcyclingfederation.com\/en\/wp-json\/wp\/v2\/types\/post"}],"author":[{"embeddable":true,"href":"https:\/\/www.czechcyclingfederation.com\/en\/wp-json\/wp\/v2\/users\/8"}],"replies":[{"embeddable":true,"href":"https:\/\/www.czechcyclingfederation.com\/en\/wp-json\/wp\/v2\/comments?post=4746"}],"version-history":[{"count":2,"href":"https:\/\/www.czechcyclingfederation.com\/en\/wp-json\/wp\/v2\/posts\/4746\/revisions"}],"predecessor-version":[{"id":4763,"href":"https:\/\/www.czechcyclingfederation.com\/en\/wp-json\/wp\/v2\/posts\/4746\/revisions\/4763"}],"wp:featuredmedia":[{"embeddable":true,"href":"https:\/\/www.czechcyclingfederation.com\/en\/wp-json\/wp\/v2\/media\/4747"}],"wp:attachment":[{"href":"https:\/\/www.czechcyclingfederation.com\/en\/wp-json\/wp\/v2\/media?parent=4746"}],"wp:term":[{"taxonomy":"category","embeddable":true,"href":"https:\/\/www.czechcyclingfederation.com\/en\/wp-json\/wp\/v2\/categories?post=4746"},{"taxonomy":"post_tag","embeddable":true,"href":"https:\/\/www.czechcyclingfederation.com\/en\/wp-json\/wp\/v2\/tags?post=4746"}],"curies":[{"name":"wp","href":"https:\/\/api.w.org\/{rel}","templated":true}]}}