{"id":4733,"date":"2021-06-05T18:46:32","date_gmt":"2021-06-05T16:46:32","guid":{"rendered":"https:\/\/www.czechcyclingfederation.com\/?p=4733"},"modified":"2021-06-05T18:46:32","modified_gmt":"2021-06-05T16:46:32","slug":"mladik-mathias-vacek-se-posunul-na-seste-misto-zm-u23","status":"publish","type":"post","link":"https:\/\/www.czechcyclingfederation.com\/en\/mladik-mathias-vacek-se-posunul-na-seste-misto-zm-u23\/","title":{"rendered":"Mlad\u00edk Mathias Vacek se posunul na \u0161est\u00e9 m\u00edsto ZM U23"},"content":{"rendered":"\n<p>Na \u0161est\u00e9 m\u00edsto pr\u016fb\u011b\u017en\u00e9 klasifikace se po druh\u00e9 etap\u011b Z\u00e1vodu m\u00edru U23 Grand Prix Jesen\u00edk posunul \u010desk\u00fd mlad\u00edk Mathias Vacek. Etapa vedla z\u00a0Brunt\u00e1lu na Dlouh\u00e9 str\u00e1n\u011b a po 116 kilometrech slavil v\u00edt\u011bzstv\u00ed Ital Filippo Zana, kter\u00fd vyst\u0159\u00eddal ve \u017elut\u00e9m trikotu vedouc\u00edho jezdce pr\u016fb\u011b\u017en\u00e9 klasifikace Nora Sorena Warenskjodla.<\/p>\n\n\n\n<p>Etapa sice byla kr\u00e1tk\u00e1, ale t\u0159i vrcha\u0159sk\u00e9 pr\u00e9mie, hlavn\u011b dva v\u00fd\u0161lapy na Dlouh\u00e9 str\u00e1n\u011b nazna\u010dily, kdo z jezdc\u016f m\u016f\u017ee myslet v podniku N\u00b4Cupu na dobr\u00e9 um\u00edst\u011bn\u00ed v celkov\u00e9 klasifikaci. A k&nbsp;\u010desk\u00e9 radosti jsou to i na\u0161i reprezentanti. P\u0159edev\u0161\u00edm Vacek, kter\u00fd dojel na sedm\u00e9m m\u00edst\u011b.<\/p>\n\n\n\n<p>Od startu byli aktivn\u00ed p\u0159edev\u0161\u00edm \u0161pan\u011bl\u0161t\u00ed cyklist\u00e9, kte\u0159\u00ed se \u010dasto pou\u0161t\u011bli do \u00fanik\u016f, ale v&nbsp;z\u00e1v\u011bru se zcela vytratili a skon\u010dili v&nbsp;poli pora\u017een\u00fdch. Mayo Pelayo Sanchez vyhr\u00e1l je\u0161t\u011b p\u0159edposledn\u00ed vrcha\u0159skou pr\u00e9mii s n\u00e1skokem p\u0159ed druh\u00fdm Petrem Kelemenem, kter\u00fd si t\u00edm vybojoval trikot pro vedouc\u00edho jezdce t\u00e9to sout\u011b\u017ee. &#8220;Cht\u011bl jsem zkusit vybojovat ten trikot a to se mi povedlo. Ke konci to bylo hodn\u011b o noh\u00e1ch, dva p\u016flhodinov\u00e9 kopce ji\u017e na m\u011b ale byly a\u017e moc.&#8221;<\/p>\n\n\n\n<p>Rozhodovalo se a\u017e v z\u00e1v\u011bre\u010dn\u00fdch dvaceti kilometrech p\u0159i druh\u00e9m stoup\u00e1n\u00ed na Dlouh\u00e9 str\u00e1n\u011b. To vedouc\u00ed skupina dostihla Sancheze a v ostr\u00e9m stoup\u00e1n\u00ed za\u010dali \u00fa\u0159adovat vrcha\u0159i. Hodn\u011b vep\u0159edu se dlouho dr\u017eeli v\u0161ichni \u010de\u0161t\u00ed jezdci, o \u00fanik se pokusil Jabub Bou\u010dek. Ale rychle se na \u010dele osamostatnil Zana a s neuv\u011b\u0159itelnou lehkost\u00ed se v\u0161em soupe\u0159\u016f za\u010dal vzdalovat. Za n\u00edm se pustil Slovinec Kristjan Ho\u010devar, ale k jeho dosti\u017een\u00ed s\u00edly nem\u011bl. Naopak se na n\u011bj dot\u00e1hl Belgi\u010dan Toon Clynhens a v z\u00e1v\u011bre\u010dn\u00e9m spurtu jej odsunul za sebe na t\u0159et\u00ed m\u00edsto.<\/p>\n\n\n\n<p>S nejlep\u0161\u00edmi dr\u017eel z na\u0161ich jezdc\u016f nejv\u00edce krok je\u0161t\u011b v lo\u0148sk\u00e9 sezon\u011b junior Mathias Vacek a nakonec jeho v\u00fdkon byl korunov\u00e1n sedm\u00fdm m\u00edstem a posunem do elitn\u00ed des\u00edtky celkov\u00e9 klasifikace. &#8220;V\u011bd\u011bli jsem, \u017ee to dnes bude hodn\u011b t\u011b\u017ek\u00e9. Proto jsme ani nechodili do \u00fanik\u016f, bylo jasn\u00e9, \u017ee se bude rozhodovat ve dvou z\u00e1v\u011bre\u010dn\u00fdch kopc\u00edch. Jsem nadm\u00edru spokojen, ani jsem ne\u010dekal, \u017ee pojedu tak dob\u0159e. Dnes jsem do toho dal v\u0161e, ale je\u0161t\u011b n\u00e1s \u010dek\u00e1 dal\u0161\u00ed velmi t\u011b\u017ek\u00e1 etapa z\u00edtra, ov\u0161em \u0161et\u0159it se, to se nedalo,&#8221; \u0159ekl Mathias Vacek.<\/p>\n\n\n\n<p>A pochvaln\u00e1 slova pro sv\u00e9 sv\u011b\u0159ence m\u011bl i \u010desk\u00fd reprezenta\u010dn\u00ed kou\u010d Tom\u00e1\u0161 Kone\u010dn\u00fd. &#8220;Jsem pochopiteln\u011b spokojen\u00fd. M\u00e1me zde velice mlad\u00fd t\u00fdm a kluci uk\u00e1zali svoji s\u00edlu. \u00dato\u010dili a v celkov\u00e9m po\u0159ad\u00ed si hodn\u011b polep\u0161ili. Mysl\u00edm, \u017ee p\u0159edvedli super v\u00fdkon.&#8221;<\/p>\n\n\n\n<p>V\u00fdsledky:<\/p>\n\n\n\n<p>2. etapa: Brunt\u00e1l &#8211; Dlouh\u00e9 str\u00e1n\u011b (116,6 km):<\/p>\n\n\n\n<p>1. Zana (It.) 3:14:56, 2. Clynhens (Belg.), 3. Ho\u010devar (Slovin.) oba +53, 4. Kl\u00fcckers (Luc.) +1:09, 5. V\u00f6gli (\u0160v\u00fdc.) +1:21, 6. Lebreton (Fr.) +1:36, 7. M. Vacek +1:38, &#8230;21. Bou\u010dek +4:09, 22. \u0158epa +4:17, 29. J. \u0164oupal\u00edk +5:11, 35. Petr Kelemen 5:59, 37. Bittner (v\u0161ichni \u010cR) +6:26.<\/p>\n\n\n\n<p>Pr\u016fb\u011b\u017en\u00e9 po\u0159ad\u00ed:<\/p>\n\n\n\n<p>1.Zana 6:34:40, 2. Ho\u010devar +1:10, 3. Clynhens +1:12, 4. Kl\u00fcckers +1:19, 5. B\u00f6gli +1:46, 6. M. Vacek +1:48, &#8230;20. Bou\u010dek +4:28, 28. J. \u0164oupal\u00edk +5:23, 34. Petr Kelemen +6:12, 35. Bittner +6:28, 45. \u0158epa +9:21.<\/p>\n\n\n\n<p>FOTO Jan Brychta<\/p>\n\n\n\n<figure class=\"wp-block-image size-large\"><img loading=\"lazy\" decoding=\"async\" width=\"1024\" height=\"681\" src=\"https:\/\/www.czechcyclingfederation.com\/wp-content\/uploads\/2021\/06\/etapa-BrychtaJan_ZMU23_20210605_12582121_DSC_0582-1024x681.jpg\" alt=\"\" class=\"wp-image-4735\" srcset=\"https:\/\/www.czechcyclingfederation.com\/wp-content\/uploads\/2021\/06\/etapa-BrychtaJan_ZMU23_20210605_12582121_DSC_0582-1024x681.jpg 1024w, https:\/\/www.czechcyclingfederation.com\/wp-content\/uploads\/2021\/06\/etapa-BrychtaJan_ZMU23_20210605_12582121_DSC_0582-300x200.jpg 300w, https:\/\/www.czechcyclingfederation.com\/wp-content\/uploads\/2021\/06\/etapa-BrychtaJan_ZMU23_20210605_12582121_DSC_0582-768x511.jpg 768w, https:\/\/www.czechcyclingfederation.com\/wp-content\/uploads\/2021\/06\/etapa-BrychtaJan_ZMU23_20210605_12582121_DSC_0582-1536x1022.jpg 1536w, https:\/\/www.czechcyclingfederation.com\/wp-content\/uploads\/2021\/06\/etapa-BrychtaJan_ZMU23_20210605_12582121_DSC_0582-1320x878.jpg 1320w, https:\/\/www.czechcyclingfederation.com\/wp-content\/uploads\/2021\/06\/etapa-BrychtaJan_ZMU23_20210605_12582121_DSC_0582.jpg 2000w\" sizes=\"auto, (max-width: 1024px) 100vw, 1024px\" \/><\/figure>\n\n\n\n<figure class=\"wp-block-image size-large\"><img loading=\"lazy\" decoding=\"async\" width=\"1024\" height=\"684\" src=\"https:\/\/www.czechcyclingfederation.com\/wp-content\/uploads\/2021\/06\/Start-2.-etapa-BrychtaJan_ZMU23_20210605_11585252_DSC_7198-1024x684.jpg\" alt=\"\" class=\"wp-image-4736\" srcset=\"https:\/\/www.czechcyclingfederation.com\/wp-content\/uploads\/2021\/06\/Start-2.-etapa-BrychtaJan_ZMU23_20210605_11585252_DSC_7198-1024x684.jpg 1024w, https:\/\/www.czechcyclingfederation.com\/wp-content\/uploads\/2021\/06\/Start-2.-etapa-BrychtaJan_ZMU23_20210605_11585252_DSC_7198-300x200.jpg 300w, https:\/\/www.czechcyclingfederation.com\/wp-content\/uploads\/2021\/06\/Start-2.-etapa-BrychtaJan_ZMU23_20210605_11585252_DSC_7198-768x513.jpg 768w, https:\/\/www.czechcyclingfederation.com\/wp-content\/uploads\/2021\/06\/Start-2.-etapa-BrychtaJan_ZMU23_20210605_11585252_DSC_7198-1536x1025.jpg 1536w, https:\/\/www.czechcyclingfederation.com\/wp-content\/uploads\/2021\/06\/Start-2.-etapa-BrychtaJan_ZMU23_20210605_11585252_DSC_7198-1320x881.jpg 1320w, https:\/\/www.czechcyclingfederation.com\/wp-content\/uploads\/2021\/06\/Start-2.-etapa-BrychtaJan_ZMU23_20210605_11585252_DSC_7198.jpg 2000w\" sizes=\"auto, (max-width: 1024px) 100vw, 1024px\" \/><\/figure>\n\n\n\n<figure class=\"wp-block-image size-large\"><img loading=\"lazy\" decoding=\"async\" width=\"1024\" height=\"681\" src=\"https:\/\/www.czechcyclingfederation.com\/wp-content\/uploads\/2021\/06\/Zana-BrychtaJan_ZMU23_20210605_15505151_DSC_0961-1024x681.jpg\" alt=\"\" class=\"wp-image-4737\" srcset=\"https:\/\/www.czechcyclingfederation.com\/wp-content\/uploads\/2021\/06\/Zana-BrychtaJan_ZMU23_20210605_15505151_DSC_0961-1024x681.jpg 1024w, https:\/\/www.czechcyclingfederation.com\/wp-content\/uploads\/2021\/06\/Zana-BrychtaJan_ZMU23_20210605_15505151_DSC_0961-300x200.jpg 300w, https:\/\/www.czechcyclingfederation.com\/wp-content\/uploads\/2021\/06\/Zana-BrychtaJan_ZMU23_20210605_15505151_DSC_0961-768x511.jpg 768w, https:\/\/www.czechcyclingfederation.com\/wp-content\/uploads\/2021\/06\/Zana-BrychtaJan_ZMU23_20210605_15505151_DSC_0961-1536x1022.jpg 1536w, https:\/\/www.czechcyclingfederation.com\/wp-content\/uploads\/2021\/06\/Zana-BrychtaJan_ZMU23_20210605_15505151_DSC_0961-1320x878.jpg 1320w, https:\/\/www.czechcyclingfederation.com\/wp-content\/uploads\/2021\/06\/Zana-BrychtaJan_ZMU23_20210605_15505151_DSC_0961.jpg 2000w\" sizes=\"auto, (max-width: 1024px) 100vw, 1024px\" \/><\/figure>\n","protected":false},"excerpt":{"rendered":"<p>Na \u0161est\u00e9 m\u00edsto pr\u016fb\u011b\u017en\u00e9 klasifikace se po druh\u00e9 etap\u011b Z\u00e1vodu m\u00edru U23 Grand Prix Jesen\u00edk posunul \u010desk\u00fd mlad\u00edk Mathias Vacek. Etapa vedla z\u00a0Brunt\u00e1lu na Dlouh\u00e9 str\u00e1n\u011b a po 116 kilometrech slavil v\u00edt\u011bzstv\u00ed Ital Filippo Zana, kter\u00fd vyst\u0159\u00eddal ve \u017elut\u00e9m trikotu vedouc\u00edho jezdce pr\u016fb\u011b\u017en\u00e9 klasifikace Nora Sorena Warenskjodla. Etapa sice byla kr\u00e1tk\u00e1, ale t\u0159i vrcha\u0159sk\u00e9 pr\u00e9mie, [&hellip;]<\/p>\n","protected":false},"author":8,"featured_media":4734,"comment_status":"closed","ping_status":"open","sticky":false,"template":"","format":"standard","meta":{"footnotes":""},"categories":[2,18],"tags":[11],"class_list":["post-4733","post","type-post","status-publish","format-standard","has-post-thumbnail","hentry","category-novinky","category-silnice","tag-silnice"],"_links":{"self":[{"href":"https:\/\/www.czechcyclingfederation.com\/en\/wp-json\/wp\/v2\/posts\/4733","targetHints":{"allow":["GET"]}}],"collection":[{"href":"https:\/\/www.czechcyclingfederation.com\/en\/wp-json\/wp\/v2\/posts"}],"about":[{"href":"https:\/\/www.czechcyclingfederation.com\/en\/wp-json\/wp\/v2\/types\/post"}],"author":[{"embeddable":true,"href":"https:\/\/www.czechcyclingfederation.com\/en\/wp-json\/wp\/v2\/users\/8"}],"replies":[{"embeddable":true,"href":"https:\/\/www.czechcyclingfederation.com\/en\/wp-json\/wp\/v2\/comments?post=4733"}],"version-history":[{"count":1,"href":"https:\/\/www.czechcyclingfederation.com\/en\/wp-json\/wp\/v2\/posts\/4733\/revisions"}],"predecessor-version":[{"id":4738,"href":"https:\/\/www.czechcyclingfederation.com\/en\/wp-json\/wp\/v2\/posts\/4733\/revisions\/4738"}],"wp:featuredmedia":[{"embeddable":true,"href":"https:\/\/www.czechcyclingfederation.com\/en\/wp-json\/wp\/v2\/media\/4734"}],"wp:attachment":[{"href":"https:\/\/www.czechcyclingfederation.com\/en\/wp-json\/wp\/v2\/media?parent=4733"}],"wp:term":[{"taxonomy":"category","embeddable":true,"href":"https:\/\/www.czechcyclingfederation.com\/en\/wp-json\/wp\/v2\/categories?post=4733"},{"taxonomy":"post_tag","embeddable":true,"href":"https:\/\/www.czechcyclingfederation.com\/en\/wp-json\/wp\/v2\/tags?post=4733"}],"curies":[{"name":"wp","href":"https:\/\/api.w.org\/{rel}","templated":true}]}}