{"id":4730,"date":"2021-06-04T21:08:54","date_gmt":"2021-06-04T19:08:54","guid":{"rendered":"https:\/\/www.czechcyclingfederation.com\/?p=4730"},"modified":"2021-06-04T21:08:54","modified_gmt":"2021-06-04T19:08:54","slug":"schlegel-po-solu-vyhral-etapu-kolem-malopolska","status":"publish","type":"post","link":"https:\/\/www.czechcyclingfederation.com\/en\/schlegel-po-solu-vyhral-etapu-kolem-malopolska\/","title":{"rendered":"Schlegel po s\u00f3lu vyhr\u00e1l etapu Kolem Malopolska"},"content":{"rendered":"\n<p>Cyklist\u00e9 st\u00e1je Elkov Kasper vstoupili do z\u00e1vodu Okolo Malopolska skv\u011bl\u00fdm v\u00fdsledkem, kdy\u017e Michal Schlegel po samostatn\u00e9m s\u00f3lu prvn\u00ed etapu vyhr\u00e1l a obl\u00e9kl se do dresu vedouc\u00edho z\u00e1vodn\u00edka. Nav\u00edc na \u0161est\u00e9m m\u00edst\u011b dojel jeho odd\u00edlov\u00fd kolega Michal Otruba.<\/p>\n\n\n\n<p>Etapa m\u011b\u0159ila 124 kilometr\u016f a kon\u010dila 4,6 km dlouh\u00fdm stoup\u00e1n\u00edm s pr\u016fm\u011brn\u00fdm sklonem 5,8 procenta. V \u00favodu se peloton nah\u00e1n\u011bl a z\u00e1vodn\u00edci zkou\u0161eli, zda se poda\u0159\u00ed odjet do \u00faniku. K tomu do\u0161lo na t\u0159ic\u00e1t\u00e9m kilometru, kdy se odd\u011blila \u0161estice jezdc\u016f, kter\u00e1 n\u00e1skok dostala maxim\u00e1ln\u011b ke dv\u011bma minut\u00e1m.<\/p>\n\n\n\n<p>Peloton si v\u0161ak \u00fanik pohl\u00eddal a pod posledn\u00ed kopec u\u017e p\u0159ij\u00ed\u017ed\u011bl pohromad\u011b. \u201eV\u011bd\u011bli jsem, \u017ee se bude rozhodovat v z\u00e1v\u011bre\u010dn\u00e9m stoup\u00e1n\u00ed. Proto kdy\u017e jsme dojeli skupinu, tak jsem se jako cel\u00fd t\u00fdm dr\u017eeli na p\u0159edn\u00edch pozic\u00edch,\u201c popsal Michal Schlegel momenty p\u0159ed rozhoduj\u00edc\u00ed chv\u00edl\u00ed etapy.<\/p>\n\n\n\n<p>Se za\u010d\u00e1tkem se zv\u00fd\u0161ilo tempo a bylo jen ot\u00e1zkou \u010dasu, kdo prvn\u00ed nastoup\u00ed. Peloton v\u0161ak nakonec vydr\u017eel a\u017e do posledn\u00edho kilometru, kdy za\u00fato\u010dil Schlegel. \u201eDnes se mi jelo hodn\u011b dob\u0159e a cht\u011bl jsem za\u00fato\u010dit v posledn\u00edm kopci. Ta chv\u00edle p\u0159i\u0161la na posledn\u00edm kilometru, kdy jsem odjel s\u00e1m a i kdy\u017e se za mnou pokou\u0161eli dal\u0161\u00ed z\u00e1vodnici zav\u011bsit, tak na m\u011b u\u017e nikdo nesta\u010dil. Z prvn\u00edho m\u00edsta m\u00e1m ohromnou radost, ale rozhodovat se bude v ned\u011bln\u00ed etap\u011b,\u201c popsal pocity z v\u00edt\u011bzstv\u00ed Michal Schlegel.<\/p>\n\n\n\n<p>V\u00fdsledky:<\/p>\n\n\n\n<p>1. etapa:<\/p>\n\n\n\n<p>1. Schlegel (\u010cR) 3:16:05, 2. Stachowiak, 3. Cieslik oba +14, 4. Brozyna (v\u0161ichni Pol.) +16, 5. Quaedvlieg (Fr.), 6. Otruba oba +18, &#8230;10. Kukrle +26, 15. Camrda +31, 18. Jakoubek +35, 28. Honsa, 29. Tyrpekl oba +49, 36. \u0158eha, 37. Gruber oba +1:01, 55. Neuman (v\u0161ichni \u010cR) +2:06<\/p>\n\n\n\n<p>FOTO Elkov Kasper.<\/p>\n","protected":false},"excerpt":{"rendered":"<p>Cyklist\u00e9 st\u00e1je Elkov Kasper vstoupili do z\u00e1vodu Okolo Malopolska skv\u011bl\u00fdm v\u00fdsledkem, kdy\u017e Michal Schlegel po samostatn\u00e9m s\u00f3lu prvn\u00ed etapu vyhr\u00e1l a obl\u00e9kl se do dresu vedouc\u00edho z\u00e1vodn\u00edka. Nav\u00edc na \u0161est\u00e9m m\u00edst\u011b dojel jeho odd\u00edlov\u00fd kolega Michal Otruba. Etapa m\u011b\u0159ila 124 kilometr\u016f a kon\u010dila 4,6 km dlouh\u00fdm stoup\u00e1n\u00edm s pr\u016fm\u011brn\u00fdm sklonem 5,8 procenta. V \u00favodu se [&hellip;]<\/p>\n","protected":false},"author":8,"featured_media":4731,"comment_status":"closed","ping_status":"open","sticky":false,"template":"","format":"standard","meta":{"footnotes":""},"categories":[2,18],"tags":[11],"class_list":["post-4730","post","type-post","status-publish","format-standard","has-post-thumbnail","hentry","category-novinky","category-silnice","tag-silnice"],"_links":{"self":[{"href":"https:\/\/www.czechcyclingfederation.com\/en\/wp-json\/wp\/v2\/posts\/4730","targetHints":{"allow":["GET"]}}],"collection":[{"href":"https:\/\/www.czechcyclingfederation.com\/en\/wp-json\/wp\/v2\/posts"}],"about":[{"href":"https:\/\/www.czechcyclingfederation.com\/en\/wp-json\/wp\/v2\/types\/post"}],"author":[{"embeddable":true,"href":"https:\/\/www.czechcyclingfederation.com\/en\/wp-json\/wp\/v2\/users\/8"}],"replies":[{"embeddable":true,"href":"https:\/\/www.czechcyclingfederation.com\/en\/wp-json\/wp\/v2\/comments?post=4730"}],"version-history":[{"count":1,"href":"https:\/\/www.czechcyclingfederation.com\/en\/wp-json\/wp\/v2\/posts\/4730\/revisions"}],"predecessor-version":[{"id":4732,"href":"https:\/\/www.czechcyclingfederation.com\/en\/wp-json\/wp\/v2\/posts\/4730\/revisions\/4732"}],"wp:featuredmedia":[{"embeddable":true,"href":"https:\/\/www.czechcyclingfederation.com\/en\/wp-json\/wp\/v2\/media\/4731"}],"wp:attachment":[{"href":"https:\/\/www.czechcyclingfederation.com\/en\/wp-json\/wp\/v2\/media?parent=4730"}],"wp:term":[{"taxonomy":"category","embeddable":true,"href":"https:\/\/www.czechcyclingfederation.com\/en\/wp-json\/wp\/v2\/categories?post=4730"},{"taxonomy":"post_tag","embeddable":true,"href":"https:\/\/www.czechcyclingfederation.com\/en\/wp-json\/wp\/v2\/tags?post=4730"}],"curies":[{"name":"wp","href":"https:\/\/api.w.org\/{rel}","templated":true}]}}