{"id":4721,"date":"2021-06-04T20:45:57","date_gmt":"2021-06-04T18:45:57","guid":{"rendered":"https:\/\/www.czechcyclingfederation.com\/?p=4721"},"modified":"2021-06-04T20:45:57","modified_gmt":"2021-06-04T18:45:57","slug":"skvely-bittner-vyhral-prvni-etapu-zavodu-miru-u23","status":"publish","type":"post","link":"https:\/\/www.czechcyclingfederation.com\/en\/skvely-bittner-vyhral-prvni-etapu-zavodu-miru-u23\/","title":{"rendered":"Skv\u011bl\u00fd Bittner &#8211; vyhr\u00e1l prvn\u00ed etapu Z\u00e1vodu m\u00edru U23"},"content":{"rendered":"\n<p>Prvn\u00ed etapa Z\u00e1vodu m\u00edru U23 Grand Prix Jesen\u00edk pat\u0159ila mlad\u00fdm cyklist\u016fm v\u00a0\u010desk\u00fdch barv\u00e1ch. Ve spurtu cel\u00e9ho hlavn\u00edho pole osv\u011bd\u010dil svoji rychlost Pavel Bittner a c\u00edlovou p\u00e1skou projel zcela jasn\u011b na prvn\u00edm m\u00edst\u011b. V\u00a0celkov\u00e9 klasifikaci si veden\u00ed udr\u017eel v\u00edt\u011bz prologu Soren Warenskjolr z\u00a0Norska. Dnes skon\u010dil patn\u00e1ct\u00fd ve stejn\u00e9m \u010dase jako v\u00edt\u011bz a to mu sta\u010dilo k uh\u00e1jen\u00ed \u017elut\u00e9ho trikotu. Bittner se posunul na p\u00e1t\u00e9 m\u00edsto a obl\u00e9kl i zelen\u00fd trikot bodovac\u00ed sout\u011b\u017ee.<\/p>\n\n\n\n<p>Po velice \u00fasp\u011b\u0161n\u00e9m vystoupen\u00ed p\u0159ed t\u00fddnem na Grand Prix Orlen v&nbsp;Polsku, kde byl v prvn\u00ed etap\u011b t\u0159et\u00ed a stejn\u00e9 po\u0159ad\u00ed obsadil i v celkov\u00e9 klasifikaci si ve druh\u00e9m podniku N\u00b4Cupu p\u0159ipsal sv\u016fj \u017eivotn\u00ed \u00fasp\u011bch.<\/p>\n\n\n\n<p>&#8220;Jsem v t\u00e9to kategorii prvn\u00edm rokem a ur\u010dit\u011b je to m\u016fj nejv\u011bt\u0161\u00ed \u00fasp\u011bch, skok kup\u0159edu. Dne\u0161n\u00ed den je jako ve snu. M\u00e1m nyn\u00ed dobr\u00e9 obdob\u00ed a zlep\u0161uji se. Na \u010dele v z\u00e1v\u011bru bylo p\u011bt Nor\u016f a my jsme m\u011bli druh\u00fd vl\u00e1\u010dek. Bylo to trochu hektick\u00e9, ale taktika byla stanovena v z\u00e1v\u011bru na m\u011b a jsem \u0161\u0165astn\u00fd, \u017ee jsem nezklamal. V posledn\u00edch stovk\u00e1ch metr\u016f jsem byl na t\u0159et\u00ed pozici a za\u010dal spurtovat tak dv\u011b stovky metr\u016f p\u0159ed p\u00e1skou,&#8221; \u0159ekl v c\u00edli loni st\u0159\u00edbrn\u00fd na juniorsk\u00e9m mistrovstv\u00ed Evropy Pavel Bittner.<\/p>\n\n\n\n<p>Za l\u00eddra \u010desk\u00e9ho t\u00fdmu se v\u0161ak nepova\u017euje. \u201eV sobotu a ned\u011bli to bude v\u00edce o elitn\u00edch vrcha\u0159\u00edch. Kdy\u017e budu moci kluk\u016fm pomoci, tak ud\u011bl\u00e1m v\u0161e pro jejich \u00fasp\u011bch,&#8221; dodal. T\u011bmi, na n\u011b\u017e by m\u011bl v&nbsp;kopc\u00edch \u010desk\u00fd celek nejv\u00edce pol\u00e9hat, jsou Mathias Vacek a Petr Kelemen.&nbsp;<\/p>\n\n\n\n<p>Pr\u00e1v\u011b Kelemen byl dnes hodn\u011b aktivn\u00ed. V&nbsp;etap\u011b z Jesen\u00edku do R\u00fdma\u0159ova bodoval na dvou vrcha\u0159sk\u00fdch pr\u00e9mi\u00edch, v z\u00e1v\u011bre\u010dn\u00fdch okruz\u00edch okolo c\u00edlov\u00e9ho m\u011bsta byl v samostatn\u00e9m \u00faniku Vojt\u011bch \u0158epa a vyhr\u00e1l jednu sprinterskou pr\u00e9mii.<\/p>\n\n\n\n<p>&#8220;Kluci p\u0159edvedli skv\u011bl\u00fd taktick\u00fd v\u00fdkon. Byli vid\u011bt, jezdili aktivn\u011b a hlavn\u011b se poda\u0159ilo ud\u011blat z\u00e1v\u011br pro soupe\u0159e hodn\u011b t\u011b\u017ek\u00fd. T\u00edm, \u017ee museli st\u00edhat \u0158epu jsme my mohli po\u0161et\u0159it na spurt a Pavel v\u00fdkon v\u0161ech korunoval t\u00edm nejlep\u0161\u00edm zp\u016fsobem,&#8221; \u0159ekl reprezenta\u010dn\u00ed tren\u00e9r Tom\u00e1\u0161 Kone\u010dn\u00fd.<\/p>\n\n\n\n<p>V\u00fdsledky:<\/p>\n\n\n\n<p>1. etapa (Jesen\u00edk &#8211; R\u00fdma\u0159ov):<\/p>\n\n\n\n<p>1. Bittner (\u010cR) 3:15:36, 2. Krul (Niz.), 3. Barrenetxea (\u0160p.), 4. Kubi\u0161 (SR), 5. Lapeira (Fr.), 6. de Pooter (Belg.), &#8230;22. Petr Kelemen, 38. Bou\u010dek, 66. J. \u0164oupal\u00edk, 68. M. Vacek v\u0161ichni stejn\u00fd \u010das, 96. \u0158epa (v\u0161ichni \u010cR) +4:52.<\/p>\n\n\n\n<p>Po\u0159ad\u00ed po prvn\u00ed etap\u011b:<\/p>\n\n\n\n<p>1.Warenskjolr (Nor.) 3:19:37, 3. Krul +5, 3. Vauquelin (Fr.) +6, 4. Heissmann (N\u011bm.) +7, 5. Bittner +9, 6. Lapeira +9, &#8230;25. M. Vacek +17, 34. A. \u0164oupal\u00edk +19, 35. Petr Kelemen +20, 61. Bou\u010dek +26. 97. \u0158epa +5:11.<\/p>\n\n\n\n<p>FOTO Jan Brychta<\/p>\n\n\n\n<figure class=\"wp-block-image size-large\"><img loading=\"lazy\" decoding=\"async\" width=\"1024\" height=\"680\" src=\"http:\/\/www.czechcyclingfederation.com\/wp-content\/uploads\/2021\/06\/Bittner-DSC_0297-1-Brychta-1024x680.jpg\" alt=\"\" class=\"wp-image-4725\" srcset=\"https:\/\/www.czechcyclingfederation.com\/wp-content\/uploads\/2021\/06\/Bittner-DSC_0297-1-Brychta-1024x680.jpg 1024w, https:\/\/www.czechcyclingfederation.com\/wp-content\/uploads\/2021\/06\/Bittner-DSC_0297-1-Brychta-300x200.jpg 300w, https:\/\/www.czechcyclingfederation.com\/wp-content\/uploads\/2021\/06\/Bittner-DSC_0297-1-Brychta-768x510.jpg 768w, https:\/\/www.czechcyclingfederation.com\/wp-content\/uploads\/2021\/06\/Bittner-DSC_0297-1-Brychta-1536x1021.jpg 1536w, https:\/\/www.czechcyclingfederation.com\/wp-content\/uploads\/2021\/06\/Bittner-DSC_0297-1-Brychta-2048x1361.jpg 2048w, https:\/\/www.czechcyclingfederation.com\/wp-content\/uploads\/2021\/06\/Bittner-DSC_0297-1-Brychta-1320x877.jpg 1320w\" sizes=\"auto, (max-width: 1024px) 100vw, 1024px\" \/><\/figure>\n\n\n\n<figure class=\"wp-block-image size-large\"><img loading=\"lazy\" decoding=\"async\" width=\"1000\" height=\"665\" src=\"https:\/\/www.czechcyclingfederation.com\/wp-content\/uploads\/2021\/06\/CR-DSC_9724-Vacek.jpg\" alt=\"\" class=\"wp-image-4726\" srcset=\"https:\/\/www.czechcyclingfederation.com\/wp-content\/uploads\/2021\/06\/CR-DSC_9724-Vacek.jpg 1000w, https:\/\/www.czechcyclingfederation.com\/wp-content\/uploads\/2021\/06\/CR-DSC_9724-Vacek-300x200.jpg 300w, https:\/\/www.czechcyclingfederation.com\/wp-content\/uploads\/2021\/06\/CR-DSC_9724-Vacek-768x511.jpg 768w\" sizes=\"auto, (max-width: 1000px) 100vw, 1000px\" \/><\/figure>\n\n\n\n<figure class=\"wp-block-image size-large\"><img loading=\"lazy\" decoding=\"async\" width=\"1000\" height=\"668\" src=\"https:\/\/www.czechcyclingfederation.com\/wp-content\/uploads\/2021\/06\/ZM-DSC_7128-Brychta.jpg\" alt=\"\" class=\"wp-image-4727\" srcset=\"https:\/\/www.czechcyclingfederation.com\/wp-content\/uploads\/2021\/06\/ZM-DSC_7128-Brychta.jpg 1000w, https:\/\/www.czechcyclingfederation.com\/wp-content\/uploads\/2021\/06\/ZM-DSC_7128-Brychta-300x200.jpg 300w, https:\/\/www.czechcyclingfederation.com\/wp-content\/uploads\/2021\/06\/ZM-DSC_7128-Brychta-768x513.jpg 768w\" sizes=\"auto, (max-width: 1000px) 100vw, 1000px\" \/><\/figure>\n\n\n\n<figure class=\"wp-block-image size-large\"><img loading=\"lazy\" decoding=\"async\" width=\"1000\" height=\"665\" src=\"https:\/\/www.czechcyclingfederation.com\/wp-content\/uploads\/2021\/06\/Bittner-DSC_0297-1-Brychta-1.jpg\" alt=\"\" class=\"wp-image-4728\" srcset=\"https:\/\/www.czechcyclingfederation.com\/wp-content\/uploads\/2021\/06\/Bittner-DSC_0297-1-Brychta-1.jpg 1000w, https:\/\/www.czechcyclingfederation.com\/wp-content\/uploads\/2021\/06\/Bittner-DSC_0297-1-Brychta-1-300x200.jpg 300w, https:\/\/www.czechcyclingfederation.com\/wp-content\/uploads\/2021\/06\/Bittner-DSC_0297-1-Brychta-1-768x511.jpg 768w\" sizes=\"auto, (max-width: 1000px) 100vw, 1000px\" \/><\/figure>\n","protected":false},"excerpt":{"rendered":"<p>Prvn\u00ed etapa Z\u00e1vodu m\u00edru U23 Grand Prix Jesen\u00edk pat\u0159ila mlad\u00fdm cyklist\u016fm v\u00a0\u010desk\u00fdch barv\u00e1ch. Ve spurtu cel\u00e9ho hlavn\u00edho pole osv\u011bd\u010dil svoji rychlost Pavel Bittner a c\u00edlovou p\u00e1skou projel zcela jasn\u011b na prvn\u00edm m\u00edst\u011b. V\u00a0celkov\u00e9 klasifikaci si veden\u00ed udr\u017eel v\u00edt\u011bz prologu Soren Warenskjolr z\u00a0Norska. Dnes skon\u010dil patn\u00e1ct\u00fd ve stejn\u00e9m \u010dase jako v\u00edt\u011bz a to mu sta\u010dilo k [&hellip;]<\/p>\n","protected":false},"author":8,"featured_media":4724,"comment_status":"closed","ping_status":"open","sticky":false,"template":"","format":"standard","meta":{"footnotes":""},"categories":[2,18],"tags":[11],"class_list":["post-4721","post","type-post","status-publish","format-standard","has-post-thumbnail","hentry","category-novinky","category-silnice","tag-silnice"],"_links":{"self":[{"href":"https:\/\/www.czechcyclingfederation.com\/en\/wp-json\/wp\/v2\/posts\/4721","targetHints":{"allow":["GET"]}}],"collection":[{"href":"https:\/\/www.czechcyclingfederation.com\/en\/wp-json\/wp\/v2\/posts"}],"about":[{"href":"https:\/\/www.czechcyclingfederation.com\/en\/wp-json\/wp\/v2\/types\/post"}],"author":[{"embeddable":true,"href":"https:\/\/www.czechcyclingfederation.com\/en\/wp-json\/wp\/v2\/users\/8"}],"replies":[{"embeddable":true,"href":"https:\/\/www.czechcyclingfederation.com\/en\/wp-json\/wp\/v2\/comments?post=4721"}],"version-history":[{"count":1,"href":"https:\/\/www.czechcyclingfederation.com\/en\/wp-json\/wp\/v2\/posts\/4721\/revisions"}],"predecessor-version":[{"id":4729,"href":"https:\/\/www.czechcyclingfederation.com\/en\/wp-json\/wp\/v2\/posts\/4721\/revisions\/4729"}],"wp:featuredmedia":[{"embeddable":true,"href":"https:\/\/www.czechcyclingfederation.com\/en\/wp-json\/wp\/v2\/media\/4724"}],"wp:attachment":[{"href":"https:\/\/www.czechcyclingfederation.com\/en\/wp-json\/wp\/v2\/media?parent=4721"}],"wp:term":[{"taxonomy":"category","embeddable":true,"href":"https:\/\/www.czechcyclingfederation.com\/en\/wp-json\/wp\/v2\/categories?post=4721"},{"taxonomy":"post_tag","embeddable":true,"href":"https:\/\/www.czechcyclingfederation.com\/en\/wp-json\/wp\/v2\/tags?post=4721"}],"curies":[{"name":"wp","href":"https:\/\/api.w.org\/{rel}","templated":true}]}}