{"id":4671,"date":"2021-06-03T19:49:51","date_gmt":"2021-06-03T17:49:51","guid":{"rendered":"https:\/\/www.czechcyclingfederation.com\/?p=4671"},"modified":"2021-06-03T20:04:06","modified_gmt":"2021-06-03T18:04:06","slug":"prolog-zm-u23-vyhral-nor-warenskjod","status":"publish","type":"post","link":"https:\/\/www.czechcyclingfederation.com\/en\/prolog-zm-u23-vyhral-nor-warenskjod\/","title":{"rendered":"Prolog ZM U23 vyhr\u00e1l Nor Warenskjod"},"content":{"rendered":"\n<p>\u00davodn\u00ed prolog na 3,4 kilometru leto\u0161n\u00edho Z\u00e1vodu m\u00edru U23 Grand Prix Jesen\u00edk vyhr\u00e1l norsk\u00fd jezdec Soren Warenskjod. Tra\u0165 v Jesen\u00edku absolvoval v \u010dase 4:01 a druh\u00e9ho v&nbsp;po\u0159ad\u00ed \u0160v\u00fdcara Alexe Vogela zdolal o p\u011bt vte\u0159in, o dal\u0161\u00ed dv\u011b vte\u0159iny byl pomalej\u0161\u00ed t\u0159et\u00ed K\u00e9vin Vauquerlin z Francie. Z&nbsp;na\u0161ich mlad\u00edk\u016f byl nejrychlej\u0161\u00ed na 28. m\u00edst\u011b Mathias Vacek, kter\u00fd zaostal za v\u00edt\u011bzem o 16 vte\u0159in.<\/p>\n\n\n\n<p>Po z\u00e1vodu GP Orlen v&nbsp;Polsku minul\u00fd t\u00fdden je \u010dek\u00fd podnik druh\u00fdm d\u00edlem N\u00b4Cupu Mezin\u00e1rodn\u00ed cyklistick\u00e9 unie (UCI). Na jeho startu se se\u0161lo devaten\u00e1ct reprezenta\u010dn\u00edch v\u00fdb\u011br\u016f. Jako jeden\u00e1ct\u00fd v po\u0159ad\u00ed se vydal vst\u0159\u00edc prvn\u00edm kilometr\u016f Vogel a jeho \u010das v\u00e9vodil v\u00fdsledkov\u00e9 listin\u011b prakticky a\u017e do sam\u00e9ho z\u00e1v\u011bru. Teprve \u010dtvrt\u00fd od konce se na start postavil Warenskjod a byl to a\u017e on, kdo jej vyst\u0159\u00eddal na prvn\u00edm m\u00edst\u011b a do z\u00edt\u0159ej\u0161\u00ed etapy tak nastoup\u00ed v &#8230;.trikotu pro vedouc\u00edho jezdce celkov\u00e9 klasifikace. O p\u016fl minuty za n\u00edm startoval Pavel Bittner, ale v c\u00edli za n\u00edm zaostal o 18 vte\u0159in.<\/p>\n\n\n\n<p>&#8220;V\u010dera jsme si projeli tra\u0165, aby si ji kluci vyzkou\u0161eli a dnes zbyte\u010dn\u011b n\u011bkde neriskovali a nepotkal je p\u00e1d. Z\u00e1vod se zde rozhoduje n\u011bkde jinde ne\u017e v prologu. Takov\u00fdto prolog je to pot\u0159eba jet na hranici rizika, ale my chceme z\u00e1vodit hlavn\u011b v dal\u0161\u00edch t\u0159ech dnes a chceme vyhr\u00e1t etapu a dnes jsme to brali na rozjet\u00ed. Odstupy nic neznamenaj\u00ed, \u010dekaj\u00ed n\u00e1s dvakr\u00e1t Dlouh\u00e9 Str\u00e1n\u011b a tak to bude o minut\u00e1ch. A \u017ee byl nejrychlej\u0161\u00ed Mathias m\u011b nep\u0159ekvapuje, je to p\u0159ece juniorsk\u00fd mistr Evropy. M\u00e1 p\u0159edpoklady, ale dnes to vlastn\u011b \u010dasovka nebyla, byl to prolog pro sprintery \u010di dr\u00e1ha\u0159e,&#8221; zhodnotil prolog \u010desk\u00fd reprezenta\u010dn\u00ed tren\u00e9r Tom\u00e1\u0161 Kone\u010dn\u00fd.<\/p>\n\n\n\n<p>V\u00fdsledky:<\/p>\n\n\n\n<p>Prolog (3,4 km):<\/p>\n\n\n\n<p>1.Warenskjod (Nor.) 4:01, 2. Vogel (\u0160v\u00fdc.) +5, 3. Vauquelin +7, 4. Lapeira (oba Fr.) +9, 5. Heissmann (N\u011bm.) +9, 6. Price-Petjersen (D\u00e1n.) +9, &#8230;28. M. Vacek +16, 38. Bittner +18, 39. J. \u0164oupal\u00edk +18, 42. Petr Kelemen +20, 51. \u0158epa +21, 73. Bou\u010dek (v\u0161ichni \u010cR) +26. <\/p>\n\n\n\n<p>FOTO Mark\u00e9ta Navr\u00e1tilov\u00e1, Jan Brychta<\/p>\n\n\n\n<figure class=\"wp-block-image size-large\"><img loading=\"lazy\" decoding=\"async\" width=\"1024\" height=\"682\" src=\"https:\/\/www.czechcyclingfederation.com\/wp-content\/uploads\/2021\/06\/Vitez-_93Q1921_winner_low-Navratilova-1024x682.jpeg\" alt=\"\" class=\"wp-image-4673\" srcset=\"https:\/\/www.czechcyclingfederation.com\/wp-content\/uploads\/2021\/06\/Vitez-_93Q1921_winner_low-Navratilova-1024x682.jpeg 1024w, https:\/\/www.czechcyclingfederation.com\/wp-content\/uploads\/2021\/06\/Vitez-_93Q1921_winner_low-Navratilova-300x200.jpeg 300w, https:\/\/www.czechcyclingfederation.com\/wp-content\/uploads\/2021\/06\/Vitez-_93Q1921_winner_low-Navratilova-768x512.jpeg 768w, https:\/\/www.czechcyclingfederation.com\/wp-content\/uploads\/2021\/06\/Vitez-_93Q1921_winner_low-Navratilova.jpeg 1280w\" sizes=\"auto, (max-width: 1024px) 100vw, 1024px\" \/><\/figure>\n\n\n\n<figure class=\"wp-block-image size-large\"><img loading=\"lazy\" decoding=\"async\" width=\"1024\" height=\"682\" src=\"https:\/\/www.czechcyclingfederation.com\/wp-content\/uploads\/2021\/06\/Podium-0I4A8951_low-Navratilova-1024x682.jpeg\" alt=\"\" class=\"wp-image-4674\" srcset=\"https:\/\/www.czechcyclingfederation.com\/wp-content\/uploads\/2021\/06\/Podium-0I4A8951_low-Navratilova-1024x682.jpeg 1024w, https:\/\/www.czechcyclingfederation.com\/wp-content\/uploads\/2021\/06\/Podium-0I4A8951_low-Navratilova-300x200.jpeg 300w, https:\/\/www.czechcyclingfederation.com\/wp-content\/uploads\/2021\/06\/Podium-0I4A8951_low-Navratilova-768x512.jpeg 768w, https:\/\/www.czechcyclingfederation.com\/wp-content\/uploads\/2021\/06\/Podium-0I4A8951_low-Navratilova.jpeg 1280w\" sizes=\"auto, (max-width: 1024px) 100vw, 1024px\" \/><\/figure>\n\n\n\n<figure class=\"wp-block-image size-large\"><img loading=\"lazy\" decoding=\"async\" width=\"1024\" height=\"681\" src=\"https:\/\/www.czechcyclingfederation.com\/wp-content\/uploads\/2021\/06\/BrychtaJan_ZMU23_20210603_18260707_DSC_9391_result-stupne-1024x681.jpg\" alt=\"\" class=\"wp-image-4676\" srcset=\"https:\/\/www.czechcyclingfederation.com\/wp-content\/uploads\/2021\/06\/BrychtaJan_ZMU23_20210603_18260707_DSC_9391_result-stupne-1024x681.jpg 1024w, https:\/\/www.czechcyclingfederation.com\/wp-content\/uploads\/2021\/06\/BrychtaJan_ZMU23_20210603_18260707_DSC_9391_result-stupne-300x200.jpg 300w, https:\/\/www.czechcyclingfederation.com\/wp-content\/uploads\/2021\/06\/BrychtaJan_ZMU23_20210603_18260707_DSC_9391_result-stupne-768x511.jpg 768w, https:\/\/www.czechcyclingfederation.com\/wp-content\/uploads\/2021\/06\/BrychtaJan_ZMU23_20210603_18260707_DSC_9391_result-stupne-1536x1022.jpg 1536w, https:\/\/www.czechcyclingfederation.com\/wp-content\/uploads\/2021\/06\/BrychtaJan_ZMU23_20210603_18260707_DSC_9391_result-stupne-1320x878.jpg 1320w, https:\/\/www.czechcyclingfederation.com\/wp-content\/uploads\/2021\/06\/BrychtaJan_ZMU23_20210603_18260707_DSC_9391_result-stupne.jpg 2000w\" sizes=\"auto, (max-width: 1024px) 100vw, 1024px\" \/><\/figure>\n\n\n\n<figure class=\"wp-block-image size-large\"><img loading=\"lazy\" decoding=\"async\" width=\"1024\" height=\"681\" src=\"https:\/\/www.czechcyclingfederation.com\/wp-content\/uploads\/2021\/06\/BrychtaJan_ZMU23_20210603_18335656_DSC_9441_result-trikoty-1024x681.jpg\" alt=\"\" class=\"wp-image-4677\" srcset=\"https:\/\/www.czechcyclingfederation.com\/wp-content\/uploads\/2021\/06\/BrychtaJan_ZMU23_20210603_18335656_DSC_9441_result-trikoty-1024x681.jpg 1024w, https:\/\/www.czechcyclingfederation.com\/wp-content\/uploads\/2021\/06\/BrychtaJan_ZMU23_20210603_18335656_DSC_9441_result-trikoty-300x200.jpg 300w, https:\/\/www.czechcyclingfederation.com\/wp-content\/uploads\/2021\/06\/BrychtaJan_ZMU23_20210603_18335656_DSC_9441_result-trikoty-768x511.jpg 768w, https:\/\/www.czechcyclingfederation.com\/wp-content\/uploads\/2021\/06\/BrychtaJan_ZMU23_20210603_18335656_DSC_9441_result-trikoty-1536x1022.jpg 1536w, https:\/\/www.czechcyclingfederation.com\/wp-content\/uploads\/2021\/06\/BrychtaJan_ZMU23_20210603_18335656_DSC_9441_result-trikoty-1320x878.jpg 1320w, https:\/\/www.czechcyclingfederation.com\/wp-content\/uploads\/2021\/06\/BrychtaJan_ZMU23_20210603_18335656_DSC_9441_result-trikoty.jpg 2000w\" sizes=\"auto, (max-width: 1024px) 100vw, 1024px\" \/><\/figure>\n","protected":false},"excerpt":{"rendered":"<p>\u00davodn\u00ed prolog na 3,4 kilometru leto\u0161n\u00edho Z\u00e1vodu m\u00edru U23 Grand Prix Jesen\u00edk vyhr\u00e1l norsk\u00fd jezdec Soren Warenskjod. Tra\u0165 v Jesen\u00edku absolvoval v \u010dase 4:01 a druh\u00e9ho v&nbsp;po\u0159ad\u00ed \u0160v\u00fdcara Alexe Vogela zdolal o p\u011bt vte\u0159in, o dal\u0161\u00ed dv\u011b vte\u0159iny byl pomalej\u0161\u00ed t\u0159et\u00ed K\u00e9vin Vauquerlin z Francie. Z&nbsp;na\u0161ich mlad\u00edk\u016f byl nejrychlej\u0161\u00ed na 28. m\u00edst\u011b Mathias Vacek, kter\u00fd [&hellip;]<\/p>\n","protected":false},"author":8,"featured_media":4672,"comment_status":"closed","ping_status":"open","sticky":false,"template":"","format":"standard","meta":{"footnotes":""},"categories":[2,18],"tags":[11],"class_list":["post-4671","post","type-post","status-publish","format-standard","has-post-thumbnail","hentry","category-novinky","category-silnice","tag-silnice"],"_links":{"self":[{"href":"https:\/\/www.czechcyclingfederation.com\/en\/wp-json\/wp\/v2\/posts\/4671","targetHints":{"allow":["GET"]}}],"collection":[{"href":"https:\/\/www.czechcyclingfederation.com\/en\/wp-json\/wp\/v2\/posts"}],"about":[{"href":"https:\/\/www.czechcyclingfederation.com\/en\/wp-json\/wp\/v2\/types\/post"}],"author":[{"embeddable":true,"href":"https:\/\/www.czechcyclingfederation.com\/en\/wp-json\/wp\/v2\/users\/8"}],"replies":[{"embeddable":true,"href":"https:\/\/www.czechcyclingfederation.com\/en\/wp-json\/wp\/v2\/comments?post=4671"}],"version-history":[{"count":2,"href":"https:\/\/www.czechcyclingfederation.com\/en\/wp-json\/wp\/v2\/posts\/4671\/revisions"}],"predecessor-version":[{"id":4678,"href":"https:\/\/www.czechcyclingfederation.com\/en\/wp-json\/wp\/v2\/posts\/4671\/revisions\/4678"}],"wp:featuredmedia":[{"embeddable":true,"href":"https:\/\/www.czechcyclingfederation.com\/en\/wp-json\/wp\/v2\/media\/4672"}],"wp:attachment":[{"href":"https:\/\/www.czechcyclingfederation.com\/en\/wp-json\/wp\/v2\/media?parent=4671"}],"wp:term":[{"taxonomy":"category","embeddable":true,"href":"https:\/\/www.czechcyclingfederation.com\/en\/wp-json\/wp\/v2\/categories?post=4671"},{"taxonomy":"post_tag","embeddable":true,"href":"https:\/\/www.czechcyclingfederation.com\/en\/wp-json\/wp\/v2\/tags?post=4671"}],"curies":[{"name":"wp","href":"https:\/\/api.w.org\/{rel}","templated":true}]}}