{"id":4660,"date":"2021-06-03T16:05:56","date_gmt":"2021-06-03T14:05:56","guid":{"rendered":"https:\/\/www.czechcyclingfederation.com\/?p=4660"},"modified":"2021-06-03T22:50:17","modified_gmt":"2021-06-03T20:50:17","slug":"cesky-svaz-cyklistiky-povede-i-nadale-petr-marek","status":"publish","type":"post","link":"https:\/\/www.czechcyclingfederation.com\/en\/cesky-svaz-cyklistiky-povede-i-nadale-petr-marek\/","title":{"rendered":"\u010cesk\u00fd svaz cyklistiky povede i nad\u00e1le Petr Marek"},"content":{"rendered":"\n<p>S&nbsp;p\u016flro\u010dn\u00edm zpo\u017ed\u011bn\u00edm, zavin\u011bn\u00fdm koronavirovou pandemi\u00ed, se dnes v&nbsp;Praze uskute\u010dnila \u0159\u00e1dn\u00e1 valn\u00e1 hromada \u010cesk\u00e9ho svazu cyklistiky. Ta si p\u0159edev\u0161\u00edm zvolila nov\u00e9 veden\u00ed, l\u00e9pe \u0159e\u010deno staronov\u00e9. V&nbsp;dal\u0161\u00edm volebn\u00edm obdob\u00ed povede&nbsp; \u010cSC i nad\u00e1le jako prezident Petr Marek.<\/p>\n\n\n\n<p>&nbsp;Ten ve sv\u00e9m hodnot\u00edc\u00edm projevu minul\u00e9ho obdob\u00ed zd\u016fraznil, \u017ee pandemie poznamenala tr\u00e9ninkov\u00fd proces profesion\u00e1ln\u00edch, ale i v\u0161ech v\u00fdkonnostn\u00edch cyklist\u016f. Slo\u017eit\u00fd byl n\u00e1bor d\u011bt\u00ed, ale pod\u011bkoval v\u0161em, kdo alespo\u0148 z&nbsp;\u010d\u00e1sti dok\u00e1zal organizovat z\u00e1vody a sout\u011b\u017ee. \u201eVznikla N\u00e1rodn\u00ed sportovn\u00ed agentura a m\u00e1me s n\u00ed dobr\u00e9 kontakty a v\u011b\u0159\u00edme, \u017ee je udr\u017e\u00edme i s nov\u00fdm veden\u00edm,\u201c zd\u016fraznil a pouk\u00e1zal na pot\u0159ebu zv\u00fd\u0161it \u010dlenskou z\u00e1kladnu, co\u017e je d\u016fle\u017eit\u00e9 pro z\u00edsk\u00e1v\u00e1n\u00ed prost\u0159edk\u016f na sport i investice.<\/p>\n\n\n\n<p>V&nbsp;oblasti ekonomiky podle zpr\u00e1vy ekonomick\u00e9ho viceprezidenta Slavom\u00edra Svobody v&nbsp;lo\u0148sk\u00e9m roce hospoda\u0159il svaz \u00fasp\u011b\u0161n\u011b, bez probl\u00e9m\u016f se poda\u0159ilo&nbsp; dodr\u017eet rozpo\u010det. Krom\u011b st\u00e1tn\u00edch pen\u011bz z\u00e1vis\u00ed \u010dinnost \u010cSC i na sponzorstv\u00ed. \u201eM\u00e1me velmi siln\u00e9ho partnera \u0160KODA AUTO a pracujeme na z\u00edsk\u00e1n\u00ed dal\u0161\u00edch, siln\u00fdch partner\u016f. Aby se je da\u0159ilo z\u00edsk\u00e1vat, tak pot\u0159ebujeme dobr\u00e9 v\u00fdsledky a po\u0159\u00e1d\u00e1n\u00ed velk\u00fdch akc\u00ed jako MS, ME \u010di Sv\u011btov\u00e9 poh\u00e1ry \u2013 to se da\u0159\u00ed v MTB, cyklokrosu, BMX a s\u00e1lov\u00e9 cyklistice, k&nbsp;dobr\u00e9mu jm\u00e9nu svazu p\u0159isp\u00edvaj\u00ed i Z\u00e1vod m\u00edru junior\u016f a Z\u00e1vod m\u00edru U23. St\u00e1le usilujeme o v\u00fdstavbu alespo\u0148 jednoho velodromu. Velice slibn\u011b se vyv\u00edj\u00ed jedn\u00e1n\u00ed v Brn\u011b, ale jedn\u00e1me tak\u00e9 v Praze. C\u00edlem je vybudovat dva funk\u010dn\u00ed velodromy,\u201c zd\u016fraznil Marek.<\/p>\n\n\n\n<p>Ve sv\u00e9 \u0159e\u010di pouk\u00e1zal i na dob\u0159e funguj\u00edc\u00ed strukturu sportovn\u00edch center, po sportovn\u00ed str\u00e1nce zhodnotil lo\u0148sk\u00fd rok jako velmi \u00fasp\u011b\u0161n\u00fd, kdy\u017e pouk\u00e1zal, \u017ee i v tak nelehk\u00e9 dob\u011b \u010de\u0161t\u00ed cyklist\u00e9 vybojovali dev\u011bt medail\u00ed na ME a dv\u011b na mistrovstv\u00ed sv\u011bta, a pouk\u00e1zal na nutnost co nejlep\u0161\u00edch podm\u00ednek sportovc\u016f pro olympijsk\u00e9 hry v\u00a0Tokiu.<\/p>\n\n\n\n<p>Za nejd\u016fle\u017eit\u011bj\u0161\u00ed body program nadch\u00e1zej\u00edc\u00edho obdob\u00ed ozna\u010dil zv\u00fd\u0161en\u00ed \u010dlensk\u00e9 z\u00e1kladny, zlep\u0161en\u00ed \u00farovn\u011b reprezentace, zkvalitn\u011bn\u00ed sout\u011b\u017e\u00ed, \u0161kolen\u00ed tren\u00e9r\u016f,&nbsp; dal\u0161\u00ed rozvoj sportovn\u00edch center, po\u0159\u00e1d\u00e1n\u00ed mezin\u00e1rodn\u00edch akc\u00ed, prohlouben\u00ed fenomenu kola po v\u0161echny a v&nbsp;neposledn\u00ed \u0159ad\u011b v\u00fdstavbu velodrom\u016f.<\/p>\n\n\n\n<p>P\u0159i volb\u011b prezidenta z&nbsp;55 opr\u00e1vn\u011bn\u00fdch voli\u010d\u016f dostal Petr Marek 52 hlas\u016f a p\u0159i volb\u011b \u0161esti \u010dlen\u016f do v\u00fdkonn\u00e9ho v\u00fdboru \u010cSC usp\u011bli Petr Balogh, Josef Dloho\u0161, Ji\u0159\u00ed Je\u017eek, Pavel Petrovsk\u00fd, Slavom\u00edr Svoboda a Viktor Zapletal. Spolu s&nbsp;nimi budou ve VV p\u0159edsedov\u00e9 14 krajsk\u00fdch svaz\u016f a prezident Marek. Na prvn\u00edm zased\u00e1n\u00ed VV bylo zvoleno prezidium \u010cSC &#8211; viceprezidentem pro sport se stal David Pr\u016f\u0161a, Slavom\u00edr Svoboda byl op\u011bt zvolen viceprezidentem pro ekonomiku. Dal\u0161\u00edmi \u010dleny tohoto org\u00e1nu byli zvoleni Lud\u011bk Teleck\u00fd, Petr \u0160r\u00e1mek, Petr Balogh a Josef Dloho\u0161.<\/p>\n\n\n\n<p>V\u00a0z\u00e1v\u011bru jedn\u00e1n\u00ed se deleg\u00e1ti shodli i na zm\u011bn\u011b stanov. Byl zalo\u017een pobo\u010dn\u00fd spolek, jeho\u017e \u00fakolem bude sdru\u017eovat \u0161irokou cyklistickou obec, pro kterou bude p\u0159ipraven bonusov\u00fd syst\u00e9m \u010dlenstv\u00ed nap\u0159. v podob\u011b r\u016fzn\u00fdch druh\u016f poji\u0161t\u011bn\u00ed zam\u011b\u0159en\u00fdch na tuto c\u00edlovou skupinu, syst\u00e9m slevov\u00fdch kup\u00f3n\u016f a dal\u0161\u00edch benefit\u016f.<\/p>\n\n\n\n<figure class=\"wp-block-image size-large\"><img loading=\"lazy\" decoding=\"async\" width=\"682\" height=\"1024\" src=\"http:\/\/www.czechcyclingfederation.com\/wp-content\/uploads\/2021\/06\/Marek-Petr-682x1024.jpg\" alt=\"\" class=\"wp-image-4709\" srcset=\"https:\/\/www.czechcyclingfederation.com\/wp-content\/uploads\/2021\/06\/Marek-Petr-682x1024.jpg 682w, https:\/\/www.czechcyclingfederation.com\/wp-content\/uploads\/2021\/06\/Marek-Petr-133x200.jpg 133w, https:\/\/www.czechcyclingfederation.com\/wp-content\/uploads\/2021\/06\/Marek-Petr-768x1152.jpg 768w, https:\/\/www.czechcyclingfederation.com\/wp-content\/uploads\/2021\/06\/Marek-Petr-1024x1536.jpg 1024w, https:\/\/www.czechcyclingfederation.com\/wp-content\/uploads\/2021\/06\/Marek-Petr-1365x2048.jpg 1365w, https:\/\/www.czechcyclingfederation.com\/wp-content\/uploads\/2021\/06\/Marek-Petr-1320x1981.jpg 1320w, https:\/\/www.czechcyclingfederation.com\/wp-content\/uploads\/2021\/06\/Marek-Petr.jpg 1632w\" sizes=\"auto, (max-width: 682px) 100vw, 682px\" \/><\/figure>\n\n\n\n<figure class=\"wp-block-image size-large is-resized\"><img loading=\"lazy\" decoding=\"async\" src=\"http:\/\/www.czechcyclingfederation.com\/wp-content\/uploads\/2020\/04\/unnamed-3.jpg\" alt=\"\" class=\"wp-image-436\" width=\"721\" height=\"503\"\/><\/figure>\n\n\n\n<figure class=\"wp-block-image size-large\"><img loading=\"lazy\" decoding=\"async\" width=\"1024\" height=\"683\" src=\"https:\/\/www.czechcyclingfederation.com\/wp-content\/uploads\/2021\/06\/IMG_0067-1024x683.jpg\" alt=\"\" class=\"wp-image-4665\" srcset=\"https:\/\/www.czechcyclingfederation.com\/wp-content\/uploads\/2021\/06\/IMG_0067-1024x683.jpg 1024w, https:\/\/www.czechcyclingfederation.com\/wp-content\/uploads\/2021\/06\/IMG_0067-300x200.jpg 300w, https:\/\/www.czechcyclingfederation.com\/wp-content\/uploads\/2021\/06\/IMG_0067-768x512.jpg 768w, https:\/\/www.czechcyclingfederation.com\/wp-content\/uploads\/2021\/06\/IMG_0067-1536x1024.jpg 1536w, https:\/\/www.czechcyclingfederation.com\/wp-content\/uploads\/2021\/06\/IMG_0067-2048x1365.jpg 2048w, https:\/\/www.czechcyclingfederation.com\/wp-content\/uploads\/2021\/06\/IMG_0067-1320x880.jpg 1320w\" sizes=\"auto, (max-width: 1024px) 100vw, 1024px\" \/><\/figure>\n","protected":false},"excerpt":{"rendered":"<p>S&nbsp;p\u016flro\u010dn\u00edm zpo\u017ed\u011bn\u00edm, zavin\u011bn\u00fdm koronavirovou pandemi\u00ed, se dnes v&nbsp;Praze uskute\u010dnila \u0159\u00e1dn\u00e1 valn\u00e1 hromada \u010cesk\u00e9ho svazu cyklistiky. Ta si p\u0159edev\u0161\u00edm zvolila nov\u00e9 veden\u00ed, l\u00e9pe \u0159e\u010deno staronov\u00e9. V&nbsp;dal\u0161\u00edm volebn\u00edm obdob\u00ed povede&nbsp; \u010cSC i nad\u00e1le jako prezident Petr Marek. &nbsp;Ten ve sv\u00e9m hodnot\u00edc\u00edm projevu minul\u00e9ho obdob\u00ed zd\u016fraznil, \u017ee pandemie poznamenala tr\u00e9ninkov\u00fd proces profesion\u00e1ln\u00edch, ale i v\u0161ech v\u00fdkonnostn\u00edch cyklist\u016f. Slo\u017eit\u00fd [&hellip;]<\/p>\n","protected":false},"author":8,"featured_media":4711,"comment_status":"closed","ping_status":"open","sticky":false,"template":"","format":"standard","meta":{"footnotes":""},"categories":[2,65],"tags":[119],"class_list":["post-4660","post","type-post","status-publish","format-standard","has-post-thumbnail","hentry","category-novinky","category-subdisciplina","tag-csc"],"_links":{"self":[{"href":"https:\/\/www.czechcyclingfederation.com\/en\/wp-json\/wp\/v2\/posts\/4660","targetHints":{"allow":["GET"]}}],"collection":[{"href":"https:\/\/www.czechcyclingfederation.com\/en\/wp-json\/wp\/v2\/posts"}],"about":[{"href":"https:\/\/www.czechcyclingfederation.com\/en\/wp-json\/wp\/v2\/types\/post"}],"author":[{"embeddable":true,"href":"https:\/\/www.czechcyclingfederation.com\/en\/wp-json\/wp\/v2\/users\/8"}],"replies":[{"embeddable":true,"href":"https:\/\/www.czechcyclingfederation.com\/en\/wp-json\/wp\/v2\/comments?post=4660"}],"version-history":[{"count":11,"href":"https:\/\/www.czechcyclingfederation.com\/en\/wp-json\/wp\/v2\/posts\/4660\/revisions"}],"predecessor-version":[{"id":4712,"href":"https:\/\/www.czechcyclingfederation.com\/en\/wp-json\/wp\/v2\/posts\/4660\/revisions\/4712"}],"wp:featuredmedia":[{"embeddable":true,"href":"https:\/\/www.czechcyclingfederation.com\/en\/wp-json\/wp\/v2\/media\/4711"}],"wp:attachment":[{"href":"https:\/\/www.czechcyclingfederation.com\/en\/wp-json\/wp\/v2\/media?parent=4660"}],"wp:term":[{"taxonomy":"category","embeddable":true,"href":"https:\/\/www.czechcyclingfederation.com\/en\/wp-json\/wp\/v2\/categories?post=4660"},{"taxonomy":"post_tag","embeddable":true,"href":"https:\/\/www.czechcyclingfederation.com\/en\/wp-json\/wp\/v2\/tags?post=4660"}],"curies":[{"name":"wp","href":"https:\/\/api.w.org\/{rel}","templated":true}]}}