{"id":4636,"date":"2021-06-01T09:11:40","date_gmt":"2021-06-01T07:11:40","guid":{"rendered":"https:\/\/www.czechcyclingfederation.com\/?p=4636"},"modified":"2021-06-01T15:44:15","modified_gmt":"2021-06-01T13:44:15","slug":"o-vikendu-pokracuji-techniserv-cup-a-carla-liga","status":"publish","type":"post","link":"https:\/\/www.czechcyclingfederation.com\/en\/o-vikendu-pokracuji-techniserv-cup-a-carla-liga\/","title":{"rendered":"O v\u00edkendu pokra\u010duj\u00ed Techniserv Cup a Carla kriterijn\u00ed liga"},"content":{"rendered":"\n<p>Dva z\u00e1vody op\u011bt \u010dekaj\u00ed mlad\u00e9 \u010desk\u00e9 silni\u010d\u00e1\u0159e a \u017eeny. V sobotu 5. \u010dervna se uskute\u010dn\u00ed Carla kriterijn\u00ed liga v B\u011blkovic\u00edch-La\u0161\u0165anech a v ned\u011bli pak druh\u00fd z\u00e1vod Techniserv Cupu ve Star\u00e9m Ji\u010d\u00edn\u011b. A oba z\u00e1vody se uskute\u010dn\u00ed v\u010detn\u011b \u017e\u00e1kovsk\u00fdch kategori\u00ed.<\/p>\n\n\n\n<p>Organiz\u00e1to\u0159i upozor\u0148uj\u00ed, \u017ee startovn\u00ed \u010d\u00edsla a \u010dipy ze soboty nez\u016fst\u00e1vaj\u00ed i na ned\u011bln\u00ed z\u00e1vod.<\/p>\n\n\n\n<p>Pochopiteln\u011b st\u00e1le plat\u00ed p\u0159\u00edsn\u00e1 hygienick\u00e1 opat\u0159en\u00ed v souvislost\u00ed s koronavirvou pandemi\u00ed, to znamen\u00e1, \u017ee je nutn\u00e9 p\u0159i prezentaci dolo\u017eit vypln\u011bn\u00fd Covid Selfreport, kter\u00fd je v p\u0159\u00edloze.<\/p>\n\n\n\n<p>A z\u00e1rove\u0148 s n\u00edm se mus\u00ed ka\u017ed\u00fd \u00fa\u010dastn\u00edk prok\u00e1zat jednou z n\u00e1sleduj\u00edc\u00edch mo\u017enost\u00ed:<\/p>\n\n\n\n<p>&#8211; Negativn\u00ed RT-PRC test, kter\u00fd jsem absolvoval\/a nejd\u00e9le 7 dn\u016f p\u0159ed za\u010d\u00e1tkem akce<\/p>\n\n\n\n<p>&#8211; Negativn\u00ed antigen\u00ed test, kter\u00fd jsem absolvoval\/a nejd\u00e9le 72h p\u0159ed za\u010d\u00e1tkem akce<\/p>\n\n\n\n<p>&#8211; Certifik\u00e1t od MZdr o ukon\u010den\u00e9m o\u010dkov\u00e1n\u00ed a od aplikace druh\u00e9 d\u00e1vky v p\u0159\u00edpad\u011b dvoud\u00e1vkov\u00e9ho sch\u00e9matu uplynulo nejm\u00e9n\u011b 14 dn\u00ed nebo 21 dn\u00ed od prvn\u00ed aplikace<\/p>\n\n\n\n<p>&#8211; Potvrzen\u00ed o onemocn\u011bn\u00ed COVID-19, p\u0159i\u010dem\u017e uplynula u n\u011bj doba izolace podle platn\u00e9ho mimo\u0159\u00e1dn\u00e9ho opat\u0159en\u00ed Ministerstva zdravotnictv\u00ed a od prvn\u00edho pozitivn\u00edho POC antigenn\u00edho testu na p\u0159\u00edtomnost antigenu viru SARS CoV-2 nebo RT-PCR testu na p\u0159\u00edtomnost viru SARS-CoV-2 neuplynulo v\u00edce ne\u017e 180 dn\u00ed.<\/p>\n\n\n<div class=\"wp-block-file\">\r\n                <a target=\"_blank\" rel=\"noopener\" href=\"https:\/\/www.czechcyclingfederation.com\/wp-content\/uploads\/2021\/06\/CSC_SelfReportingForm_COVID19.docx\" class=\"wp-block-file__button wp-element-button\">\r\n                    <span class=\"wp-block-file__icon\"><\/span>\r\n                    CSC_SelfReportingForm_COVID19\r\n                <\/a>\r\n            <\/div>","protected":false},"excerpt":{"rendered":"<p>Dva z\u00e1vody op\u011bt \u010dekaj\u00ed mlad\u00e9 \u010desk\u00e9 silni\u010d\u00e1\u0159e a \u017eeny. V sobotu 5. \u010dervna se uskute\u010dn\u00ed Carla kriterijn\u00ed liga v B\u011blkovic\u00edch-La\u0161\u0165anech a v ned\u011bli pak druh\u00fd z\u00e1vod Techniserv Cupu ve Star\u00e9m Ji\u010d\u00edn\u011b. A oba z\u00e1vody se uskute\u010dn\u00ed v\u010detn\u011b \u017e\u00e1kovsk\u00fdch kategori\u00ed. Organiz\u00e1to\u0159i upozor\u0148uj\u00ed, \u017ee startovn\u00ed \u010d\u00edsla a \u010dipy ze soboty nez\u016fst\u00e1vaj\u00ed i na ned\u011bln\u00ed z\u00e1vod. Pochopiteln\u011b st\u00e1le [&hellip;]<\/p>\n","protected":false},"author":8,"featured_media":4361,"comment_status":"closed","ping_status":"open","sticky":false,"template":"","format":"standard","meta":{"footnotes":""},"categories":[2,18],"tags":[11],"class_list":["post-4636","post","type-post","status-publish","format-standard","has-post-thumbnail","hentry","category-novinky","category-silnice","tag-silnice"],"_links":{"self":[{"href":"https:\/\/www.czechcyclingfederation.com\/en\/wp-json\/wp\/v2\/posts\/4636","targetHints":{"allow":["GET"]}}],"collection":[{"href":"https:\/\/www.czechcyclingfederation.com\/en\/wp-json\/wp\/v2\/posts"}],"about":[{"href":"https:\/\/www.czechcyclingfederation.com\/en\/wp-json\/wp\/v2\/types\/post"}],"author":[{"embeddable":true,"href":"https:\/\/www.czechcyclingfederation.com\/en\/wp-json\/wp\/v2\/users\/8"}],"replies":[{"embeddable":true,"href":"https:\/\/www.czechcyclingfederation.com\/en\/wp-json\/wp\/v2\/comments?post=4636"}],"version-history":[{"count":6,"href":"https:\/\/www.czechcyclingfederation.com\/en\/wp-json\/wp\/v2\/posts\/4636\/revisions"}],"predecessor-version":[{"id":4651,"href":"https:\/\/www.czechcyclingfederation.com\/en\/wp-json\/wp\/v2\/posts\/4636\/revisions\/4651"}],"wp:featuredmedia":[{"embeddable":true,"href":"https:\/\/www.czechcyclingfederation.com\/en\/wp-json\/wp\/v2\/media\/4361"}],"wp:attachment":[{"href":"https:\/\/www.czechcyclingfederation.com\/en\/wp-json\/wp\/v2\/media?parent=4636"}],"wp:term":[{"taxonomy":"category","embeddable":true,"href":"https:\/\/www.czechcyclingfederation.com\/en\/wp-json\/wp\/v2\/categories?post=4636"},{"taxonomy":"post_tag","embeddable":true,"href":"https:\/\/www.czechcyclingfederation.com\/en\/wp-json\/wp\/v2\/tags?post=4636"}],"curies":[{"name":"wp","href":"https:\/\/api.w.org\/{rel}","templated":true}]}}